{"id":176389,"date":"2023-06-16T11:06:06","date_gmt":"2023-06-16T08:06:06","guid":{"rendered":"https:\/\/www.enerjigazetesi.ist\/?p=176389"},"modified":"2023-06-16T11:15:53","modified_gmt":"2023-06-16T08:15:53","slug":"yapilarda-donusum-zirvesi-03-04-ekim-2023-tarihlerinde-duzenlenecek","status":"publish","type":"post","link":"https:\/\/www.enerjigazetesi.ist\/en\/yapilarda-donusum-zirvesi-03-04-ekim-2023-tarihlerinde-duzenlenecek\/","title":{"rendered":"(Turkish) Yap\u0131larda D\u00f6n\u00fc\u015f\u00fcm Zirvesi 03-04 Ekim 2023 Tarihlerinde D\u00fczenlenecek"},"content":{"rendered":"<p class=\"qtranxs-available-languages-message qtranxs-available-languages-message-en\">Sorry, this entry is only available in <a href=\"https:\/\/www.enerjigazetesi.ist\/tr\/wp-json\/wp\/v2\/posts\/176389\" class=\"qtranxs-available-language-link qtranxs-available-language-link-tr\" title=\"Turkish\">Turkish<\/a>. For the sake of viewer convenience, the content is shown below in the alternative language. You may click the link to switch the active language.<\/p><p><\/p>\n<h2>Yap\u0131larda D\u00f6n\u00fc\u015f\u00fcm Zirvesi 3 &#8211; 4 Ekim 2023 tarihlerinde Y\u0131ld\u0131z Teknik \u00dcniversitesi Davutpa\u015fa Kongre ve K\u00fclt\u00fcr Merkezi&#8217;nde ger\u00e7ekle\u015fecek.<img loading=\"lazy\" class=\"alignright wp-image-176392\" src=\"https:\/\/www.enerjigazetesi.ist\/wp-content\/uploads\/2023\/06\/yapilarda-donusum-zirvesi-03-04-ekim-2023-tarihlerinde-duzenlenecek.jpg\" alt=\"\" width=\"300\" height=\"365\" srcset=\"https:\/\/www.enerjigazetesi.ist\/wp-content\/uploads\/2023\/06\/yapilarda-donusum-zirvesi-03-04-ekim-2023-tarihlerinde-duzenlenecek.jpg 394w, https:\/\/www.enerjigazetesi.ist\/wp-content\/uploads\/2023\/06\/yapilarda-donusum-zirvesi-03-04-ekim-2023-tarihlerinde-duzenlenecek-246x300.jpg 246w, https:\/\/www.enerjigazetesi.ist\/wp-content\/uploads\/2023\/06\/yapilarda-donusum-zirvesi-03-04-ekim-2023-tarihlerinde-duzenlenecek-328x400.jpg 328w, https:\/\/www.enerjigazetesi.ist\/wp-content\/uploads\/2023\/06\/yapilarda-donusum-zirvesi-03-04-ekim-2023-tarihlerinde-duzenlenecek-41x50.jpg 41w\" sizes=\"(max-width: 300px) 100vw, 300px\" \/><\/h2>\n<p><strong>Y\u0131ld\u0131z Teknik \u00dcniversitesi ve \u00a0Odakl\u0131 Grup<\/strong> i\u015f birli\u011fi ile <strong>Gayrimenkul Yat\u0131r\u0131mc\u0131lar\u0131 Derne\u011fi (GYODER) ve \u0130stanbul \u0130n\u015faat\u00e7\u0131lar Derne\u011fi\u2019nin (\u0130NDER)<\/strong> stratejik destekleriyle d\u00fczenlenecek olan &#8220;Yap\u0131larda D\u00f6n\u00fc\u015f\u00fcm Zirvesi&#8221; <strong>3 &#8211; 4 Ekim 2023<\/strong> tarihlerinde <strong>Y\u0131ld\u0131z Teknik \u00dcniversitesi Davutpa\u015fa Kongre ve K\u00fclt\u00fcr Merkezi&#8217;nde<\/strong> ger\u00e7ekle\u015fecek.<\/p>\n<p><strong>\u2018\u2019S\u00fcrd\u00fcr\u00fclebilir D\u00f6n\u00fc\u015f\u00fcm\u2018\u2019<\/strong> ana temas\u0131yla d\u00fczenlenecek olan\u00a0 <strong>&#8220;Yap\u0131larda D\u00f6n\u00fc\u015f\u00fcm Zirvesi&#8221;<\/strong>, in\u015faat ve finans sekt\u00f6r\u00fcn\u00fc, yerel y\u00f6netim temsilcilerini, kamu ve \u00f6zel sekt\u00f6r profesyonelleri ile sekt\u00f6r temsilcilerini\u00a0bir araya getiriyor. Sekt\u00f6r\u00fcn t\u00fcm payda\u015flar\u0131n\u0131n bir arada olaca\u011f\u0131 zirvede, gayrimenkul sekt\u00f6r\u00fcn de<strong> s\u00fcrd\u00fcrebilirlik <\/strong>ve <strong>d\u00f6n\u00fc\u015f\u00fcm<\/strong> t\u00fcm y\u00f6nleriyle ele al\u0131nacak.<\/p>\n<p><strong>&#8220;Yap\u0131larda D\u00f6n\u00fc\u015f\u00fcm Zirvesi&#8221;<\/strong> , Gayrimenkul Sekt\u00f6r\u00fcnde <strong>Gelecek Projeksiyon, Kentsel D\u00f6n\u00fc\u015f\u00fcmde Finansal Riskler, K\u0131s\u0131tlar ve F\u0131rsatlar, D\u00f6n\u00fc\u015f\u00fcmde Dijitalle\u015fme, Bina Teknolojileri, Kentsel D\u00f6n\u00fc\u015f\u00fcmde Afet Y\u00f6netimi, Gelece\u011fe Haz\u0131r S\u00fcrd\u00fcr\u00fclebilir Yap\u0131lar, Yerel Y\u00f6netimlerde Kentsel Gelecek, Enerji Verimlili\u011fi, Uygulama ve Malzeme Se\u00e7imi, S\u0131f\u0131r Ev ve Mimarl\u0131k ve Kent Esteti\u011fi<\/strong> gibi sekt\u00f6r\u00fcn \u00f6nemli konular\u0131n\u00a0 konusunda uzman kat\u0131l\u0131mc\u0131lar taraf\u0131ndan tart\u0131\u015f\u0131laca\u011f\u0131 bir platform olacak.<\/p>","protected":false},"excerpt":{"rendered":"<p>Sorry, this entry is only available in Turkish. For the sake of viewer convenience, the content is shown below in the alternative language. You may click the link to switch the active language. Yap\u0131larda D\u00f6n\u00fc\u015f\u00fcm Zirvesi 3 &#8211; 4 Ekim 2023 tarihlerinde Y\u0131ld\u0131z Teknik \u00dcniversitesi Davutpa\u015fa Kongre ve K\u00fclt\u00fcr Merkezi&#8217;nde ger\u00e7ekle\u015fecek. Y\u0131ld\u0131z Teknik \u00dcniversitesi ve [&hellip;]<\/p>\n","protected":false},"author":1,"featured_media":176392,"comment_status":"open","ping_status":"open","sticky":false,"template":"","format":"standard","meta":[],"categories":[53,52],"tags":[2736,3006,46460,109798],"views":63,"_links":{"self":[{"href":"https:\/\/www.enerjigazetesi.ist\/en\/wp-json\/wp\/v2\/posts\/176389"}],"collection":[{"href":"https:\/\/www.enerjigazetesi.ist\/en\/wp-json\/wp\/v2\/posts"}],"about":[{"href":"https:\/\/www.enerjigazetesi.ist\/en\/wp-json\/wp\/v2\/types\/post"}],"author":[{"embeddable":true,"href":"https:\/\/www.enerjigazetesi.ist\/en\/wp-json\/wp\/v2\/users\/1"}],"replies":[{"embeddable":true,"href":"https:\/\/www.enerjigazetesi.ist\/en\/wp-json\/wp\/v2\/comments?post=176389"}],"version-history":[{"count":0,"href":"https:\/\/www.enerjigazetesi.ist\/en\/wp-json\/wp\/v2\/posts\/176389\/revisions"}],"wp:featuredmedia":[{"embeddable":true,"href":"https:\/\/www.enerjigazetesi.ist\/en\/wp-json\/wp\/v2\/media\/176392"}],"wp:attachment":[{"href":"https:\/\/www.enerjigazetesi.ist\/en\/wp-json\/wp\/v2\/media?parent=176389"}],"wp:term":[{"taxonomy":"category","embeddable":true,"href":"https:\/\/www.enerjigazetesi.ist\/en\/wp-json\/wp\/v2\/categories?post=176389"},{"taxonomy":"post_tag","embeddable":true,"href":"https:\/\/www.enerjigazetesi.ist\/en\/wp-json\/wp\/v2\/tags?post=176389"}],"curies":[{"name":"wp","href":"https:\/\/api.w.org\/{rel}","templated":true}]}}