{"id":176376,"date":"2023-06-15T16:14:46","date_gmt":"2023-06-15T13:14:46","guid":{"rendered":"https:\/\/www.enerjigazetesi.ist\/?p=176376"},"modified":"2023-06-15T16:16:26","modified_gmt":"2023-06-15T13:16:26","slug":"macaristan-heyeti-akkuyu-nukleer-guc-santrali-sahasi-ni-ziyaret-etti","status":"publish","type":"post","link":"https:\/\/www.enerjigazetesi.ist\/en\/macaristan-heyeti-akkuyu-nukleer-guc-santrali-sahasi-ni-ziyaret-etti\/","title":{"rendered":"(Turkish) Macaristan Heyeti Akkuyu N\u00fckleer G\u00fc\u00e7 Santrali Sahas\u0131n\u0131 Ziyaret Etti"},"content":{"rendered":"<p class=\"qtranxs-available-languages-message qtranxs-available-languages-message-en\">Sorry, this entry is only available in <a href=\"https:\/\/www.enerjigazetesi.ist\/tr\/wp-json\/wp\/v2\/posts\/176376\" class=\"qtranxs-available-language-link qtranxs-available-language-link-tr\" title=\"Turkish\">Turkish<\/a>. For the sake of viewer convenience, the content is shown below in the alternative language. You may click the link to switch the active language.<\/p><p><\/p>\n<h2>Macaristan\u2019\u0131n Paks b\u00f6lgesi belediye ba\u015fkanlar\u0131 ve beraberlerindeki heyet, Akkuyu N\u00fckleer G\u00fc\u00e7 Santrali (NGS) in\u015faat sahas\u0131n\u0131 ziyaret etti. \u0130n\u015faat sahas\u0131n\u0131 gezen heyet, Akkuyu NGS projesi hakk\u0131nda detayl\u0131 bilgi almalar\u0131n\u0131n ard\u0131ndan Silifke\u2019nin yerel y\u00f6neticileriyle de bir araya geldi.<\/h2>\n<p>Akkuyu NGS \u0130n\u015faat M\u00fcd\u00fcr Yard\u0131mc\u0131s\u0131 Dmitry Romanets\u2019in e\u015flik etti\u011fi Macar heyeti, projenin ana ula\u015f\u0131m merkezi olan Do\u011fu Kargo Terminali\u2019ni, 2\u2019nci \u00dcnite\u2019nin pompa istasyonu in\u015faat sahas\u0131n\u0131 ve ba\u011flant\u0131 par\u00e7alar\u0131 \u00fcretim at\u00f6lyesini ziyaret etti. Tur, <strong>Akkuyu NGS in\u015faat sahas\u0131n\u0131n ku\u015fbak\u0131\u015f\u0131 izlenebildi\u011fi<\/strong> <strong>seyir tepesinde<\/strong> sona erdi.<\/p>\n<p><img loading=\"lazy\" class=\"alignright wp-image-176380\" src=\"https:\/\/www.enerjigazetesi.ist\/wp-content\/uploads\/2023\/06\/02-4.jpg\" alt=\"\" width=\"320\" height=\"214\" srcset=\"https:\/\/www.enerjigazetesi.ist\/wp-content\/uploads\/2023\/06\/02-4.jpg 550w, https:\/\/www.enerjigazetesi.ist\/wp-content\/uploads\/2023\/06\/02-4-300x200.jpg 300w, https:\/\/www.enerjigazetesi.ist\/wp-content\/uploads\/2023\/06\/02-4-500x334.jpg 500w, https:\/\/www.enerjigazetesi.ist\/wp-content\/uploads\/2023\/06\/02-4-75x50.jpg 75w, https:\/\/www.enerjigazetesi.ist\/wp-content\/uploads\/2023\/06\/02-4-450x300.jpg 450w\" sizes=\"(max-width: 320px) 100vw, 320px\" \/>Yap\u0131m a\u015famas\u0131ndaki <strong>Akkuyu NGS&#8217;nin Genel M\u00fcd\u00fcr Birinci Yard\u0131mc\u0131s\u0131 ve Yap\u0131 \u0130\u015fleri Direkt\u00f6r\u00fc Sergey Butckikh<\/strong> konuklara Akkuyu NGS projesinin \u00f6zellikleri hakk\u0131nda ayr\u0131nt\u0131l\u0131 bilgi verdi. Butskikh \u015funlar\u0131 s\u00f6yledi: \u201c<em>Akkuyu NGS projesine olan ilgi genel olarak \u00e7ok y\u00fcksek. \u0130lk parti n\u00fckleer yak\u0131t\u0131n teslim edilmesinden ve sahan\u0131n yeni bir stat\u00fc kazanmas\u0131ndan sonra bu ilgi daha da artt\u0131. Mersin, T\u00fcrkiye Cumhuriyeti&#8217;nin n\u00fckleer end\u00fcstri merkezi haline geliyor. Yurtd\u0131\u015f\u0131ndan yetkililer, i\u015f adamlar\u0131, m\u00fchendisler ve n\u00fckleer end\u00fcstri uzmanlar\u0131ndan olu\u015fan heyetler sahay\u0131 s\u0131k s\u0131k ziyaret ediyor. T\u00fcrkiye, proje ilerledik\u00e7e artan deneyimini payla\u015fabilir hale geldi. Bu deneyim, lisanslama havuzunun olu\u015fturulmas\u0131, tedarik\u00e7ilerin projeye dahil olmas\u0131, n\u00fckleer santral sahas\u0131na ihtiya\u00e7 duydu\u011fu her \u015feyi sa\u011flayacak altyap\u0131n\u0131n kurulmas\u0131 ve \u00e7ok daha fazlas\u0131n\u0131 kaps\u0131yor.\u201d<\/em><\/p>\n<p>Akkuyu sahas\u0131n\u0131 ziyaret ettikten sonra Akkuyu NGS in\u015faat sahas\u0131nda incelemelerde bulunan <strong>Macar heyeti, Silifke Belediye Ba\u015fkan\u0131 Sad\u0131k Altunok, Silifke Ticaret ve Sanayi Odas\u0131 Ba\u015fkan\u0131 Nurettin Kaynar ve Silifke Ziraat Odas\u0131 Ba\u015fkan\u0131 Cafer Doygun<\/strong> ile bir araya geldi.<\/p>\n<p>Silifke\u2019nin yerel y\u00f6neticileri Akkuyu NGS ile ba\u011flant\u0131l\u0131 olarak b\u00f6lgede <strong>ekonominin, ticaretin, tar\u0131m <img loading=\"lazy\" class=\"alignleft wp-image-176378\" src=\"https:\/\/www.enerjigazetesi.ist\/wp-content\/uploads\/2023\/06\/01-4.jpg\" alt=\"\" width=\"320\" height=\"214\" srcset=\"https:\/\/www.enerjigazetesi.ist\/wp-content\/uploads\/2023\/06\/01-4.jpg 550w, https:\/\/www.enerjigazetesi.ist\/wp-content\/uploads\/2023\/06\/01-4-300x200.jpg 300w, https:\/\/www.enerjigazetesi.ist\/wp-content\/uploads\/2023\/06\/01-4-500x334.jpg 500w, https:\/\/www.enerjigazetesi.ist\/wp-content\/uploads\/2023\/06\/01-4-75x50.jpg 75w, https:\/\/www.enerjigazetesi.ist\/wp-content\/uploads\/2023\/06\/01-4-450x300.jpg 450w\" sizes=\"(max-width: 320px) 100vw, 320px\" \/>ve turizmin<\/strong> b\u00fcy\u00fck \u00f6l\u00e7ekte geli\u015fti\u011fini ifade ettiler. Silifke Belediye Ba\u015fkan\u0131 Sad\u0131k Altunok, proje sayesinde pek \u00e7ok ki\u015finin b\u00f6lgeye geldi\u011fini ve aktif olarak \u00e7al\u0131\u015ft\u0131\u011f\u0131n\u0131, yerel \u00fcreticilerin \u00fcr\u00fcnlerine olan talebin artt\u0131\u011f\u0131n\u0131 belirtti. Altunok, Akkuyu NGS projesinin <strong>b\u00f6lgedeki i\u015fsizli\u011fin \u00f6nemli \u00f6l\u00e7\u00fcde azalmas\u0131na katk\u0131da bulundu\u011funu<\/strong> s\u00f6zlerine ekledi. Yetkililerin g\u00f6r\u00fc\u015fmesinin ard\u0131ndan <strong>Paks Belediye Ba\u015fkan\u0131 Peter Szabo, Paks ve Silifke belediyeleri<\/strong> aras\u0131nda i\u015fbirli\u011fi ba\u015flat\u0131lmas\u0131na karar verdi.<\/p>\n<p>Ziyaretin sonunda Macar heyet, modern \u00fcretim i\u015fletmelerinin bulundu\u011fu<strong> Silifke Organize Sanayi B\u00f6lgesi&#8217;ni<\/strong> ziyaret etti.<\/p>\n<p>Kalo\u010da Belediye Ba\u015fkan\u0131 ve Macaristan Kamu Denetimi, Bilgilendirme ve B\u00f6lgesel Kalk\u0131nma Derne\u011fi (TEIT) Ba\u015fkan\u0131 <strong>Geza Filvig<\/strong> de ziyarete ili\u015fkin \u015funlar\u0131 vurgulad\u0131: \u201c<em>Akkuyu NGS in\u015faat sahas\u0131n\u0131 ziyaret etti\u011fimizde, <strong>d\u00f6rt g\u00fc\u00e7 \u00fcnitesinin e\u015f zamanl\u0131 olarak in\u015fa edilmesinden<\/strong> ve organizasyondan \u00e7ok etkilendik. <strong>Rus teknolojisi<\/strong> kullan\u0131larak in\u015fa edilen ve <strong>Macaristan&#8217;\u0131n elektri\u011finin yar\u0131s\u0131n\u0131 \u00fcreten Paks<\/strong>, <strong>on y\u0131l\u0131 a\u015fk\u0131n s\u00fcredir g\u00fcvenli \u015fekilde faaliyet g\u00f6steriyor.<\/strong> G\u00fcvenilir ve emniyetli <strong>3+ nesil reakt\u00f6rleriyle<\/strong> Akkuyu NGS de \u00fclkeye onlarca y\u0131l ihtiya\u00e7 duydu\u011fu <strong>elektri\u011fi<\/strong> ve <strong>b\u00f6lgenin istikrarl\u0131 kalk\u0131nmas\u0131na<\/strong> b\u00fcy\u00fck katk\u0131 sa\u011flayacak<\/em>.\u201d<\/p>","protected":false},"excerpt":{"rendered":"<p>Sorry, this entry is only available in Turkish. For the sake of viewer convenience, the content is shown below in the alternative language. You may click the link to switch the active language. Macaristan\u2019\u0131n Paks b\u00f6lgesi belediye ba\u015fkanlar\u0131 ve beraberlerindeki heyet, Akkuyu N\u00fckleer G\u00fc\u00e7 Santrali (NGS) in\u015faat sahas\u0131n\u0131 ziyaret etti. \u0130n\u015faat sahas\u0131n\u0131 gezen heyet, Akkuyu [&hellip;]<\/p>\n","protected":false},"author":1,"featured_media":176379,"comment_status":"open","ping_status":"open","sticky":false,"template":"","format":"standard","meta":[],"categories":[53,43],"tags":[3019,13232,1303,109794,109795,19356],"views":35,"_links":{"self":[{"href":"https:\/\/www.enerjigazetesi.ist\/en\/wp-json\/wp\/v2\/posts\/176376"}],"collection":[{"href":"https:\/\/www.enerjigazetesi.ist\/en\/wp-json\/wp\/v2\/posts"}],"about":[{"href":"https:\/\/www.enerjigazetesi.ist\/en\/wp-json\/wp\/v2\/types\/post"}],"author":[{"embeddable":true,"href":"https:\/\/www.enerjigazetesi.ist\/en\/wp-json\/wp\/v2\/users\/1"}],"replies":[{"embeddable":true,"href":"https:\/\/www.enerjigazetesi.ist\/en\/wp-json\/wp\/v2\/comments?post=176376"}],"version-history":[{"count":0,"href":"https:\/\/www.enerjigazetesi.ist\/en\/wp-json\/wp\/v2\/posts\/176376\/revisions"}],"wp:featuredmedia":[{"embeddable":true,"href":"https:\/\/www.enerjigazetesi.ist\/en\/wp-json\/wp\/v2\/media\/176379"}],"wp:attachment":[{"href":"https:\/\/www.enerjigazetesi.ist\/en\/wp-json\/wp\/v2\/media?parent=176376"}],"wp:term":[{"taxonomy":"category","embeddable":true,"href":"https:\/\/www.enerjigazetesi.ist\/en\/wp-json\/wp\/v2\/categories?post=176376"},{"taxonomy":"post_tag","embeddable":true,"href":"https:\/\/www.enerjigazetesi.ist\/en\/wp-json\/wp\/v2\/tags?post=176376"}],"curies":[{"name":"wp","href":"https:\/\/api.w.org\/{rel}","templated":true}]}}