{"id":176366,"date":"2023-06-15T15:19:18","date_gmt":"2023-06-15T12:19:18","guid":{"rendered":"https:\/\/www.enerjigazetesi.ist\/?p=176366"},"modified":"2023-06-15T15:19:18","modified_gmt":"2023-06-15T12:19:18","slug":"3uncu-nukleer-santral-projesi-icin-cin-nppese-katilacak","status":"publish","type":"post","link":"https:\/\/www.enerjigazetesi.ist\/en\/3uncu-nukleer-santral-projesi-icin-cin-nppese-katilacak\/","title":{"rendered":"(Turkish) 3&#8217;\u00fcnc\u00fc N\u00fckleer Santral Projesi \u0130\u00e7in &#8216;\u00c7in&#8217; NPPES\u2019e Kat\u0131lacak"},"content":{"rendered":"<p class=\"qtranxs-available-languages-message qtranxs-available-languages-message-en\">Sorry, this entry is only available in <a href=\"https:\/\/www.enerjigazetesi.ist\/tr\/wp-json\/wp\/v2\/posts\/176366\" class=\"qtranxs-available-language-link qtranxs-available-language-link-tr\" title=\"Turkish\">Turkish<\/a>. For the sake of viewer convenience, the content is shown below in the alternative language. You may click the link to switch the active language.<\/p><p><\/p>\n<h2><strong>\u00c7in\u2019in dev enerji firmas\u0131 SPIC, T\u00fcrkiye\u2019de kurulmas\u0131 planlanan 3&#8217;\u00fcnc\u00fc n\u00fckleer enerji santrali projesi i\u00e7in g\u00f6r\u00fc\u015fmeler yapmak amac\u0131yla 5. N\u00fckleer Santraller Fuar\u0131 ve 9. N\u00fckleer Santraller Zirvesi &#8211; NPPES\u2019e kat\u0131lacak.<\/strong><\/h2>\n<p><strong>\u00c7in\u2019in Devlet Enerji Yat\u0131r\u0131m \u015eirketi (SPIC)<\/strong>, tedarik zincirine <strong>T\u00fcrk firmalar\u0131n\u0131 katmak<\/strong> i\u00e7in \u0130stanbul\u2019da d\u00fczenlenecek <strong>5. N\u00fckleer Santraller Fuar\u0131<\/strong> ve <strong>9. N\u00fckleer Santraller Zirvesi &#8211; NPPES<\/strong>\u2019e kat\u0131lacak. 46 \u00fclkede faaliyet g\u00f6steren, 130 binin \u00fczerinde \u00e7al\u0131\u015fan\u0131 bulunan SPIC firmas\u0131 temsilcileri, <strong>\u00fc\u00e7\u00fcnc\u00fc n\u00fckleer santral projesi<\/strong> i\u00e7in <strong>ikili g\u00f6r\u00fc\u015fmelerde<\/strong> bulunacak.<\/p>\n<h3><strong><img loading=\"lazy\" class=\"alignright wp-image-176368\" src=\"https:\/\/www.enerjigazetesi.ist\/wp-content\/uploads\/2023\/06\/3uncu-nukleer-santral-projesi-icin-cin-nppese-katilacak.jpg\" alt=\"\" width=\"320\" height=\"320\" srcset=\"https:\/\/www.enerjigazetesi.ist\/wp-content\/uploads\/2023\/06\/3uncu-nukleer-santral-projesi-icin-cin-nppese-katilacak.jpg 550w, https:\/\/www.enerjigazetesi.ist\/wp-content\/uploads\/2023\/06\/3uncu-nukleer-santral-projesi-icin-cin-nppese-katilacak-300x300.jpg 300w, https:\/\/www.enerjigazetesi.ist\/wp-content\/uploads\/2023\/06\/3uncu-nukleer-santral-projesi-icin-cin-nppese-katilacak-150x150.jpg 150w, https:\/\/www.enerjigazetesi.ist\/wp-content\/uploads\/2023\/06\/3uncu-nukleer-santral-projesi-icin-cin-nppese-katilacak-400x400.jpg 400w, https:\/\/www.enerjigazetesi.ist\/wp-content\/uploads\/2023\/06\/3uncu-nukleer-santral-projesi-icin-cin-nppese-katilacak-50x50.jpg 50w, https:\/\/www.enerjigazetesi.ist\/wp-content\/uploads\/2023\/06\/3uncu-nukleer-santral-projesi-icin-cin-nppese-katilacak-100x100.jpg 100w, https:\/\/www.enerjigazetesi.ist\/wp-content\/uploads\/2023\/06\/3uncu-nukleer-santral-projesi-icin-cin-nppese-katilacak-500x500.jpg 500w\" sizes=\"(max-width: 320px) 100vw, 320px\" \/>NPPES ASO ve NSD taraf\u0131ndan d\u00fczenleniyor<\/strong><\/h3>\n<p>Enerji ve Tabii Kaynaklar Bakanl\u0131\u011f\u0131\u2019n\u0131n destekleriyle<strong> Ankara\u00a0Sanayi\u00a0Odas\u0131 (ASO)<\/strong> ve\u00a0<strong>N\u00fckleer\u00a0Sanayi\u00a0Derne\u011fi\u00a0(NSD)<\/strong> taraf\u0131ndan d\u00fczenlenen NPPES,<strong> 21-22 Haziran 2023<\/strong> tarihlerinde <strong>\u0130stanbul\u2019da<\/strong> ger\u00e7ekle\u015fecek.<\/p>\n<h3><strong>\u00c7in n\u00fckleer enerjide k\u00fcresel bir lider<\/strong><\/h3>\n<p><strong>Ankara Sanayi Odas\u0131 Ba\u015fkan\u0131 Seyit Ard\u0131\u00e7,\u00a0<\/strong><em>\u201cT\u00fcrkiye\u2019nin istikrarl\u0131 ve kararl\u0131 n\u00fckleer enerji hamlesi, t\u00fcm d\u00fcnya taraf\u0131ndan yak\u0131ndan takip ediliyor. N\u00fckleer enerjide k\u00fcresel bir lider olan <strong>\u00c7in\u2019in yeni yat\u0131r\u0131mlar\u0131<\/strong> i\u00e7in <strong>NPPES\u2019e kat\u0131lmas\u0131<\/strong> son derece \u00f6nemli. T\u00fcrk sanayicilerini de d\u00fcnyan\u0131n bu b\u00fcy\u00fck oyuncusunun tedarik zincirinin bir par\u00e7as\u0131 olmak i\u00e7in NPPES\u2019te \u00f6nemli f\u0131rsatlar bekliyor\u201d<\/em> diye konu\u015ftu.<\/p>\n<p><strong>N\u00fckleer Sanayi Derne\u011fi Ba\u015fkan\u0131 Alikaan \u00c7ift\u00e7i\u00a0<\/strong>ise \u015funlar\u0131 s\u00f6yledi:<em> \u201c\u00c7in\u2019de <strong>50\u2019den fazla<\/strong> aktif n\u00fckleer g\u00fc\u00e7 \u00fcnitesi bulunuyor ve <strong>24\u2019\u00fc<\/strong> de yap\u0131m a\u015famas\u0131nda. 2035 y\u0131l\u0131na kadar \u00c7in, elektrik \u00fcretiminde n\u00fckleerin pay\u0131n\u0131 <strong>y\u00fczde 10\u2019a<\/strong> \u00e7\u0131karmay\u0131 hedefliyor. D\u00fcnyada da bir\u00e7ok \u00fclkede yat\u0131r\u0131m\u0131 bulunan <strong>\u00c7in Devlet Enerji Yat\u0131r\u0131m \u015eirketi SPIC<\/strong>\u2019in temsilcileri<strong> NPPES\u2019e<\/strong> kat\u0131lacak. Global tecr\u00fcbesiyle dikkat \u00e7eken SPIC firmas\u0131, \u00fclkemizde planlanan <strong>\u00fc\u00e7\u00fcnc\u00fc n\u00fckleer santral projesinin<\/strong> <strong>kurulumu<\/strong> i\u00e7in<strong> karar vericiler, akademisyenler<\/strong> ve<strong> sanayicilerle g\u00f6r\u00fc\u015fmeler<\/strong> ger\u00e7ekle\u015ftirecek.\u201d<\/em><\/p>\n<p>D\u00fcnyan\u0131n say\u0131l\u0131 n\u00fckleer enerji etkinliklerinden biri kabul edilen <strong>NPPES<\/strong>, <strong>Yeni N\u00fckleer \u0130zleme Enstit\u00fcs\u00fc (New Nuclear Watch Institute &#8211; NNWI)<\/strong> ile Rusya\u2019n\u0131n <strong>N\u00fckleer Sanayii \u0130n\u015faat Kompleksi Kurulu\u015flar\u0131 Derne\u011fi<\/strong> (Association of Organizations of the Construction Complex of the Nuclear Industry<strong>\u00a0<\/strong>&#8211;<strong>\u00a0<\/strong>ACCNI) taraf\u0131ndan da destekleniyor.<\/p>\n<p><strong>5. N\u00fckleer Santraller Fuar\u0131 ve 9. N\u00fckleer Santraller Zirvesi<\/strong> hakk\u0131nda daha detayl\u0131 bilgi almak isteyenler <a href=\"http:\/\/www.nuclearpowerplantsexpo.com\" target=\"_blank\" rel=\"noopener\">www.nuclearpowerplantsexpo.com <\/a>adresini ziyaret edebilir.<\/p>","protected":false},"excerpt":{"rendered":"<p>Sorry, this entry is only available in Turkish. For the sake of viewer convenience, the content is shown below in the alternative language. You may click the link to switch the active language. \u00c7in\u2019in dev enerji firmas\u0131 SPIC, T\u00fcrkiye\u2019de kurulmas\u0131 planlanan 3&#8217;\u00fcnc\u00fc n\u00fckleer enerji santrali projesi i\u00e7in g\u00f6r\u00fc\u015fmeler yapmak amac\u0131yla 5. N\u00fckleer Santraller Fuar\u0131 ve [&hellip;]<\/p>\n","protected":false},"author":1,"featured_media":176368,"comment_status":"open","ping_status":"open","sticky":false,"template":"","format":"standard","meta":[],"categories":[53,43],"tags":[109790,109791,109792,66810,19356,106629],"views":44,"_links":{"self":[{"href":"https:\/\/www.enerjigazetesi.ist\/en\/wp-json\/wp\/v2\/posts\/176366"}],"collection":[{"href":"https:\/\/www.enerjigazetesi.ist\/en\/wp-json\/wp\/v2\/posts"}],"about":[{"href":"https:\/\/www.enerjigazetesi.ist\/en\/wp-json\/wp\/v2\/types\/post"}],"author":[{"embeddable":true,"href":"https:\/\/www.enerjigazetesi.ist\/en\/wp-json\/wp\/v2\/users\/1"}],"replies":[{"embeddable":true,"href":"https:\/\/www.enerjigazetesi.ist\/en\/wp-json\/wp\/v2\/comments?post=176366"}],"version-history":[{"count":0,"href":"https:\/\/www.enerjigazetesi.ist\/en\/wp-json\/wp\/v2\/posts\/176366\/revisions"}],"wp:featuredmedia":[{"embeddable":true,"href":"https:\/\/www.enerjigazetesi.ist\/en\/wp-json\/wp\/v2\/media\/176368"}],"wp:attachment":[{"href":"https:\/\/www.enerjigazetesi.ist\/en\/wp-json\/wp\/v2\/media?parent=176366"}],"wp:term":[{"taxonomy":"category","embeddable":true,"href":"https:\/\/www.enerjigazetesi.ist\/en\/wp-json\/wp\/v2\/categories?post=176366"},{"taxonomy":"post_tag","embeddable":true,"href":"https:\/\/www.enerjigazetesi.ist\/en\/wp-json\/wp\/v2\/tags?post=176366"}],"curies":[{"name":"wp","href":"https:\/\/api.w.org\/{rel}","templated":true}]}}