{"id":17632,"date":"2013-11-14T18:14:43","date_gmt":"2013-11-14T15:14:43","guid":{"rendered":"https:\/\/www.enerjigazetesi.ist\/?p=17632"},"modified":"2013-11-14T18:14:43","modified_gmt":"2013-11-14T15:14:43","slug":"iklim-muzakerelerinde-gunun-fosili-turkiye-secildi","status":"publish","type":"post","link":"https:\/\/www.enerjigazetesi.ist\/en\/iklim-muzakerelerinde-gunun-fosili-turkiye-secildi\/","title":{"rendered":"(Turkish) \u0130klim M\u00fczakerelerinde G\u00fcn\u00fcn Fosili T\u00fcrkiye Se\u00e7ildi&#8230;"},"content":{"rendered":"<p class=\"qtranxs-available-languages-message qtranxs-available-languages-message-en\">Sorry, this entry is only available in <a href=\"https:\/\/www.enerjigazetesi.ist\/tr\/wp-json\/wp\/v2\/posts\/17632\" class=\"qtranxs-available-language-link qtranxs-available-language-link-tr\" title=\"Turkish\">Turkish<\/a>. For the sake of viewer convenience, the content is shown below in the alternative language. You may click the link to switch the active language.<\/p><p><strong>Polonya\u2019n\u0131n Var\u015fova kentinde ger\u00e7ekle\u015fen Birle\u015fmi\u015f Milletler \u0130klim De\u011fi\u015fikli\u011fi \u00c7er\u00e7eve S\u00f6zle\u015fmesi 19. Taraflar Konferans\u0131\u2019n\u0131n \u00fc\u00e7\u00fcnc\u00fc g\u00fcn\u00fcnde T\u00fcrkiye, G\u00fcn\u00fcn Fosili se\u00e7ildi. 800\u2032den fazla sivil toplum kurulu\u015fundan olu\u015fan Climate Action Network (CAN \u2013 \u0130klim Eylem A\u011f\u0131) taraf\u0131ndan organize edilen \u201cG\u00fcn\u00fcn Fosili\u201d \u00f6d\u00fcl\u00fc, m\u00fczakereleri t\u0131kayan veya iklim de\u011fi\u015fikli\u011fiyle m\u00fccadelenin gerektirdi\u011fi aciliyet ve ciddiyetle hareket etmeyen \u00fclkelere veriliyor. T\u00fcrkiye, 2011 y\u0131l\u0131nda Durban ve 2012 y\u0131l\u0131nda Doha\u2019da oldu\u011fu gibi yine G\u00fcn\u00fcn Fosili \u00d6d\u00fcl\u00fc\u2019n\u00fcn sahibi oldu.<\/strong><\/p>\n<p>G\u00fcn\u00fcn Fosili \u00f6d\u00fcl\u00fcn\u00fcn \u00fc\u00e7\u00fcnc\u00fc kez T\u00fcrkiye\u2019ye verilmesini de\u011ferlendiren \u0130klim A\u011f\u0131 kat\u0131l\u0131mc\u0131lar\u0131, iklim de\u011fi\u015fikl<a href=\"https:\/\/www.enerjigazetesi.ist\/wp-content\/uploads\/2013\/02\/karbon-salinimi-505x280.jpg\"><img loading=\"lazy\" class=\"alignright size-medium wp-image-6106\" title=\"karbon-salinimi\" src=\"https:\/\/www.enerjigazetesi.ist\/wp-content\/uploads\/2013\/02\/karbon-salinimi-505x280-300x166.jpg\" alt=\"\" width=\"300\" height=\"166\" srcset=\"https:\/\/www.enerjigazetesi.ist\/wp-content\/uploads\/2013\/02\/karbon-salinimi-505x280-300x166.jpg 300w, https:\/\/www.enerjigazetesi.ist\/wp-content\/uploads\/2013\/02\/karbon-salinimi-505x280-500x277.jpg 500w, https:\/\/www.enerjigazetesi.ist\/wp-content\/uploads\/2013\/02\/karbon-salinimi-505x280-80x44.jpg 80w, https:\/\/www.enerjigazetesi.ist\/wp-content\/uploads\/2013\/02\/karbon-salinimi-505x280.jpg 505w\" sizes=\"(max-width: 300px) 100vw, 300px\" \/><\/a>i\u011fi konusunda T\u00fcrkiye\u2019nin \u00fczerine d\u00fc\u015feni yapmad\u0131\u011f\u0131n\u0131n uluslararas\u0131 sivil toplum taraf\u0131ndan da a\u00e7\u0131k\u00e7a fark edildi\u011fini belirttiler.<\/p>\n<p>Daha \u00f6nceki y\u0131llarda sera gaz\u0131 emisyonlar\u0131n\u0131 azaltmak i\u00e7in hedef belirlemedi\u011fi ve k\u00f6m\u00fcr yat\u0131r\u0131mlar\u0131 nedeniyle G\u00fcn\u00fcn Fosili se\u00e7ilen T\u00fcrkiye, bu y\u0131l birden fazla sebeple \u00f6d\u00fcle hak kazand\u0131.<\/p>\n<p>\u0130klim De\u011fi\u015fikli\u011fi Koordinasyon Kurulu ile \u0130klim De\u011fi\u015fikli\u011fi Daire Ba\u015fkanl\u0131\u011f\u0131\u2019n\u0131n di\u011fer birimlerle birle\u015ftirilerek etkisizle\u015ftirilmesi ve kurulu\u015f yasas\u0131 itibariyle iklim de\u011fi\u015fikli\u011fi m\u00fczakereleri ile iklim de\u011fi\u015fikli\u011fiyle m\u00fccadeleye ili\u015fkin ulusal ve uluslararas\u0131 karar alma mekanizmalar\u0131nda kilit rol oynamas\u0131 beklenen \u00c7evre ve \u015eehircilik Bakanl\u0131\u011f\u0131\u2019n\u0131n Var\u015fova\u2019daki m\u00fczakerelere kat\u0131lmamas\u0131, T\u00fcrkiye\u2019nin bu y\u0131l da G\u00fcn\u00fcn Fosili \u00f6d\u00fcl\u00fcn\u00fc almas\u0131nda temel rol\u00fc oynad\u0131.<\/p>\n<p>Bununla beraber, <strong>k\u00f6m\u00fcr yat\u0131r\u0131mlar\u0131na<\/strong> sa\u011flanan <strong>bonk\u00f6r te\u015fvikler<\/strong> ve kamunun sahip oldu\u011fu t\u00fcm <strong>elektrik \u00fcretim tesislerinin<\/strong>, \u00f6zelle\u015ftirme kapsam\u0131nda olsalar bile, \u00e7evre mevzuat\u0131 kapsam\u0131nda almalar\u0131 gereken izin ve yapmalar\u0131 gereken yat\u0131r\u0131mlardan 2021 y\u0131l\u0131na kadar muaf tutulmalar\u0131 da T\u00fcrkiye\u2019nin G\u00fcn\u00fcn Fosili se\u00e7ilmesinde etken oldu.<\/p>\n<p>\u0130klim A\u011f\u0131 kat\u0131l\u0131mc\u0131lar\u0131, T\u00fcrkiye\u2019nin fosil yak\u0131t odakl\u0131 politikalar ve uygulamalar yerine d\u00fc\u015f\u00fck karbonlu ekonomiye ge\u00e7i\u015f stratejileri izlemesi ve sera gaz\u0131 sal\u0131mlar\u0131n\u0131 azalt\u0131m hedefi koymas\u0131n\u0131n ya\u015famsal \u00f6nemini bu f\u0131rsat ile tekrar dile getirdiler.<\/p>\n<p>kaynak: <a href=\"http:\/\/enerjienstitusu.com\/2013\/11\/14\/iklim-muzakerelerinde-gunun-fosili-turkiye-secildi\/\" target=\"_blank\">Enerji Enstit\u00fcs\u00fc<\/a><\/p>","protected":false},"excerpt":{"rendered":"<p>Sorry, this entry is only available in Turkish. For the sake of viewer convenience, the content is shown below in the alternative language. You may click the link to switch the active language.Polonya\u2019n\u0131n Var\u015fova kentinde ger\u00e7ekle\u015fen Birle\u015fmi\u015f Milletler \u0130klim De\u011fi\u015fikli\u011fi \u00c7er\u00e7eve S\u00f6zle\u015fmesi 19. Taraflar Konferans\u0131\u2019n\u0131n \u00fc\u00e7\u00fcnc\u00fc g\u00fcn\u00fcnde T\u00fcrkiye, G\u00fcn\u00fcn Fosili se\u00e7ildi. 800\u2032den fazla sivil toplum [&hellip;]<\/p>\n","protected":false},"author":1,"featured_media":6106,"comment_status":"open","ping_status":"open","sticky":false,"template":"","format":"standard","meta":[],"categories":[53],"tags":[10367,10366,10373,63,67,1009,165,10372,10365,6482,1351,10369,10370,10371,9906,10368,10374,846],"views":698,"_links":{"self":[{"href":"https:\/\/www.enerjigazetesi.ist\/en\/wp-json\/wp\/v2\/posts\/17632"}],"collection":[{"href":"https:\/\/www.enerjigazetesi.ist\/en\/wp-json\/wp\/v2\/posts"}],"about":[{"href":"https:\/\/www.enerjigazetesi.ist\/en\/wp-json\/wp\/v2\/types\/post"}],"author":[{"embeddable":true,"href":"https:\/\/www.enerjigazetesi.ist\/en\/wp-json\/wp\/v2\/users\/1"}],"replies":[{"embeddable":true,"href":"https:\/\/www.enerjigazetesi.ist\/en\/wp-json\/wp\/v2\/comments?post=17632"}],"version-history":[{"count":1,"href":"https:\/\/www.enerjigazetesi.ist\/en\/wp-json\/wp\/v2\/posts\/17632\/revisions"}],"predecessor-version":[{"id":17633,"href":"https:\/\/www.enerjigazetesi.ist\/en\/wp-json\/wp\/v2\/posts\/17632\/revisions\/17633"}],"wp:featuredmedia":[{"embeddable":true,"href":"https:\/\/www.enerjigazetesi.ist\/en\/wp-json\/wp\/v2\/media\/6106"}],"wp:attachment":[{"href":"https:\/\/www.enerjigazetesi.ist\/en\/wp-json\/wp\/v2\/media?parent=17632"}],"wp:term":[{"taxonomy":"category","embeddable":true,"href":"https:\/\/www.enerjigazetesi.ist\/en\/wp-json\/wp\/v2\/categories?post=17632"},{"taxonomy":"post_tag","embeddable":true,"href":"https:\/\/www.enerjigazetesi.ist\/en\/wp-json\/wp\/v2\/tags?post=17632"}],"curies":[{"name":"wp","href":"https:\/\/api.w.org\/{rel}","templated":true}]}}