{"id":176286,"date":"2023-06-14T13:51:46","date_gmt":"2023-06-14T10:51:46","guid":{"rendered":"https:\/\/www.enerjigazetesi.ist\/?p=176286"},"modified":"2023-06-14T13:52:10","modified_gmt":"2023-06-14T10:52:10","slug":"enerji-nin-yildizlari-baraj-dersi-icin-oymapinar-hes-i-ziyaret-etti","status":"publish","type":"post","link":"https:\/\/www.enerjigazetesi.ist\/en\/enerji-nin-yildizlari-baraj-dersi-icin-oymapinar-hes-i-ziyaret-etti\/","title":{"rendered":"(Turkish) &#8217;Enerjinin Y\u0131ld\u0131zlar\u0131&#8217; Baraj Dersi \u0130\u00e7in &#8216;Oymap\u0131nar HES&#8217;i Ziyaret Etti"},"content":{"rendered":"<p class=\"qtranxs-available-languages-message qtranxs-available-languages-message-en\">Sorry, this entry is only available in <a href=\"https:\/\/www.enerjigazetesi.ist\/tr\/wp-json\/wp\/v2\/posts\/176286\" class=\"qtranxs-available-language-link qtranxs-available-language-link-tr\" title=\"Turkish\">Turkish<\/a>. For the sake of viewer convenience, the content is shown below in the alternative language. You may click the link to switch the active language.<\/p><p><\/p>\n<h2><strong>2018 y\u0131l\u0131ndan bu yana Enerjinin Y\u0131ld\u0131zlar\u0131 Projesi ile y\u00fczlerce genci sekt\u00f6re kazand\u0131ran <\/strong><strong>AEDA\u015e, Antalya Kepez Mesleki ve Teknik Anadolu Lisesi\u2019nin Y\u00fcksek Gerilim Dal\u0131 12. S\u0131n\u0131f \u00f6\u011frencileri i\u00e7in Oymap\u0131nar Hidroelektrik Santrali\u2019ne teknik gezi d\u00fczenledi.<\/strong><\/h2>\n<p style=\"text-align: center;\"><img loading=\"lazy\" class=\"aligncenter wp-image-176289\" src=\"https:\/\/www.enerjigazetesi.ist\/wp-content\/uploads\/2023\/06\/enerji-nin-yildizlari-baraj-dersi-icin-oymapinar-hes-i-ziyaret-etti-1.jpg\" alt=\"\" width=\"500\" height=\"335\" srcset=\"https:\/\/www.enerjigazetesi.ist\/wp-content\/uploads\/2023\/06\/enerji-nin-yildizlari-baraj-dersi-icin-oymapinar-hes-i-ziyaret-etti-1.jpg 550w, https:\/\/www.enerjigazetesi.ist\/wp-content\/uploads\/2023\/06\/enerji-nin-yildizlari-baraj-dersi-icin-oymapinar-hes-i-ziyaret-etti-1-300x201.jpg 300w, https:\/\/www.enerjigazetesi.ist\/wp-content\/uploads\/2023\/06\/enerji-nin-yildizlari-baraj-dersi-icin-oymapinar-hes-i-ziyaret-etti-1-500x335.jpg 500w, https:\/\/www.enerjigazetesi.ist\/wp-content\/uploads\/2023\/06\/enerji-nin-yildizlari-baraj-dersi-icin-oymapinar-hes-i-ziyaret-etti-1-75x50.jpg 75w\" sizes=\"(max-width: 500px) 100vw, 500px\" \/><\/p>\n<p>Elektrik da\u011f\u0131t\u0131m sekt\u00f6r\u00fcn\u00fcn yeti\u015fmi\u015f eleman ihtiyac\u0131na \u00e7\u00f6z\u00fcm \u00fcretmeyi hedefleyen Enerjinin Y\u0131ld\u0131zlar\u0131 Projesi ile 2018 y\u0131l\u0131ndan beri y\u00fczlerce \u2018y\u0131ld\u0131z\u0131\u2019 sekt\u00f6re kazand\u0131ran Akdeniz Elektrik Da\u011f\u0131t\u0131m A.\u015e. (AEDA\u015e), <strong>Antalya Kepez Mesleki ve Teknik Anadolu Lisesi Y\u00fcksek Gerilim Dal\u0131 12. s\u0131n\u0131f \u00f6\u011frencilerine<\/strong> y\u00f6nelik \u00f6zel bir teknik gezi d\u00fczenledi.<\/p>\n<p><strong>Antalya\u2019da Manavgat Irma\u011f\u0131<\/strong> \u00fczerinde kurulu olan <strong>Oymap\u0131nar Hidroelektrik Santrali\u2019ni (HES)<\/strong> ziyaret eden Enerjinin Y\u0131ld\u0131zlar\u0131, <strong>y\u0131lda 1 milyar 620 milyon kWh<\/strong> elektrik \u00fcretim kapasitesine sahip tesisi yerinde g\u00f6rme ve HES\u2019lerin \u00e7al\u0131\u015fma prensiplerini \u00f6\u011frenme f\u0131rsat\u0131n\u0131 yakalad\u0131. <strong>Antalya Kepez Mesleki ve Teknik Anadolu Lisesi Y\u00fcksek Gerilim Dal\u0131\u2019nda<\/strong> e\u011fitim alan<strong> 17<\/strong> \u00f6\u011frenci ve <strong>3 e\u011fitimcinin<\/strong> kat\u0131ld\u0131\u011f\u0131 geziye, <strong>AEDA\u015e\u2019tan teknik e\u011fitmenler<\/strong> de e\u015flik etti.<\/p>\n<h3><strong>\u201cTEOR\u0130K B\u0130LG\u0130LER, PRAT\u0130\u011eE D\u00d6N\u00dc\u015e\u00dcYOR\u201d<\/strong><\/h3>\n<p>Enerjinin Y\u0131ld\u0131zlar\u0131\u2019n\u0131 yaparak-ya\u015fayarak \u00f6\u011frenme modeli ile destekleyerek sekt\u00f6re haz\u0131rlad\u0131klar\u0131n\u0131 dile getiren <strong>AEDA\u015e Genel M\u00fcd\u00fcr\u00fc \u0130lkay Baydar<\/strong>, <em>\u201cEnerjinin Y\u0131ld\u0131zlar\u0131 Projesi kapsam\u0131nda ger\u00e7ekle\u015ftirdi\u011fimiz teknik geziler, gen\u00e7lerimizin enerji sekt\u00f6r\u00fcne olan ilgisini art\u0131r\u0131rken mesleki geli\u015fimine de b\u00fcy\u00fck katk\u0131 sunuyor. Bu kapsamda Antalya\u2019m\u0131zda bulunan<strong> Oymap\u0131nar HES<\/strong>\u2019e d\u00fczenledi\u011fimiz geziyle, \u00f6\u011frencilerimiz <strong>HES\u2019lerin \u00fcretim s\u00fcrecini<\/strong> yak\u0131ndan g\u00f6rme \u00f6\u011frenme f\u0131rsat\u0131n\u0131 yakalarken, <strong>santralin \u00e7al\u0131\u015fma prensibi, enerji \u00fcretimi ve da\u011f\u0131t\u0131m s\u00fcreci<\/strong> konular\u0131nda saha uzmanlar\u0131ndan bilgi alarak sekt\u00f6re dair<strong> pratik deneyimler<\/strong> elde etti. Bu gezinin onlar\u0131n kariyer yolculu\u011funda b\u00fcy\u00fck katk\u0131lar sunaca\u011f\u0131na g\u00f6n\u00fclden inan\u0131yorum. Hedefimiz; \u00fclkemizin yeti\u015fmi\u015f insan g\u00fcc\u00fcne, gen\u00e7lerimizin istihdam\u0131n\u0131 art\u0131rmaya katk\u0131 sunmak\u201d<\/em> de\u011ferlendirmesinde bulundu.<\/p>\n<h3><strong>ENERJ\u0130N\u0130N YILDIZLARI PROJES\u0130 3 \u0130LDE DEVAM ED\u0130YOR<\/strong><\/h3>\n<p><strong>2018 y\u0131l\u0131ndan bu yana<\/strong> \u00fc\u00e7 ilde devam eden <strong>Enerjinin Y\u0131ld\u0131zlar\u0131 Projesi<\/strong> kapsam\u0131nda, Milli E\u011fitim Bakanl\u0131\u011f\u0131 (MEB) Mesleki ve Teknik E\u011fitim Genel M\u00fcd\u00fcrl\u00fc\u011f\u00fc ile 2018\u2019de yap\u0131lan<strong> \u2018Mesleki E\u011fitim Protokol\u00fc\u2019n\u00fcn<\/strong> ard\u0131ndan <strong>Antalya, Sivas ve \u0130stanbul\u2019da<\/strong> belirlenen <strong>3 meslek lisesinde<\/strong> <strong>Y\u00fcksek Gerilim Dal\u0131 B\u00f6l\u00fcm\u00fc a\u00e7\u0131lm\u0131\u015ft\u0131.<\/strong> Proje \u00e7er\u00e7evesinde bu dal\u0131 tercih eden \u00f6\u011frenciler, <strong>BEDA\u015e, AEDA\u015e ve \u00c7EDA\u015e uzmanlar\u0131<\/strong> taraf\u0131ndan<strong> teorik<\/strong> ve <strong>uygulamal\u0131 dersler<\/strong> ile destekleniyor.<\/p>\n<p>Ayr\u0131ca 3 \u015firket, \u00f6\u011frencilere e\u011fitim hayatlar\u0131 s\u0131ras\u0131nda<strong> burs ve staj imk\u00e2n\u0131<\/strong>, <strong>mezuniyetlerinden sonra da istihdam olana\u011f\u0131<\/strong> sa\u011fl\u0131yor.<\/p>","protected":false},"excerpt":{"rendered":"<p>Sorry, this entry is only available in Turkish. For the sake of viewer convenience, the content is shown below in the alternative language. You may click the link to switch the active language. 2018 y\u0131l\u0131ndan bu yana Enerjinin Y\u0131ld\u0131zlar\u0131 Projesi ile y\u00fczlerce genci sekt\u00f6re kazand\u0131ran AEDA\u015e, Antalya Kepez Mesleki ve Teknik Anadolu Lisesi\u2019nin Y\u00fcksek Gerilim [&hellip;]<\/p>\n","protected":false},"author":1,"featured_media":176290,"comment_status":"open","ping_status":"open","sticky":false,"template":"","format":"standard","meta":[],"categories":[51,53,47],"tags":[31338,101448,4546,42396,104575,109757,109758],"views":43,"_links":{"self":[{"href":"https:\/\/www.enerjigazetesi.ist\/en\/wp-json\/wp\/v2\/posts\/176286"}],"collection":[{"href":"https:\/\/www.enerjigazetesi.ist\/en\/wp-json\/wp\/v2\/posts"}],"about":[{"href":"https:\/\/www.enerjigazetesi.ist\/en\/wp-json\/wp\/v2\/types\/post"}],"author":[{"embeddable":true,"href":"https:\/\/www.enerjigazetesi.ist\/en\/wp-json\/wp\/v2\/users\/1"}],"replies":[{"embeddable":true,"href":"https:\/\/www.enerjigazetesi.ist\/en\/wp-json\/wp\/v2\/comments?post=176286"}],"version-history":[{"count":0,"href":"https:\/\/www.enerjigazetesi.ist\/en\/wp-json\/wp\/v2\/posts\/176286\/revisions"}],"wp:featuredmedia":[{"embeddable":true,"href":"https:\/\/www.enerjigazetesi.ist\/en\/wp-json\/wp\/v2\/media\/176290"}],"wp:attachment":[{"href":"https:\/\/www.enerjigazetesi.ist\/en\/wp-json\/wp\/v2\/media?parent=176286"}],"wp:term":[{"taxonomy":"category","embeddable":true,"href":"https:\/\/www.enerjigazetesi.ist\/en\/wp-json\/wp\/v2\/categories?post=176286"},{"taxonomy":"post_tag","embeddable":true,"href":"https:\/\/www.enerjigazetesi.ist\/en\/wp-json\/wp\/v2\/tags?post=176286"}],"curies":[{"name":"wp","href":"https:\/\/api.w.org\/{rel}","templated":true}]}}