{"id":176260,"date":"2023-06-13T15:44:09","date_gmt":"2023-06-13T12:44:09","guid":{"rendered":"https:\/\/www.enerjigazetesi.ist\/?p=176260"},"modified":"2023-06-13T15:45:08","modified_gmt":"2023-06-13T12:45:08","slug":"temiz-enerjili-sarj-istasyonlari-icin-gunes-agaclari-calismasi-baslatildi","status":"publish","type":"post","link":"https:\/\/www.enerjigazetesi.ist\/en\/temiz-enerjili-sarj-istasyonlari-icin-gunes-agaclari-calismasi-baslatildi\/","title":{"rendered":"(Turkish) Temiz Enerjili \u015earj \u0130stasyonlar\u0131 \u0130\u00e7in &#8216;G\u00fcne\u015f A\u011fa\u00e7lar\u0131&#8217; \u00c7al\u0131\u015fmas\u0131 Ba\u015flat\u0131ld\u0131"},"content":{"rendered":"<p class=\"qtranxs-available-languages-message qtranxs-available-languages-message-en\">Sorry, this entry is only available in <a href=\"https:\/\/www.enerjigazetesi.ist\/tr\/wp-json\/wp\/v2\/posts\/176260\" class=\"qtranxs-available-language-link qtranxs-available-language-link-tr\" title=\"Turkish\">Turkish<\/a>. For the sake of viewer convenience, the content is shown below in the alternative language. You may click the link to switch the active language.<\/p><p><\/p>\n<h2><strong>Independent\u2019\u0131n haberine g\u00f6re, Birle\u015fik Krall\u0131k merkezli bir giri\u015fim elektrikli ara\u00e7lara temiz enerjili \u015farj istasyonlar\u0131 sa\u011flamak \u00fczere \u2018G\u00fcne\u015f A\u011fa\u00e7lar\u0131\u2019 \u00fczerinde \u00e7al\u0131\u015f\u0131yor. Ge\u00e7en y\u0131l kurulan SolarBotanic Trees, biri 5,5 metre di\u011feri 3,5 metre olmak \u00fczere iki farkl\u0131 boyutta tasar\u0131m geli\u015ftirdi. A\u011fa\u00e7lar\u0131n ilk olarak gelecek y\u0131l\u0131n ba\u015flar\u0131nda Oxford\u2019da kurulumunun yap\u0131lmas\u0131 planlan\u0131yor.<\/strong><\/h2>\n<p>The Independent\u2019a a\u00e7\u0131klamalarda bulunan <strong>SolarBotanic\u2019in CEO\u2019su Chris Shelley<\/strong>: <em>\u201cBuradaki fikir,<img loading=\"lazy\" class=\"alignright wp-image-176264\" src=\"https:\/\/www.enerjigazetesi.ist\/wp-content\/uploads\/2023\/06\/temiz-enerjili-sarj-istasyonlari-icin-gunes-agaclari-calismasi-baslatildi.jpg\" alt=\"\" width=\"320\" height=\"213\" srcset=\"https:\/\/www.enerjigazetesi.ist\/wp-content\/uploads\/2023\/06\/temiz-enerjili-sarj-istasyonlari-icin-gunes-agaclari-calismasi-baslatildi.jpg 550w, https:\/\/www.enerjigazetesi.ist\/wp-content\/uploads\/2023\/06\/temiz-enerjili-sarj-istasyonlari-icin-gunes-agaclari-calismasi-baslatildi-300x200.jpg 300w, https:\/\/www.enerjigazetesi.ist\/wp-content\/uploads\/2023\/06\/temiz-enerjili-sarj-istasyonlari-icin-gunes-agaclari-calismasi-baslatildi-500x333.jpg 500w, https:\/\/www.enerjigazetesi.ist\/wp-content\/uploads\/2023\/06\/temiz-enerjili-sarj-istasyonlari-icin-gunes-agaclari-calismasi-baslatildi-75x50.jpg 75w, https:\/\/www.enerjigazetesi.ist\/wp-content\/uploads\/2023\/06\/temiz-enerjili-sarj-istasyonlari-icin-gunes-agaclari-calismasi-baslatildi-450x300.jpg 450w\" sizes=\"(max-width: 320px) 100vw, 320px\" \/> g\u00fcne\u015f panellerini kubbeli bir y\u00fczeye yerle\u015ftirmek ve ard\u0131ndan g\u00f6vdenin i\u00e7ine bir<strong> batarya depolama sistemi<\/strong> koymak. <strong>G\u00fcne\u015f pilleriyle bataryalar\u0131<\/strong> ayn\u0131 yap\u0131ya yerle\u015ftirmek \u00e7ok pratik, bu sayede sadece yedekteki \u015febeke kayna\u011f\u0131na bel ba\u011flamadan fazla enerjiyi depolanabiliyor\u201d<\/em> a\u00e7\u0131klamas\u0131n\u0131 yapt\u0131.<\/p>\n<p>Haberde, projenin ilk olarak elektrik \u00fcretimi i\u00e7in r\u00fczgarda dalgalanan <strong>fotovoltaik yapraklar\u0131<\/strong> kullanarak hem g\u00fcne\u015f hem de r\u00fczgar enerjisini toplayabilen bir yap\u0131 tasarlamak \u00fczere yola \u00e7\u0131kt\u0131\u011f\u0131 belirtildi. Ancak, \u00f6n ara\u015ft\u0131rmalar bu y\u00f6ntemle <strong>r\u00fczgar enerjisi toplaman\u0131n hen\u00fcz ticari a\u00e7\u0131dan k\u0131sa vadede elveri\u015fli olmad\u0131\u011f\u0131n\u0131<\/strong> ve bu y\u00f6ntemin gelecekte kullan\u0131lma ihtimali olabilece\u011fini g\u00f6sterdi.<\/p>\n<p>SolarBotanic, g\u00fcne\u015f a\u011fa\u00e7lar\u0131n\u0131 2024\u2019\u00fcn ba\u015f\u0131nda Birle\u015fik Krall\u0131k\u2019taki m\u00fc\u015fterilere ula\u015ft\u0131rmak ad\u0131na <strong>gelecek aylarda \u00fcretime ba\u015flamaya<\/strong> odaklan\u0131yor. \u015eirketin yeni planlar\u0131 aras\u0131nda, <strong>\u015fehir meydanlar\u0131nda ve bah\u00e7elerinde<\/strong> kullan\u0131lacak <strong>b\u00fcy\u00fck g\u00fcne\u015f a\u011fa\u00e7lar\u0131 yer al\u0131yor<\/strong>. A\u011fa\u00e7lar\u0131n alt\u0131na banklar yerle\u015ftirilecek, isteyenler telefonlar\u0131n\u0131 \u015farj edebilecek ve hatta dahili k\u0131z\u0131l\u00f6tesi \u0131s\u0131t\u0131c\u0131lar sayesinde \u0131s\u0131nma imkan\u0131 sunacak.<\/p>\n<p>Kaynak: Independent<\/p>","protected":false},"excerpt":{"rendered":"<p>Sorry, this entry is only available in Turkish. For the sake of viewer convenience, the content is shown below in the alternative language. You may click the link to switch the active language. Independent\u2019\u0131n haberine g\u00f6re, Birle\u015fik Krall\u0131k merkezli bir giri\u015fim elektrikli ara\u00e7lara temiz enerjili \u015farj istasyonlar\u0131 sa\u011flamak \u00fczere \u2018G\u00fcne\u015f A\u011fa\u00e7lar\u0131\u2019 \u00fczerinde \u00e7al\u0131\u015f\u0131yor. Ge\u00e7en y\u0131l [&hellip;]<\/p>\n","protected":false},"author":1,"featured_media":176264,"comment_status":"open","ping_status":"open","sticky":false,"template":"","format":"standard","meta":[],"categories":[51,53,49],"tags":[18,109749,2206,109750,34977,109748],"views":53,"_links":{"self":[{"href":"https:\/\/www.enerjigazetesi.ist\/en\/wp-json\/wp\/v2\/posts\/176260"}],"collection":[{"href":"https:\/\/www.enerjigazetesi.ist\/en\/wp-json\/wp\/v2\/posts"}],"about":[{"href":"https:\/\/www.enerjigazetesi.ist\/en\/wp-json\/wp\/v2\/types\/post"}],"author":[{"embeddable":true,"href":"https:\/\/www.enerjigazetesi.ist\/en\/wp-json\/wp\/v2\/users\/1"}],"replies":[{"embeddable":true,"href":"https:\/\/www.enerjigazetesi.ist\/en\/wp-json\/wp\/v2\/comments?post=176260"}],"version-history":[{"count":0,"href":"https:\/\/www.enerjigazetesi.ist\/en\/wp-json\/wp\/v2\/posts\/176260\/revisions"}],"wp:featuredmedia":[{"embeddable":true,"href":"https:\/\/www.enerjigazetesi.ist\/en\/wp-json\/wp\/v2\/media\/176264"}],"wp:attachment":[{"href":"https:\/\/www.enerjigazetesi.ist\/en\/wp-json\/wp\/v2\/media?parent=176260"}],"wp:term":[{"taxonomy":"category","embeddable":true,"href":"https:\/\/www.enerjigazetesi.ist\/en\/wp-json\/wp\/v2\/categories?post=176260"},{"taxonomy":"post_tag","embeddable":true,"href":"https:\/\/www.enerjigazetesi.ist\/en\/wp-json\/wp\/v2\/tags?post=176260"}],"curies":[{"name":"wp","href":"https:\/\/api.w.org\/{rel}","templated":true}]}}