{"id":176253,"date":"2023-06-13T13:28:28","date_gmt":"2023-06-13T10:28:28","guid":{"rendered":"https:\/\/www.enerjigazetesi.ist\/?p=176253"},"modified":"2023-06-13T13:29:45","modified_gmt":"2023-06-13T10:29:45","slug":"yeni-dunyanin-yeni-nesil-elektrikli-arac-teknolojileri-bursada-bulusacak","status":"publish","type":"post","link":"https:\/\/www.enerjigazetesi.ist\/en\/yeni-dunyanin-yeni-nesil-elektrikli-arac-teknolojileri-bursada-bulusacak\/","title":{"rendered":"(Turkish) Yeni D\u00fcnyan\u0131n, Yeni Nesil Elektrikli Ara\u00e7 Teknolojileri Bursa&#8217;da Bulu\u015facak"},"content":{"rendered":"<p class=\"qtranxs-available-languages-message qtranxs-available-languages-message-en\">Sorry, this entry is only available in <a href=\"https:\/\/www.enerjigazetesi.ist\/tr\/wp-json\/wp\/v2\/posts\/176253\" class=\"qtranxs-available-language-link qtranxs-available-language-link-tr\" title=\"Turkish\">Turkish<\/a>. For the sake of viewer convenience, the content is shown below in the alternative language. You may click the link to switch the active language.<\/p><p><\/p>\n<h2><strong>Yay\u0131nlanan sekt\u00f6rel raporlara g\u00f6re d\u00fcnyada 2030 y\u0131l\u0131na kadar, sat\u0131lan her iki ara\u00e7tan birisinin elektrikli olaca\u011f\u0131 \u00f6ng\u00f6r\u00fcl\u00fcyor. \u00dcretti\u011fi her 10 ara\u00e7tan 8\u2019ini ihra\u00e7 eden T\u00fcrkiye Otomotiv End\u00fcstrisi de, elektrikli ara\u00e7lara y\u00f6nelik k\u00fcresel talebin t\u0131rman\u0131\u015fta oldu\u011fu bu d\u00f6nemde, ger\u00e7ekle\u015ftirece\u011fi yeni yat\u0131r\u0131mlarla d\u00fcnya pazar\u0131nda s\u00f6z sahibi olmaya haz\u0131rlan\u0131yor.<\/strong><\/h2>\n<p><strong>Tarsus Fuarc\u0131l\u0131k<\/strong> ve <strong>No On Fuarc\u0131l\u0131k<\/strong> taraf\u0131ndan <strong>16 \u2013 18 Kas\u0131m<\/strong> tarihlerinde, <strong>120<\/strong> markan\u0131n<strong><img loading=\"lazy\" class=\"alignright wp-image-176258\" src=\"https:\/\/www.enerjigazetesi.ist\/wp-content\/uploads\/2023\/06\/yeni-dunyanin-yeni-nesil-elektrikli-arac-teknolojileri-bursada-bulusacak-1.jpg\" alt=\"\" width=\"320\" height=\"266\" srcset=\"https:\/\/www.enerjigazetesi.ist\/wp-content\/uploads\/2023\/06\/yeni-dunyanin-yeni-nesil-elektrikli-arac-teknolojileri-bursada-bulusacak-1.jpg 550w, https:\/\/www.enerjigazetesi.ist\/wp-content\/uploads\/2023\/06\/yeni-dunyanin-yeni-nesil-elektrikli-arac-teknolojileri-bursada-bulusacak-1-300x249.jpg 300w, https:\/\/www.enerjigazetesi.ist\/wp-content\/uploads\/2023\/06\/yeni-dunyanin-yeni-nesil-elektrikli-arac-teknolojileri-bursada-bulusacak-1-481x400.jpg 481w, https:\/\/www.enerjigazetesi.ist\/wp-content\/uploads\/2023\/06\/yeni-dunyanin-yeni-nesil-elektrikli-arac-teknolojileri-bursada-bulusacak-1-60x50.jpg 60w, https:\/\/www.enerjigazetesi.ist\/wp-content\/uploads\/2023\/06\/yeni-dunyanin-yeni-nesil-elektrikli-arac-teknolojileri-bursada-bulusacak-1-500x415.jpg 500w\" sizes=\"(max-width: 320px) 100vw, 320px\" \/><\/strong> kat\u0131l\u0131m\u0131yla organize edilecek olan <strong>Go Green T\u00fcrkiye 2023<\/strong>\u2019te, <strong>Elektrikli Ara\u00e7lar, \u015earj Teknolojileri, Ekipman ve Donan\u0131mlar\u0131<\/strong> sergilenecek. Elektrikli ara\u00e7 sekt\u00f6r\u00fcn\u00fcn ba\u015fkenti Bursa\u2019n\u0131n 3 g\u00fcn boyunca ev sahipli\u011fi yapaca\u011f\u0131 <strong>Go Green T\u00fcrkiye 2023<\/strong>\u2019te; <strong>otomobil, motosiklet, bisiklet, scooter, otob\u00fcs, minib\u00fcs, lokomotif, yat motorlar\u0131, golf arabalar\u0131 ve i\u015f makineleri<\/strong> gibi birbirinden farkl\u0131 <strong>elektrikli ara\u00e7 modelleri<\/strong>, <strong>\u015farj donan\u0131m ve yaz\u0131l\u0131mlar\u0131, \u015farj istasyonlar\u0131, ak\u0131ll\u0131 ve h\u0131zl\u0131 \u015farj \u00e7\u00f6z\u00fcmleri, pil ve pil teknolojisi y\u00f6netim sistemleri, ak\u0131ll\u0131 \u015febeke \u00e7\u00f6z\u00fcmleri, sertifikasyon, test ve \u00f6l\u00e7\u00fcm hizmetleri<\/strong> ile sat\u0131\u015f sonras\u0131 <strong>bak\u0131m<\/strong> ve<strong> onar\u0131m<\/strong> hizmetlerine dair yenilikler vitrine \u00e7\u0131kacak.<\/p>\n<h2><strong>Sekt\u00f6r profesyonelleri, \u00fcretici ve tedarik\u00e7ilerle bir araya gelecek<\/strong><\/h2>\n<p><strong>Filo y\u00f6neticileri ve ara\u00e7 kiralama \u015firketleri, lojistik ve nakliye firmalar\u0131, toplu ula\u015f\u0131m \u015firketleri, sekt\u00f6re yat\u0131r\u0131m yapmak isteyen giri\u015fimciler<\/strong> ba\u015fta olmak \u00fczere, <em>teknoloji ve yaz\u0131l\u0131m firmalar\u0131, enerji \u015firketleri, \u015febeke alt yap\u0131 hizmeti verenler, m\u00fchendisler, teknik uzmanlar, sat\u0131\u015f sonras\u0131 servis hizmeti veren firmalar, ara\u00e7 perakende sat\u0131\u015f yerleri, sekt\u00f6r\u00fcn ihracat\u00e7\u0131 ve ithalat\u00e7\u0131lar\u0131<\/em> ile <em>belediyeler<\/em> ba\u015fta olmak \u00fczere ilgili <strong>kamu kurum<\/strong> ve <strong>kurulu\u015flar\u0131ndan<\/strong> binlerce profesyonel <strong>Go Green T\u00fcrkiye 2023\u2019\u00fc<\/strong> ziyaret edecek.<\/p>\n<p><strong>Yar\u0131n\u0131n elektrikli ara\u00e7 d\u00fcnyas\u0131na bug\u00fcnden ev sahipli\u011fi yapacak<\/strong> olan<strong> Go Green T\u00fcrkiye 2023<\/strong> hakk\u0131nda detayl\u0131 bilgi almak isteyenler, <a href=\"http:\/\/www.gogreenturkiye.com\" target=\"_blank\" rel=\"noopener\">www.gogreenturkiye.com<\/a> adresini ziyaret edebilirler.<\/p>","protected":false},"excerpt":{"rendered":"<p>Sorry, this entry is only available in Turkish. For the sake of viewer convenience, the content is shown below in the alternative language. You may click the link to switch the active language. Yay\u0131nlanan sekt\u00f6rel raporlara g\u00f6re d\u00fcnyada 2030 y\u0131l\u0131na kadar, sat\u0131lan her iki ara\u00e7tan birisinin elektrikli olaca\u011f\u0131 \u00f6ng\u00f6r\u00fcl\u00fcyor. \u00dcretti\u011fi her 10 ara\u00e7tan 8\u2019ini ihra\u00e7 [&hellip;]<\/p>\n","protected":false},"author":1,"featured_media":176257,"comment_status":"open","ping_status":"open","sticky":false,"template":"","format":"standard","meta":[],"categories":[51,53],"tags":[215,1270,108726],"views":27,"_links":{"self":[{"href":"https:\/\/www.enerjigazetesi.ist\/en\/wp-json\/wp\/v2\/posts\/176253"}],"collection":[{"href":"https:\/\/www.enerjigazetesi.ist\/en\/wp-json\/wp\/v2\/posts"}],"about":[{"href":"https:\/\/www.enerjigazetesi.ist\/en\/wp-json\/wp\/v2\/types\/post"}],"author":[{"embeddable":true,"href":"https:\/\/www.enerjigazetesi.ist\/en\/wp-json\/wp\/v2\/users\/1"}],"replies":[{"embeddable":true,"href":"https:\/\/www.enerjigazetesi.ist\/en\/wp-json\/wp\/v2\/comments?post=176253"}],"version-history":[{"count":0,"href":"https:\/\/www.enerjigazetesi.ist\/en\/wp-json\/wp\/v2\/posts\/176253\/revisions"}],"wp:featuredmedia":[{"embeddable":true,"href":"https:\/\/www.enerjigazetesi.ist\/en\/wp-json\/wp\/v2\/media\/176257"}],"wp:attachment":[{"href":"https:\/\/www.enerjigazetesi.ist\/en\/wp-json\/wp\/v2\/media?parent=176253"}],"wp:term":[{"taxonomy":"category","embeddable":true,"href":"https:\/\/www.enerjigazetesi.ist\/en\/wp-json\/wp\/v2\/categories?post=176253"},{"taxonomy":"post_tag","embeddable":true,"href":"https:\/\/www.enerjigazetesi.ist\/en\/wp-json\/wp\/v2\/tags?post=176253"}],"curies":[{"name":"wp","href":"https:\/\/api.w.org\/{rel}","templated":true}]}}