{"id":176168,"date":"2023-06-12T13:13:18","date_gmt":"2023-06-12T10:13:18","guid":{"rendered":"https:\/\/www.enerjigazetesi.ist\/?p=176168"},"modified":"2023-06-12T13:13:18","modified_gmt":"2023-06-12T10:13:18","slug":"schneider-electrice-sifir-karbon-ticaret-fuari-standi-ile-if-tasarim-odulu","status":"publish","type":"post","link":"https:\/\/www.enerjigazetesi.ist\/en\/schneider-electrice-sifir-karbon-ticaret-fuari-standi-ile-if-tasarim-odulu\/","title":{"rendered":"(Turkish) &#8217;Schneider Electric&#8217;e S\u0131f\u0131r Karbon Ticaret Fuar\u0131 Stand\u0131 ile iF Tasar\u0131m \u00d6d\u00fcl\u00fc"},"content":{"rendered":"<p class=\"qtranxs-available-languages-message qtranxs-available-languages-message-en\">Sorry, this entry is only available in <a href=\"https:\/\/www.enerjigazetesi.ist\/tr\/wp-json\/wp\/v2\/posts\/176168\" class=\"qtranxs-available-language-link qtranxs-available-language-link-tr\" title=\"Turkish\">Turkish<\/a>. For the sake of viewer convenience, the content is shown below in the alternative language. You may click the link to switch the active language.<\/p><p><\/p>\n<h2>Enerji y\u00f6netimi ve otomasyonun dijital d\u00f6n\u00fc\u015f\u00fcm\u00fcne liderlik eden Schneider Electric, 2022\u2019de Almanya&#8217;n\u0131n Frankfurt kentinde d\u00fczenlenen Light &amp; Building fuar\u0131nda, d\u00fcnyan\u0131n ilk tamamen karbon n\u00f6tr fuar stand\u0131n\u0131 yaratarak bu alanda \u00f6nemli bir inovasyona imza att\u0131. Fuarc\u0131l\u0131k sekt\u00f6r\u00fc i\u00e7in \u00f6nem ta\u015f\u0131yan bu yenilik\u00e7i ve \u00e7evreci stant, Berlin\u2019de d\u00fczenlenen 2023 iF Tasar\u0131m \u00d6d\u00fclleri\u2019nde, \u201c\u0130\u00e7 Tasar\u0131m\u201d kategorisinde iF Tasar\u0131m \u00d6d\u00fcl\u00fc\u2019n\u00fcn sahibi oldu.<\/h2>\n<p>1954 y\u0131l\u0131ndan bu yana faaliyet g\u00f6steren, d\u00fcnyan\u0131n en eski ba\u011f\u0131ms\u0131z tasar\u0131m kurumu olan <strong>iF International Forum Design<\/strong> taraf\u0131ndan her y\u0131l d\u00fczenlenen<strong> iF Tasar\u0131m \u00d6d\u00fclleri<\/strong>, k\u00fcresel \u00e7apta <strong><img loading=\"lazy\" class=\"alignright wp-image-176171\" src=\"https:\/\/www.enerjigazetesi.ist\/wp-content\/uploads\/2023\/06\/schneider-electrice-sifir-karbon-ticaret-fuari-standi-ile-if-tasarim-odulu.jpg\" alt=\"\" width=\"320\" height=\"259\" srcset=\"https:\/\/www.enerjigazetesi.ist\/wp-content\/uploads\/2023\/06\/schneider-electrice-sifir-karbon-ticaret-fuari-standi-ile-if-tasarim-odulu.jpg 550w, https:\/\/www.enerjigazetesi.ist\/wp-content\/uploads\/2023\/06\/schneider-electrice-sifir-karbon-ticaret-fuari-standi-ile-if-tasarim-odulu-300x243.jpg 300w, https:\/\/www.enerjigazetesi.ist\/wp-content\/uploads\/2023\/06\/schneider-electrice-sifir-karbon-ticaret-fuari-standi-ile-if-tasarim-odulu-493x400.jpg 493w, https:\/\/www.enerjigazetesi.ist\/wp-content\/uploads\/2023\/06\/schneider-electrice-sifir-karbon-ticaret-fuari-standi-ile-if-tasarim-odulu-62x50.jpg 62w, https:\/\/www.enerjigazetesi.ist\/wp-content\/uploads\/2023\/06\/schneider-electrice-sifir-karbon-ticaret-fuari-standi-ile-if-tasarim-odulu-500x405.jpg 500w\" sizes=\"(max-width: 320px) 100vw, 320px\" \/>ba\u015far\u0131l\u0131 \u00fcr\u00fcn tasar\u0131mlar\u0131n\u0131<\/strong> \u00f6d\u00fcllendiriyor. Bu kapsamda Schneider Electric&#8217;in stant konsepti, ba\u011f\u0131ms\u0131z uluslararas\u0131 uzmanlardan olu\u015fan <strong>133 ki\u015filik<\/strong> se\u00e7kin bir j\u00fcri taraf\u0131ndan de\u011ferlendirildi ve bu kategorideki yakla\u015f\u0131k <strong>11.000 ba\u015fvuru aras\u0131ndan birincili\u011fe lay\u0131k g\u00f6r\u00fcld\u00fc.<\/strong><\/p>\n<p>Bir Etki \u015eirketi olan ve tedarik\u00e7i a\u011f\u0131 da dahil olmak \u00fczere t\u00fcm noktalarda kendini <strong>\u00c7evresel, Sosyal ve Kurumsal Y\u00f6netim (\u00c7SY)<\/strong> kriterlerine adayarak de\u011fer \u00fcretmeyi hedefleyen Schneider Electric\u2019in s\u00fcrd\u00fcr\u00fclebilirlik stratejisinin bir yans\u0131mas\u0131 olan standla ald\u0131\u011f\u0131 \u00f6d\u00fcl, <strong>karbon n\u00f6tr bir fuar stand\u0131n\u0131n<\/strong> kullan\u0131lmas\u0131n\u0131 desteklemesi ve sekt\u00f6r i\u00e7in fark yaratan bir ad\u0131m olmas\u0131 nedeniyle \u00f6nem ta\u015f\u0131yor<\/p>\n<h3><strong>D\u00fcnyaya iyi gelecek tasar\u0131m \u00e7\u00f6z\u00fcmleri<\/strong><\/h3>\n<p>Schneider Electric, <strong>Light &amp; Building 2022<\/strong> fuar\u0131 i\u00e7in tasarlad\u0131\u011f\u0131 stand\u0131nda <strong>yenilenebilir hammaddeler, geri d\u00f6n\u00fc\u015ft\u00fcr\u00fclm\u00fc\u015f malzemeler ve ileri d\u00f6n\u00fc\u015f\u00fcm tekniklerini<\/strong> kulland\u0131. B\u00f6ylece, <strong>1700m<sup>2<\/sup> <\/strong>\u00f6l\u00e7\u00fcye sahip bu yenilik\u00e7i stant, geleneksel bir tasar\u0131mda benzer bir stand\u0131n yarataca\u011f\u0131 emisyonlar\u0131 \u00fc\u00e7te iki oran\u0131nda azaltmay\u0131 ba\u015fard\u0131. <strong>Stand\u0131n isim levhalar\u0131 plastik<\/strong> yerine <strong>\u00e7imen ka\u011f\u0131ttan<\/strong> yap\u0131l\u0131rken, fuar\u0131n ard\u0131ndan <strong>\u015firketin lojistik d\u00f6ng\u00fcs\u00fcne geri d\u00f6nmek<\/strong> <strong>\u00fczere<\/strong> duvarlar ve bilgilendirme masalar\u0131 i\u00e7in <strong>euro paletler<\/strong> kullan\u0131ld\u0131. Mobilyalar\u0131n \u00e7o\u011funun kiraland\u0131\u011f\u0131, <strong>d\u00f6\u015femenin<\/strong> <strong>biyo\u00e7\u00f6z\u00fcn\u00fcr malzemeden<\/strong> se\u00e7ildi\u011fi, kuma\u015f grafiklerin <strong>%100 eski plastik \u015fi\u015felerden geri d\u00f6n\u00fc\u015ft\u00fcr\u00fclm\u00fc\u015f polyesterden<\/strong> olu\u015ftu\u011fu etkinli\u011fin ard\u0131ndan bu malzemeler \u00e7antalara d\u00f6n\u00fc\u015ft\u00fcr\u00fcld\u00fc.<\/p>\n<p>\u00dc\u00e7te bir oran\u0131nda <strong>daha az sergi paneli kullan\u0131lmas\u0131n\u0131n<\/strong> yan\u0131 s\u0131ra, <strong>standart fuar \u00fcr\u00fcn te\u015fhirleri<\/strong> yerine <strong>dijital ekranlar\u0131n kullan\u0131lmas\u0131<\/strong> da<strong> stand\u0131n karbon emisyonlar\u0131n\u0131 azaltan<\/strong> unsurlardan biri oldu. Fuar ekibinin b\u00fcy\u00fck bir b\u00f6l\u00fcm\u00fcn\u00fcn<strong> elektrikli ara\u00e7lar<\/strong> ile <strong>fuara ula\u015f\u0131m sa\u011flamas\u0131<\/strong> sebebi ile <strong>\u00e7al\u0131\u015fan ula\u015f\u0131m\u0131 da<\/strong> bu s\u00fcrece katk\u0131 sa\u011flad\u0131.<\/p>\n<p>B\u00f6ylece Schneider Electric, \u00f6nceki fuar kat\u0131l\u0131mlar\u0131ndaki <strong>300 ton<\/strong> civar\u0131ndaki<strong> CO<sub>2<\/sub> ekolojik ayak izini<\/strong> yakla\u015f\u0131k <strong>80 tona<\/strong> d\u00fc\u015f\u00fcrmeyi ba\u015fard\u0131. Ayr\u0131ca \u015firket, bu sonucu dengelemek i\u00e7in <strong>myclimate organizasyonu<\/strong> arac\u0131l\u0131\u011f\u0131yla <strong>Madagaskar&#8217;da<\/strong> bir<strong> \u00e7evre projesini<\/strong> destekledi. Bu fon, <strong>Madagaskar orman\u0131ndaki h\u0131zl\u0131 ormans\u0131zla\u015fmaya<\/strong> kar\u015f\u0131 koymak i\u00e7in<strong> iklim dostu g\u00fcne\u015f sobalar\u0131n\u0131n \u00fcretimini<\/strong> ve kullan\u0131lmas\u0131n\u0131 desteklemek amac\u0131 ile olu\u015fturulmu\u015f bulunuyor. Bu taahh\u00fct sayesinde Schneider Electric, toplam <strong>100 ton CO<sub>2<\/sub>\u2019yi<\/strong> dengeledi.<\/p>\n<p>Schneider Electric, bu <strong>\u00f6d\u00fcll\u00fc tasar\u0131m<\/strong> ve <strong>yakla\u015f\u0131m\u0131n\u0131<\/strong> bundan sonraki <strong>fuar kat\u0131l\u0131mlar\u0131nda da kullanmaya devam ederek<\/strong> yaratt\u0131\u011f\u0131 etkiyi g\u00fc\u00e7lendirecek.<\/p>","protected":false},"excerpt":{"rendered":"<p>Sorry, this entry is only available in Turkish. For the sake of viewer convenience, the content is shown below in the alternative language. You may click the link to switch the active language. Enerji y\u00f6netimi ve otomasyonun dijital d\u00f6n\u00fc\u015f\u00fcm\u00fcne liderlik eden Schneider Electric, 2022\u2019de Almanya&#8217;n\u0131n Frankfurt kentinde d\u00fczenlenen Light &amp; Building fuar\u0131nda, d\u00fcnyan\u0131n ilk tamamen [&hellip;]<\/p>\n","protected":false},"author":1,"featured_media":176171,"comment_status":"open","ping_status":"open","sticky":false,"template":"","format":"standard","meta":[],"categories":[53,52],"tags":[109731,109730,109729],"views":18,"_links":{"self":[{"href":"https:\/\/www.enerjigazetesi.ist\/en\/wp-json\/wp\/v2\/posts\/176168"}],"collection":[{"href":"https:\/\/www.enerjigazetesi.ist\/en\/wp-json\/wp\/v2\/posts"}],"about":[{"href":"https:\/\/www.enerjigazetesi.ist\/en\/wp-json\/wp\/v2\/types\/post"}],"author":[{"embeddable":true,"href":"https:\/\/www.enerjigazetesi.ist\/en\/wp-json\/wp\/v2\/users\/1"}],"replies":[{"embeddable":true,"href":"https:\/\/www.enerjigazetesi.ist\/en\/wp-json\/wp\/v2\/comments?post=176168"}],"version-history":[{"count":0,"href":"https:\/\/www.enerjigazetesi.ist\/en\/wp-json\/wp\/v2\/posts\/176168\/revisions"}],"wp:featuredmedia":[{"embeddable":true,"href":"https:\/\/www.enerjigazetesi.ist\/en\/wp-json\/wp\/v2\/media\/176171"}],"wp:attachment":[{"href":"https:\/\/www.enerjigazetesi.ist\/en\/wp-json\/wp\/v2\/media?parent=176168"}],"wp:term":[{"taxonomy":"category","embeddable":true,"href":"https:\/\/www.enerjigazetesi.ist\/en\/wp-json\/wp\/v2\/categories?post=176168"},{"taxonomy":"post_tag","embeddable":true,"href":"https:\/\/www.enerjigazetesi.ist\/en\/wp-json\/wp\/v2\/tags?post=176168"}],"curies":[{"name":"wp","href":"https:\/\/api.w.org\/{rel}","templated":true}]}}