{"id":176155,"date":"2023-06-12T12:22:28","date_gmt":"2023-06-12T09:22:28","guid":{"rendered":"https:\/\/www.enerjigazetesi.ist\/?p=176155"},"modified":"2023-06-12T12:22:28","modified_gmt":"2023-06-12T09:22:28","slug":"turk-ytong-sanayide-afet-ve-yangin-guvenligine-dikkat-cekti","status":"publish","type":"post","link":"https:\/\/www.enerjigazetesi.ist\/en\/turk-ytong-sanayide-afet-ve-yangin-guvenligine-dikkat-cekti\/","title":{"rendered":"(Turkish) &#8217;T\u00fcrk Ytong&#8217; Sanayide Afet ve Yang\u0131n G\u00fcvenli\u011fine Dikkat \u00c7ekti"},"content":{"rendered":"<p class=\"qtranxs-available-languages-message qtranxs-available-languages-message-en\">Sorry, this entry is only available in <a href=\"https:\/\/www.enerjigazetesi.ist\/tr\/wp-json\/wp\/v2\/posts\/176155\" class=\"qtranxs-available-language-link qtranxs-available-language-link-tr\" title=\"Turkish\">Turkish<\/a>. For the sake of viewer convenience, the content is shown below in the alternative language. You may click the link to switch the active language.<\/p><p><\/p>\n<h2><strong>Yap\u0131 malzemesi sekt\u00f6r\u00fcn\u00fcn yenilik\u00e7i kurulu\u015fu T\u00fcrk Ytong\u2019un d\u00fczenledi\u011fi \u201cSanayide D\u00f6n\u00fc\u015f\u00fcm: AFET VE YANGIN G\u00dcVENL\u0130\u011e\u0130\u201d temal\u0131 seminerlerin ilki, T\u00fcrkiye\u2019nin en \u00e7ok talep g\u00f6ren organize sanayi b\u00f6lgelerinden Eski\u015fehir OSB\u2019de yap\u0131ld\u0131.<\/strong><\/h2>\n<p>Kahramanmara\u015f merkezli depremlerin sanayi kurulu\u015flar\u0131 ve tesislerde yaratt\u0131\u011f\u0131 olumsuz etki, beklenen Marmara Depremi i\u00e7in daha fazla tedbir al\u0131nmas\u0131 gerekti\u011fini ortaya koydu. T\u00fcrkiye\u2019de yap\u0131lan bir <img loading=\"lazy\" class=\"alignright wp-image-176157\" src=\"https:\/\/www.enerjigazetesi.ist\/wp-content\/uploads\/2023\/06\/turk-ytong-sanayide-afet-ve-yangin-guvenligine-dikkat-cekti-01.jpg\" alt=\"\" width=\"320\" height=\"200\" srcset=\"https:\/\/www.enerjigazetesi.ist\/wp-content\/uploads\/2023\/06\/turk-ytong-sanayide-afet-ve-yangin-guvenligine-dikkat-cekti-01.jpg 550w, https:\/\/www.enerjigazetesi.ist\/wp-content\/uploads\/2023\/06\/turk-ytong-sanayide-afet-ve-yangin-guvenligine-dikkat-cekti-01-300x188.jpg 300w, https:\/\/www.enerjigazetesi.ist\/wp-content\/uploads\/2023\/06\/turk-ytong-sanayide-afet-ve-yangin-guvenligine-dikkat-cekti-01-500x313.jpg 500w, https:\/\/www.enerjigazetesi.ist\/wp-content\/uploads\/2023\/06\/turk-ytong-sanayide-afet-ve-yangin-guvenligine-dikkat-cekti-01-80x50.jpg 80w\" sizes=\"(max-width: 320px) 100vw, 320px\" \/>ara\u015ft\u0131rmaya g\u00f6re 2022 y\u0131l\u0131nda \u00fclkemizde meydana gelen<strong> fabrika yang\u0131nlar\u0131<\/strong> ve <strong>patlamalar\u0131n<\/strong> bir \u00f6nceki y\u0131la g\u00f6re <strong>y\u00fczde 49<\/strong> oran\u0131nda <strong>artt\u0131\u011f\u0131<\/strong> ortaya \u00e7\u0131kt\u0131.<\/p>\n<p><strong>T\u00fcrk Ytong<\/strong>, sanayide artan afet ve yang\u0131n riskine dikkat \u00e7ekmek, s\u00fcrd\u00fcr\u00fclebilir \u00fcretimi desteklemek amac\u0131yla fark\u0131ndal\u0131k seminerleri d\u00fczenliyor. \u00dcr\u00fcnleriyle\u00a0fabrikalar\u0131n yang\u0131n g\u00fcvenli\u011fini art\u0131rarak \u00fclkenin ekonomik de\u011ferlerinin yok olmas\u0131n\u0131n \u00f6n\u00fcne ge\u00e7meyi hedefliyor.<\/p>\n<h3><strong>\u0130klim de\u011fi\u015fikli\u011fi g\u00f6zetilmesi gereken \u00f6nemli bir risk ba\u015fl\u0131\u011f\u0131<\/strong><\/h3>\n<p>Seminerde konu\u015fma yapan\u00a0<strong>Yang\u0131n G\u00fcvenli\u011fi Dan\u0131\u015fman\u0131,\u00a0Arme Dan\u0131\u015fmanl\u0131k Kurucusu Kimya Y\u00fcksek M\u00fchendisi Serkan K\u00fc\u00e7\u00fck<\/strong> i\u015fletmelerde devaml\u0131l\u0131k ve risk y\u00f6netimine de\u011findi\u011fi <strong>\u2018End\u00fcstriyel Tesislerde Afet Risklerinin Azalt\u0131lmas\u0131\u2019<\/strong> ba\u015fl\u0131kl\u0131 sunumunda\u00a0\u015fu de\u011ferlendirmelerde bulundu: <em>\u201cKurumlar\u0131n, end\u00fcstriyel tesislerin i\u015f devaml\u0131l\u0131klar\u0131n\u0131 sa\u011flayabilmeleri i\u00e7in olas\u0131 risklerini \u00f6nceden tan\u0131mlamalar\u0131 ve bunlar\u0131 \u00f6nleyebilmek i\u00e7in haz\u0131rl\u0131klar\u0131n\u0131 yapmalar\u0131 gerekiyor. Risklerini y\u00f6netemeyenler, olas\u0131 tehlikeleri \u00f6nlemeye y\u00f6nelik haz\u0131rl\u0131klar\u0131n\u0131 yapmayanlar i\u015f s\u00fcrekliliklerini sa\u011flayam\u0131yorlar. <strong>Yang\u0131n, deprem, sel ya da i\u015fletmenin bulundu\u011fu b\u00f6lgeye \u00f6zel olas\u0131 riskler<\/strong> <strong>incelenmeli<\/strong>. Riskler do\u011fal afetlere y\u00f6nelik olabilece\u011fi gibi kurumun \u00fcretim koluna ba\u011fl\u0131 olarak da d\u00fc\u015f\u00fcn\u00fclmeli. T\u00fcm bunlar\u0131n yan\u0131 s\u0131ra g\u00fcncel geli\u015fmeler de g\u00f6z ard\u0131 edilmemeli.<strong> \u0130klim de\u011fi\u015fikli\u011fi<\/strong> bug\u00fcn art\u0131k g\u00f6zetilmesi gereken \u00f6nemli bir konu. D\u00fcnya Sa\u011fl\u0131k \u00d6rg\u00fct\u00fc s\u0131cakl\u0131k de\u011fi\u015fiklikleri nedeniyle art\u0131k<strong> \u00e7al\u0131\u015fma saatlerinin de\u011fi\u015ftirilmesi gerekti\u011fini<\/strong> \u00f6nermeye ba\u015flad\u0131.\u201d<\/em><\/p>\n<p>Serkan K\u00fc\u00e7\u00fck, sanayi tesislerindeki yang\u0131nlar\u0131n say\u0131s\u0131ndaki art\u0131\u015fa da de\u011findi. \u201c<strong>2022\u2019de 587<\/strong> olay ya\u015fanm\u0131\u015f, bunlar\u0131n <strong>551\u2019i<\/strong> end\u00fcstriyel yang\u0131n,<strong> 36\u2019s\u0131<\/strong> patlama \u015feklinde ger\u00e7ekle\u015fmi\u015f. Yang\u0131nlar\u0131n say\u0131s\u0131nda bir \u00f6nceki y\u0131la oranla y\u00fczde 49 oran\u0131nda art\u0131\u015f oldu\u011fu ortaya koyuldu.\u201d dedi.<\/p>\n<h3><strong>Ytong Panel 360 dakikaya varan yang\u0131n dayan\u0131m\u0131 sa\u011fl\u0131yor<\/strong><\/h3>\n<p><strong>T\u00fcrk Ytong \u0130\u015f Geli\u015ftirme M\u00fcd\u00fcr\u00fc Mimar Emel Nokay<\/strong> ise \u2018End\u00fcstriyel Tesislerde Ytong Panel \u00c7\u00f6z\u00fcmleri ve Yang\u0131n G\u00fcvenli\u011fi\u2019 konusunda bilgiler verdi. Deprem ve yang\u0131n g\u00fcvenli yap\u0131lar\u0131n daha tasar\u0131m a\u015famas\u0131nda \u015fekillendi\u011fine dikkat \u00e7eken Nokay<em>\u00a0\u201cDo\u011fru tasar\u0131m ve do\u011fru malzeme se\u00e7imi ile sanayi yap\u0131lar\u0131ndaki yang\u0131n riski ve yang\u0131n\u0131n neden oldu\u011fu kay\u0131plar b\u00fcy\u00fck \u00f6l\u00e7\u00fcde \u00f6nlenebilir, i\u015fletmelerin devaml\u0131l\u0131\u011f\u0131 sa\u011flanabilir. <strong>Ytong<\/strong> olarak geli\u015ftirdi\u011fimiz <strong>yang\u0131na dayan\u0131kl\u0131 duvar, \u00e7at\u0131 ve d\u00f6\u015feme panelleriyle<\/strong> fabrikalar\u0131n yang\u0131ndan<strong> en az derece zarar g\u00f6recek<\/strong> \u015fekilde yap\u0131lmas\u0131n\u0131 sa\u011flayarak \u00fclkenin ekonomik de\u011ferlerinin yok olmas\u0131n\u0131n \u00f6n\u00fcne ge\u00e7meyi hedefliyoruz.\u00a0<strong>Ytong Paneller<\/strong> <strong>360 dakikaya ula\u015fan s\u00fcrelerde yang\u0131n dayan\u0131m\u0131 sa\u011flayabiliyor<\/strong>, yang\u0131n\u0131n yay\u0131lmas\u0131n\u0131 \u00f6nl\u00fcyor\u201d<\/em> dedi.<\/p>","protected":false},"excerpt":{"rendered":"<p>Sorry, this entry is only available in Turkish. For the sake of viewer convenience, the content is shown below in the alternative language. You may click the link to switch the active language. Yap\u0131 malzemesi sekt\u00f6r\u00fcn\u00fcn yenilik\u00e7i kurulu\u015fu T\u00fcrk Ytong\u2019un d\u00fczenledi\u011fi \u201cSanayide D\u00f6n\u00fc\u015f\u00fcm: AFET VE YANGIN G\u00dcVENL\u0130\u011e\u0130\u201d temal\u0131 seminerlerin ilki, T\u00fcrkiye\u2019nin en \u00e7ok talep g\u00f6ren [&hellip;]<\/p>\n","protected":false},"author":1,"featured_media":176158,"comment_status":"open","ping_status":"open","sticky":false,"template":"","format":"standard","meta":[],"categories":[53],"tags":[66086,109727,33978,12420,41081,99188,109728],"views":35,"_links":{"self":[{"href":"https:\/\/www.enerjigazetesi.ist\/en\/wp-json\/wp\/v2\/posts\/176155"}],"collection":[{"href":"https:\/\/www.enerjigazetesi.ist\/en\/wp-json\/wp\/v2\/posts"}],"about":[{"href":"https:\/\/www.enerjigazetesi.ist\/en\/wp-json\/wp\/v2\/types\/post"}],"author":[{"embeddable":true,"href":"https:\/\/www.enerjigazetesi.ist\/en\/wp-json\/wp\/v2\/users\/1"}],"replies":[{"embeddable":true,"href":"https:\/\/www.enerjigazetesi.ist\/en\/wp-json\/wp\/v2\/comments?post=176155"}],"version-history":[{"count":0,"href":"https:\/\/www.enerjigazetesi.ist\/en\/wp-json\/wp\/v2\/posts\/176155\/revisions"}],"wp:featuredmedia":[{"embeddable":true,"href":"https:\/\/www.enerjigazetesi.ist\/en\/wp-json\/wp\/v2\/media\/176158"}],"wp:attachment":[{"href":"https:\/\/www.enerjigazetesi.ist\/en\/wp-json\/wp\/v2\/media?parent=176155"}],"wp:term":[{"taxonomy":"category","embeddable":true,"href":"https:\/\/www.enerjigazetesi.ist\/en\/wp-json\/wp\/v2\/categories?post=176155"},{"taxonomy":"post_tag","embeddable":true,"href":"https:\/\/www.enerjigazetesi.ist\/en\/wp-json\/wp\/v2\/tags?post=176155"}],"curies":[{"name":"wp","href":"https:\/\/api.w.org\/{rel}","templated":true}]}}