{"id":176138,"date":"2023-06-12T11:15:59","date_gmt":"2023-06-12T08:15:59","guid":{"rendered":"https:\/\/www.enerjigazetesi.ist\/?p=176138"},"modified":"2023-06-12T11:15:59","modified_gmt":"2023-06-12T08:15:59","slug":"ode-yalitim-yilda-32-milyon-kwh-enerjiyi-gunesten-uretecek","status":"publish","type":"post","link":"https:\/\/www.enerjigazetesi.ist\/en\/ode-yalitim-yilda-32-milyon-kwh-enerjiyi-gunesten-uretecek\/","title":{"rendered":"(Turkish) &#8217;ODE Yal\u0131t\u0131m&#8217; Y\u0131lda 3,2 Milyon kWh Enerjiyi G\u00fcne\u015ften \u00dcretecek"},"content":{"rendered":"<p class=\"qtranxs-available-languages-message qtranxs-available-languages-message-en\">Sorry, this entry is only available in <a href=\"https:\/\/www.enerjigazetesi.ist\/tr\/wp-json\/wp\/v2\/posts\/176138\" class=\"qtranxs-available-language-link qtranxs-available-language-link-tr\" title=\"Turkish\">Turkish<\/a>. For the sake of viewer convenience, the content is shown below in the alternative language. You may click the link to switch the active language.<\/p><p><\/p>\n<h2><strong>Ge\u00e7ti\u011fimiz y\u0131l Avrupa\u2019n\u0131n en b\u00fcy\u00fck yal\u0131t\u0131m tesislerinden birini Eski\u015fehir\u2019de kuran ODE Yal\u0131t\u0131m, 20 bin metrekarelik bu tesisin \u00e7at\u0131s\u0131n\u0131 tamamen g\u00fcne\u015f panelleriyle kaplayarak elektrik \u00fcretmeye ba\u015flad\u0131. 2403 kWp kurulu g\u00fcce sahip g\u00fcne\u015f enerjisi sistemiyle y\u0131ll\u0131k 3,2 milyon kWh enerji \u00fcreteceklerini s\u00f6yleyen ODE Yal\u0131t\u0131m \u00dcretimden Sorumlu Y\u00f6netim Kurulu \u00dcyesi Tu\u011frul Baran, \u201cKurdu\u011fumuz bu sistem ile \u00fcretim tesisimizin elektrik ihtiyac\u0131n\u0131n y\u00fczde 60\u2019\u0131n\u0131 g\u00fcne\u015ften kar\u015f\u0131layaca\u011f\u0131z. 2050 y\u0131l\u0131na kadar karbon n\u00f6tr olma taahh\u00fcd\u00fcm\u00fcz kapsam\u0131nda da yenilenebilir enerji yat\u0131r\u0131mlar\u0131m\u0131za aral\u0131ks\u0131z devam edece\u011fiz\u201d dedi.<\/strong><\/h2>\n<p style=\"text-align: center;\"><img loading=\"lazy\" class=\"aligncenter wp-image-176141\" src=\"https:\/\/www.enerjigazetesi.ist\/wp-content\/uploads\/2023\/06\/ode-yalitim-yilda-32-milyon-kwh-enerjiyi-gunesten-uretecek-1.jpg\" alt=\"\" width=\"500\" height=\"281\" srcset=\"https:\/\/www.enerjigazetesi.ist\/wp-content\/uploads\/2023\/06\/ode-yalitim-yilda-32-milyon-kwh-enerjiyi-gunesten-uretecek-1.jpg 550w, https:\/\/www.enerjigazetesi.ist\/wp-content\/uploads\/2023\/06\/ode-yalitim-yilda-32-milyon-kwh-enerjiyi-gunesten-uretecek-1-300x169.jpg 300w, https:\/\/www.enerjigazetesi.ist\/wp-content\/uploads\/2023\/06\/ode-yalitim-yilda-32-milyon-kwh-enerjiyi-gunesten-uretecek-1-500x281.jpg 500w, https:\/\/www.enerjigazetesi.ist\/wp-content\/uploads\/2023\/06\/ode-yalitim-yilda-32-milyon-kwh-enerjiyi-gunesten-uretecek-1-80x45.jpg 80w\" sizes=\"(max-width: 500px) 100vw, 500px\" \/><\/p>\n<p>T\u00fcrkiye\u2019nin y\u00fczde 100 yerli sermayeli en b\u00fcy\u00fck yal\u0131t\u0131m \u015firketi ODE Yal\u0131t\u0131m, ge\u00e7ti\u011fimiz y\u0131l Kas\u0131m ay\u0131nda 200 milyon TL yat\u0131r\u0131m yaparak Eski\u015fehir\u2019de elastomerik kau\u00e7uk k\u00f6p\u00fc\u011f\u00fc \u0131s\u0131 yal\u0131t\u0131m\u0131 tesisi kurmu\u015f, bu tesisle birlikte \u00c7in ile Almanya aras\u0131ndaki co\u011frafyada teknik yal\u0131t\u0131mdaki en b\u00fcy\u00fck \u00fcretici konumuna gelmi\u015fti. Tesisin kurulmas\u0131n\u0131n hemen ard\u0131ndan <strong>\u00e7at\u0131y\u0131 g\u00fcne\u015f panelleriyle kaplamaya<\/strong> ba\u015flayan \u015firket \u00e7al\u0131\u015fmalar\u0131n\u0131 tamamlad\u0131 ve<strong> 5 Haziran D\u00fcnya \u00c7evre G\u00fcn\u00fc<\/strong>\u2019nde kabul alarak, <strong>elektrik \u00fcretimine<\/strong> ba\u015flad\u0131. \u00dcretilen elektrik, tesisin \u00f6z t\u00fcketimi i\u00e7in kullan\u0131lacak.<\/p>\n<h3><strong>Tu\u011frul Baran: \u201cY\u00fcksek verim ve \u00e7evre dostu teknolojisiyle \u00f6rnek bir tesis kurduk\u201d<\/strong><\/h3>\n<p>G\u00fcne\u015f enerjisi yat\u0131r\u0131mlar\u0131 hakk\u0131nda bilgi veren <strong>ODE Yal\u0131t\u0131m <\/strong><strong>\u00dcretimden Sorumlu <\/strong><strong>Y\u00f6netim Kurulu \u00dcyesi Tu\u011frul Baran<\/strong>, <em>\u201c<strong>ODE Yal\u0131t\u0131m<\/strong> olarak t\u00fcm proseslerimizi yar\u0131nlar\u0131m\u0131z\u0131 d\u00fc\u015f\u00fcnerek ger\u00e7ekle\u015ftiriyor, do\u011faya ve insana duyarl\u0131 \u00fcretim yakla\u015f\u0131m\u0131n\u0131 benimsiyoruz. Eski\u015fehir\u2019de ge\u00e7ti\u011fimiz y\u0131l \u00fcretime ba\u015flad\u0131\u011f\u0131m\u0131z tesisimiz yaln\u0131zca kapasite b\u00fcy\u00fckl\u00fc\u011f\u00fcyle de\u011fil y\u00fcksek verimi ve \u00e7evre dostu teknolojisiyle de \u00f6rnek bir tesis. Bu do\u011frultuda tesisimizin in\u015faat\u0131 bitip \u00fcretim ba\u015flar ba\u015flamaz \u00e7at\u0131ya g\u00fcne\u015f enerjisi panellerini kurmaya ba\u015flad\u0131k. <strong>5.340 adet<\/strong> g\u00fcne\u015f paneli (fotovoltaik) ile <strong>2.403 kWp kurulu g\u00fcce<\/strong> ula\u015ft\u0131k. Bu sayede y\u0131lda<strong> 3,2 milyon kWh<\/strong> enerji \u00fcretecek ve tesisimizin elektrik ihtiyac\u0131n\u0131n <strong>y\u00fczde 60\u2019\u0131n\u0131<\/strong> g\u00fcne\u015ften kar\u015f\u0131layaca\u011f\u0131z. Sistemin devreye al\u0131nmas\u0131yla ilgili kabul\u00fcn D\u00fcnya \u00c7evre G\u00fcn\u00fc\u2019nde olmas\u0131 ise bizim i\u00e7in \u00e7ok ho\u015f ve anlaml\u0131 bir tesad\u00fcf oldu\u201d<\/em> dedi.<\/p>\n<h3><strong>\u201cKarbon n\u00f6tr olma taahh\u00fcd\u00fcm\u00fcz kapsam\u0131nda yol haritam\u0131z\u0131 belirledik\u201d<\/strong><\/h3>\n<p>\u2018S\u0131f\u0131r Karbon Misyonu\u2019 \u00e7er\u00e7evesinde yenilenebilir enerji ve di\u011fer \u00e7evreci yat\u0131r\u0131mlara devam edeceklerini ifade eden <strong>Baran<\/strong> \u015funlar\u0131 s\u00f6yledi; <em>\u201cODE Yal\u0131t\u0131m olarak Eski\u015fehir ve \u00c7orlu\u2019daki alt\u0131 modern \u00fcretim tesisimizde d\u00f6rt binden fazla \u00fcr\u00fcn \u00e7e\u015fidi \u00fcretiyor, bu \u00fcr\u00fcnlerimizi 75\u2019in \u00fczerinde \u00fclkeye ihra\u00e7 ediyoruz. Bu s\u00fcre\u00e7te gerek \u00fcretimde gerekse \u00fcr\u00fcnlerimizde <strong>enerji verimlili\u011fini \u00f6nceliklendirerek,<\/strong> s\u00fcrekli geli\u015fmeyi temel alan bir <strong>enerji y\u00f6netim sistemi<\/strong> uyguluyoruz. Ayn\u0131 zamanda 2050 y\u0131l\u0131na kadar karbon <strong>n\u00f6tr olma taahh\u00fcd\u00fcm\u00fcz<\/strong> kapsam\u0131nda yol haritam\u0131z\u0131 da belirledik. Bu do\u011frultuda yenilenebilir enerji yat\u0131r\u0131mlar\u0131m\u0131z\u0131 aral\u0131ks\u0131z s\u00fcrd\u00fcrece\u011fiz. Ayr\u0131ca ham madde kayna\u011f\u0131ndan ba\u015flayarak do\u011fan\u0131n ihtiya\u00e7 duydu\u011fu \u00f6zeni kar\u015f\u0131lamaya ve <strong>karbon emisyonlar\u0131n\u0131<\/strong> atmosferden uzakla\u015ft\u0131rmak i\u00e7in <strong>do\u011fa bazl\u0131 \u00e7\u00f6z\u00fcmlere<\/strong> odaklanmaya devam edece\u011fiz.\u201d<\/em><\/p>","protected":false},"excerpt":{"rendered":"<p>Sorry, this entry is only available in Turkish. For the sake of viewer convenience, the content is shown below in the alternative language. You may click the link to switch the active language. Ge\u00e7ti\u011fimiz y\u0131l Avrupa\u2019n\u0131n en b\u00fcy\u00fck yal\u0131t\u0131m tesislerinden birini Eski\u015fehir\u2019de kuran ODE Yal\u0131t\u0131m, 20 bin metrekarelik bu tesisin \u00e7at\u0131s\u0131n\u0131 tamamen g\u00fcne\u015f panelleriyle kaplayarak [&hellip;]<\/p>\n","protected":false},"author":1,"featured_media":176140,"comment_status":"open","ping_status":"open","sticky":false,"template":"","format":"standard","meta":[],"categories":[53,49],"tags":[2206,1247,33913],"views":72,"_links":{"self":[{"href":"https:\/\/www.enerjigazetesi.ist\/en\/wp-json\/wp\/v2\/posts\/176138"}],"collection":[{"href":"https:\/\/www.enerjigazetesi.ist\/en\/wp-json\/wp\/v2\/posts"}],"about":[{"href":"https:\/\/www.enerjigazetesi.ist\/en\/wp-json\/wp\/v2\/types\/post"}],"author":[{"embeddable":true,"href":"https:\/\/www.enerjigazetesi.ist\/en\/wp-json\/wp\/v2\/users\/1"}],"replies":[{"embeddable":true,"href":"https:\/\/www.enerjigazetesi.ist\/en\/wp-json\/wp\/v2\/comments?post=176138"}],"version-history":[{"count":0,"href":"https:\/\/www.enerjigazetesi.ist\/en\/wp-json\/wp\/v2\/posts\/176138\/revisions"}],"wp:featuredmedia":[{"embeddable":true,"href":"https:\/\/www.enerjigazetesi.ist\/en\/wp-json\/wp\/v2\/media\/176140"}],"wp:attachment":[{"href":"https:\/\/www.enerjigazetesi.ist\/en\/wp-json\/wp\/v2\/media?parent=176138"}],"wp:term":[{"taxonomy":"category","embeddable":true,"href":"https:\/\/www.enerjigazetesi.ist\/en\/wp-json\/wp\/v2\/categories?post=176138"},{"taxonomy":"post_tag","embeddable":true,"href":"https:\/\/www.enerjigazetesi.ist\/en\/wp-json\/wp\/v2\/tags?post=176138"}],"curies":[{"name":"wp","href":"https:\/\/api.w.org\/{rel}","templated":true}]}}