{"id":176133,"date":"2023-06-12T10:46:15","date_gmt":"2023-06-12T07:46:15","guid":{"rendered":"https:\/\/www.enerjigazetesi.ist\/?p=176133"},"modified":"2023-06-12T10:46:41","modified_gmt":"2023-06-12T07:46:41","slug":"sedas-gsm-operatorleri-ile-kriz-iletisimi-icin-bir-araya-geldi","status":"publish","type":"post","link":"https:\/\/www.enerjigazetesi.ist\/en\/sedas-gsm-operatorleri-ile-kriz-iletisimi-icin-bir-araya-geldi\/","title":{"rendered":"(Turkish) &#8217;SEDA\u015e&#8217; GSM Operat\u00f6rleri ile Kriz \u0130leti\u015fimi \u0130\u00e7in Bir Araya Geldi"},"content":{"rendered":"<p class=\"qtranxs-available-languages-message qtranxs-available-languages-message-en\">Sorry, this entry is only available in <a href=\"https:\/\/www.enerjigazetesi.ist\/tr\/wp-json\/wp\/v2\/posts\/176133\" class=\"qtranxs-available-language-link qtranxs-available-language-link-tr\" title=\"Turkish\">Turkish<\/a>. For the sake of viewer convenience, the content is shown below in the alternative language. You may click the link to switch the active language.<\/p><p><\/p>\n<h2><strong>SEDA\u015e, GSM operat\u00f6rlerinden Turkcell, Vodafone ve T\u00fcrk Telekom yetkililerini a\u011f\u0131rlad\u0131. Olas\u0131 deprem durumlar\u0131nda al\u0131nmas\u0131 gereken kritik \u00f6nlemlerin konu\u015fuldu\u011fu <img loading=\"lazy\" class=\"alignright wp-image-176136\" src=\"https:\/\/www.enerjigazetesi.ist\/wp-content\/uploads\/2023\/06\/sedas-gsm-operatorleri-ile-kriz-iletisimi-icin-bir-araya-geldi-1.jpg\" alt=\"\" width=\"320\" height=\"214\" srcset=\"https:\/\/www.enerjigazetesi.ist\/wp-content\/uploads\/2023\/06\/sedas-gsm-operatorleri-ile-kriz-iletisimi-icin-bir-araya-geldi-1.jpg 550w, https:\/\/www.enerjigazetesi.ist\/wp-content\/uploads\/2023\/06\/sedas-gsm-operatorleri-ile-kriz-iletisimi-icin-bir-araya-geldi-1-300x200.jpg 300w, https:\/\/www.enerjigazetesi.ist\/wp-content\/uploads\/2023\/06\/sedas-gsm-operatorleri-ile-kriz-iletisimi-icin-bir-araya-geldi-1-500x334.jpg 500w, https:\/\/www.enerjigazetesi.ist\/wp-content\/uploads\/2023\/06\/sedas-gsm-operatorleri-ile-kriz-iletisimi-icin-bir-araya-geldi-1-75x50.jpg 75w, https:\/\/www.enerjigazetesi.ist\/wp-content\/uploads\/2023\/06\/sedas-gsm-operatorleri-ile-kriz-iletisimi-icin-bir-araya-geldi-1-450x300.jpg 450w\" sizes=\"(max-width: 320px) 100vw, 320px\" \/>toplant\u0131n\u0131n ilkinde al\u0131nabilecek tedbirler masaya yat\u0131r\u0131ld\u0131.<\/strong><\/h2>\n<p><strong>Sakarya Elektrik Da\u011f\u0131t\u0131m A.\u015e. (SEDA\u015e)<\/strong>, da\u011f\u0131t\u0131m faaliyet b\u00f6lgesinde bulunan GSM operat\u00f6rlerinden Turkcell, Vodafone ve T\u00fcrk Telekom yetkilileri ile y\u00fcz y\u00fcze yap\u0131lan toplant\u0131da bir araya geldi. <strong>SEDA\u015e Kurumsal \u0130leti\u015fim ve M\u00fc\u015fteri \u0130li\u015fkileri M\u00fcd\u00fcr\u00fc Efsun Ergin, SEDA\u015e \u015eebeke Y\u00f6netimi M\u00fcd\u00fcr\u00fc \u0130brahim Bakkalo\u011flu, SEDA\u015e D\u00fczce B\u00f6lge M\u00fcd\u00fcr\u00fc Cem Barlas Kar ve departman y\u00f6neticilerinin<\/strong> ev sahipli\u011fi yapt\u0131\u011f\u0131 toplant\u0131da, olas\u0131 deprem durumlar\u0131nda al\u0131nmas\u0131 gereken <strong>\u00f6nlemler<\/strong> ve<strong> \u00f6n haz\u0131rl\u0131k tedbirlerine<\/strong> ili\u015fkin s\u00fcre\u00e7lerin ilk ad\u0131mlar\u0131 konu\u015fuldu.<\/p>\n<p>Baz istasyonlar\u0131n\u0131n \u00f6nceliklendirilmesi, kesintisiz enerji i\u00e7in y\u00fcksek \u00f6nlem gerektiren noktalar\u0131n belirlenmesi gibi detayl\u0131 bilgilerin aktar\u0131ld\u0131\u011f\u0131 toplant\u0131da b\u00f6lge genelini kapsayan tedbirler i\u00e7in alt \u00e7al\u0131\u015fma gruplar\u0131 olu\u015fturuldu.<\/p>","protected":false},"excerpt":{"rendered":"<p>Sorry, this entry is only available in Turkish. For the sake of viewer convenience, the content is shown below in the alternative language. You may click the link to switch the active language. SEDA\u015e, GSM operat\u00f6rlerinden Turkcell, Vodafone ve T\u00fcrk Telekom yetkililerini a\u011f\u0131rlad\u0131. Olas\u0131 deprem durumlar\u0131nda al\u0131nmas\u0131 gereken kritik \u00f6nlemlerin konu\u015fuldu\u011fu toplant\u0131n\u0131n ilkinde al\u0131nabilecek tedbirler [&hellip;]<\/p>\n","protected":false},"author":1,"featured_media":176135,"comment_status":"open","ping_status":"open","sticky":false,"template":"","format":"standard","meta":[],"categories":[51,53],"tags":[109722,4546,109721,109723,102600,2444,2526,138,5951],"views":57,"_links":{"self":[{"href":"https:\/\/www.enerjigazetesi.ist\/en\/wp-json\/wp\/v2\/posts\/176133"}],"collection":[{"href":"https:\/\/www.enerjigazetesi.ist\/en\/wp-json\/wp\/v2\/posts"}],"about":[{"href":"https:\/\/www.enerjigazetesi.ist\/en\/wp-json\/wp\/v2\/types\/post"}],"author":[{"embeddable":true,"href":"https:\/\/www.enerjigazetesi.ist\/en\/wp-json\/wp\/v2\/users\/1"}],"replies":[{"embeddable":true,"href":"https:\/\/www.enerjigazetesi.ist\/en\/wp-json\/wp\/v2\/comments?post=176133"}],"version-history":[{"count":0,"href":"https:\/\/www.enerjigazetesi.ist\/en\/wp-json\/wp\/v2\/posts\/176133\/revisions"}],"wp:featuredmedia":[{"embeddable":true,"href":"https:\/\/www.enerjigazetesi.ist\/en\/wp-json\/wp\/v2\/media\/176135"}],"wp:attachment":[{"href":"https:\/\/www.enerjigazetesi.ist\/en\/wp-json\/wp\/v2\/media?parent=176133"}],"wp:term":[{"taxonomy":"category","embeddable":true,"href":"https:\/\/www.enerjigazetesi.ist\/en\/wp-json\/wp\/v2\/categories?post=176133"},{"taxonomy":"post_tag","embeddable":true,"href":"https:\/\/www.enerjigazetesi.ist\/en\/wp-json\/wp\/v2\/tags?post=176133"}],"curies":[{"name":"wp","href":"https:\/\/api.w.org\/{rel}","templated":true}]}}