{"id":176101,"date":"2023-06-10T15:53:23","date_gmt":"2023-06-10T12:53:23","guid":{"rendered":"https:\/\/www.enerjigazetesi.ist\/?p=176101"},"modified":"2023-06-10T15:58:08","modified_gmt":"2023-06-10T12:58:08","slug":"turkiyede-bataryali-elektrikli-arac-satislari-yuzde-251-yukseldi","status":"publish","type":"post","link":"https:\/\/www.enerjigazetesi.ist\/en\/turkiyede-bataryali-elektrikli-arac-satislari-yuzde-251-yukseldi\/","title":{"rendered":"(Turkish) T\u00fcrkiye\u2019de Bataryal\u0131 Elektrikli Ara\u00e7 Sat\u0131\u015flar\u0131 %251 Y\u00fckseldi"},"content":{"rendered":"<p class=\"qtranxs-available-languages-message qtranxs-available-languages-message-en\">Sorry, this entry is only available in <a href=\"https:\/\/www.enerjigazetesi.ist\/tr\/wp-json\/wp\/v2\/posts\/176101\" class=\"qtranxs-available-language-link qtranxs-available-language-link-tr\" title=\"Turkish\">Turkish<\/a>. For the sake of viewer convenience, the content is shown below in the alternative language. You may click the link to switch the active language.<\/p><p><\/p>\n<h2>PwC\u2019nin strateji dan\u0131\u015fmanl\u0131\u011f\u0131 grubu Strategy&amp;, k\u00fcresel bataryal\u0131 elektrikli ara\u00e7 (BEV) pazar\u0131ndaki t\u00fcketici tercihlerine ve sat\u0131\u015f trendlerine mercek tutan Elektrikli Ara\u00e7 Sat\u0131\u015flar\u0131 Ara\u015ft\u0131rmas\u0131\u2019n\u0131n sonu\u00e7lar\u0131n\u0131 payla\u015ft\u0131. Rapor, 2023&#8217;\u00fcn ilk \u00e7eyre\u011finde T\u00fcrkiye\u2019nin de aralar\u0131nda yer ald\u0131\u011f\u0131 19 \u00fclkeden derlenen verilere dayanarak elektrikli ara\u00e7 sat\u0131\u015flar\u0131n\u0131n da\u011f\u0131l\u0131m\u0131n\u0131 ve pazardaki en g\u00fcncel trendleri analiz ediyor.<\/h2>\n<p>Ara\u00e7 sat\u0131\u015flar\u0131nda t\u00fcketicinin elektrikli d\u00f6n\u00fc\u015f\u00fcme g\u00f6sterdi\u011fi ilginin s\u00fcrd\u00fc\u011f\u00fcn\u00fc ortaya koyan rapor, \u00c7in\u2019de elektrikli ara\u00e7lara uygulanan s\u00fcbvansiyonlar\u0131n sona ermesinin, 2023 y\u0131l\u0131n\u0131n ilk \u00e7eyre\u011finde bataryal\u0131 elektrikli ara\u00e7 (BEV) sat\u0131\u015flar\u0131nda ani bir yava\u015flamaya yol a\u00e7t\u0131\u011f\u0131na, bunun da k\u00fcresel elektrikli <img loading=\"lazy\" class=\"alignright wp-image-176105\" src=\"https:\/\/www.enerjigazetesi.ist\/wp-content\/uploads\/2023\/06\/turkiyede-bataryali-elektrikli-arac-satislari-yuzde-251-yukseldi-1.jpg\" alt=\"\" width=\"320\" height=\"206\" srcset=\"https:\/\/www.enerjigazetesi.ist\/wp-content\/uploads\/2023\/06\/turkiyede-bataryali-elektrikli-arac-satislari-yuzde-251-yukseldi-1.jpg 556w, https:\/\/www.enerjigazetesi.ist\/wp-content\/uploads\/2023\/06\/turkiyede-bataryali-elektrikli-arac-satislari-yuzde-251-yukseldi-1-300x193.jpg 300w, https:\/\/www.enerjigazetesi.ist\/wp-content\/uploads\/2023\/06\/turkiyede-bataryali-elektrikli-arac-satislari-yuzde-251-yukseldi-1-500x322.jpg 500w, https:\/\/www.enerjigazetesi.ist\/wp-content\/uploads\/2023\/06\/turkiyede-bataryali-elektrikli-arac-satislari-yuzde-251-yukseldi-1-78x50.jpg 78w\" sizes=\"(max-width: 320px) 100vw, 320px\" \/>ara\u00e7 b\u00fcy\u00fcme h\u0131z\u0131n\u0131 yava\u015flatt\u0131\u011f\u0131na dikkat \u00e7ekiyor. \u00c7in pazar\u0131ndaki b\u00fcy\u00fcmede g\u00f6r\u00fclen yava\u015flaman\u0131n k\u00fcresel rakamlara da \u00f6nemli bir etkide bulundu\u011fu g\u00f6r\u00fcl\u00fcyor. Raporda, \u00c7in\u2019de bataryal\u0131 elektrikli ara\u00e7lara uygulanan s\u00fcbvansiyonun sona erece\u011fi y\u00f6n\u00fcndeki beklentilerin t\u00fcketicilerin bataryal\u0131 elektrikli sat\u0131n alma ara\u00e7 tercihlerinin 2022 sonuna kadarki d\u00f6nemde yo\u011funla\u015fmas\u0131na yol a\u00e7an \u00f6nemli bir etken oldu\u011funun alt\u0131 \u00e7iziliyor.<\/p>\n<p>Ticari filo segmentinin, bataryal\u0131 elektrikli ara\u00e7lar i\u00e7in en \u00f6nemli b\u00fcy\u00fcme alan\u0131 olaca\u011f\u0131n\u0131n da alt\u0131n\u0131 \u00e7izen rapor, \u00fcreticilerin (OEM) bu f\u0131rsat\u0131 en iyi \u015fekilde de\u011ferlendirebilmeleri i\u00e7in pop\u00fcler filo modellerinin elektrikli muadillerini \u00fcretmeye h\u0131z vermesi gerekece\u011fine i\u015faret ediyor. Ticari filo segmentlerinde sunulan cazip elektrikli ara\u00e7 se\u00e7eneklerinin s\u0131n\u0131rl\u0131 olmas\u0131n\u0131n, b\u00fcy\u00fcmeyi frenleyici bir etkide bulundu\u011funa dikkat \u00e7ekiliyor.<\/p>\n<p>\u015earj edilebilir hibrit ara\u00e7 geli\u015fiminde lider konumda olmayan ancak b\u00fcy\u00fcmeyi destekleyen \u00fclkelerde ise bataryal\u0131 elektrikli ara\u00e7 sat\u0131\u015flar\u0131ndaki b\u00fcy\u00fcmenin di\u011ferlerine k\u0131yasla \u00e7ok daha y\u00fcksek olu\u015fu dikkat \u00e7ekiyor.<\/p>\n<p>Rapor, BEV oyuncular\u0131n\u0131n son d\u00f6nemde batarya \u00fcretimini kal\u0131c\u0131 olarak daha uygun maliyetli ve s\u00fcrd\u00fcr\u00fclebilir hale getirmeye odakland\u0131klar\u0131n\u0131 ortaya koyuyor. Raporda ayr\u0131ca otomobil \u00fcreticilerinin \u00f6n\u00fcm\u00fczdeki d\u00f6nemde pazara sunmaya haz\u0131rland\u0131klar\u0131 elektrikli ara\u00e7 modellerine de yer veriliyor.<\/p>\n<h3><strong>T\u00fcrkiye\u2019de elektrikli ara\u00e7 sat\u0131\u015flar\u0131 2023&#8217;\u00fcn ilk \u00e7eyre\u011finde %251 oran\u0131nda artt\u0131<\/strong><\/h3>\n<p>T\u00fcrkiye&#8217;deki bataryal\u0131 elektrikli ara\u00e7 sat\u0131\u015flar\u0131n\u0131 da kapsayan Strategy&amp; raporu, pazardaki h\u0131zl\u0131 b\u00fcy\u00fcme grafi\u011finin devam etti\u011fini g\u00f6steriyor. Rapor, pazara ili\u015fkin \u00f6nemli veriler aras\u0131nda T\u00fcrkiye\u2019nin \u00c7in\u2019de \u00fcretilen bataryal\u0131 elektrikli ara\u00e7lar i\u00e7in %40 ek g\u00fcmr\u00fck vergisi uygulamas\u0131na da vurgu yap\u0131yor.<\/p>\n<p><strong><img loading=\"lazy\" class=\"wp-image-176103 alignleft\" src=\"https:\/\/www.enerjigazetesi.ist\/wp-content\/uploads\/2023\/06\/turkiyede-bataryali-elektrikli-arac-satislari-yuzde-251-yukseldi.jpg\" alt=\"\" width=\"320\" height=\"262\" srcset=\"https:\/\/www.enerjigazetesi.ist\/wp-content\/uploads\/2023\/06\/turkiyede-bataryali-elektrikli-arac-satislari-yuzde-251-yukseldi.jpg 550w, https:\/\/www.enerjigazetesi.ist\/wp-content\/uploads\/2023\/06\/turkiyede-bataryali-elektrikli-arac-satislari-yuzde-251-yukseldi-300x245.jpg 300w, https:\/\/www.enerjigazetesi.ist\/wp-content\/uploads\/2023\/06\/turkiyede-bataryali-elektrikli-arac-satislari-yuzde-251-yukseldi-489x400.jpg 489w, https:\/\/www.enerjigazetesi.ist\/wp-content\/uploads\/2023\/06\/turkiyede-bataryali-elektrikli-arac-satislari-yuzde-251-yukseldi-61x50.jpg 61w, https:\/\/www.enerjigazetesi.ist\/wp-content\/uploads\/2023\/06\/turkiyede-bataryali-elektrikli-arac-satislari-yuzde-251-yukseldi-500x409.jpg 500w\" sizes=\"(max-width: 320px) 100vw, 320px\" \/>Strategy&amp; T\u00fcrkiye Lideri Ka\u011fan Karamano\u011flu<\/strong>\u00a0ara\u015ft\u0131rma ile ilgili \u015fu de\u011ferlendirmede bulundu:<\/p>\n<p><em>\u201cElektrikli ara\u00e7 sat\u0131\u015flar\u0131 y\u0131ldan y\u0131la art\u0131\u015f e\u011filimini s\u00fcrd\u00fcr\u00fcyor. T\u00fcrkiye\u2019de 2023 y\u0131l\u0131n\u0131n ilk \u00e7eyre\u011finde, bir \u00f6nceki y\u0131l\u0131n ayn\u0131 d\u00f6nemine k\u0131yasla bataryal\u0131 elektrikli ara\u00e7 sat\u0131\u015flar\u0131nda %251&#8217;lik art\u0131\u015f kaydedildi. Bu art\u0131\u015fta, TOGG\u2019un sat\u0131\u015fa sunulmas\u0131n\u0131n, \u00c7inli elektrikli ara\u00e7 \u00fcreticilerinin T\u00fcrkiye oda\u011f\u0131n\u0131 ve premium segmentte t\u00fcketicilerin elektrikli ara\u00e7lara olan ilgisinin ge\u00e7mi\u015f y\u0131llara k\u0131yasla art\u0131rmas\u0131n\u0131n etkilerini g\u00f6zlemliyoruz. \u00d6zellikle EPDK&#8217;den \u015farj istasyonu kurmak amac\u0131yla lisans alan \u015firket say\u0131s\u0131n\u0131n 120&#8217;yi a\u015fmas\u0131yla geli\u015fecek elektrikli ara\u00e7 \u015farj altyap\u0131s\u0131n\u0131 ve elektrikli ara\u00e7 piyasas\u0131nda \u00f6nc\u00fc firmalar\u0131n yeni modellerini T\u00fcrk t\u00fcketicilere tan\u0131taca\u011f\u0131n\u0131 d\u00fc\u015f\u00fcn\u00fcnce sat\u0131\u015flardaki art\u0131\u015f e\u011filiminin s\u00fcrmesi beklenebilir\u201d.<\/em><\/p>\n<h3><strong>Avrupa\u2019n\u0131n ilk be\u015f pazar\u0131nda BEV sat\u0131\u015flar\u0131 %26 art\u0131\u015f g\u00f6sterdi\u00a0<\/strong><\/h3>\n<p>Avrupa\u2019n\u0131n en b\u00fcy\u00fck be\u015f pazar\u0131 olan Fransa, Almanya, \u0130talya, \u0130spanya ve \u0130ngiltere\u2019de bataryal\u0131 elektrikli ara\u00e7 sat\u0131\u015flar\u0131, 2023 y\u0131l\u0131n\u0131n birinci \u00e7eyre\u011finde bir \u00f6nceki y\u0131l\u0131n ayn\u0131 d\u00f6nemine k\u0131yasla %26 artt\u0131. Fransa\u2019n\u0131n bataryal\u0131 elektrikli ara\u00e7 pazar\u0131ndaki \u00f6nemli b\u00fcy\u00fcme, 2022\u2019nin ilk \u00e7eyre\u011fine k\u0131yasla %49 artarak pazardaki genel art\u0131\u015fa b\u00fcy\u00fck bir katk\u0131 sa\u011flad\u0131. Almanya ve \u0130ngiltere\u2019deki b\u00fcy\u00fcme s\u0131ras\u0131yla %13 ve %19\u2019a geriledi. Almanya\u2019da 2022 y\u0131l\u0131 sonunda te\u015fviklerin kald\u0131r\u0131lmas\u0131 da b\u00fcy\u00fcme h\u0131z\u0131ndaki yava\u015flaman\u0131n nedenleri aras\u0131nda g\u00f6r\u00fcl\u00fcyor. Almanya&#8217;da 2022 y\u0131l\u0131 sonunda \u015farj edilebilir hibrit elektrikli ara\u00e7lara y\u00f6nelik t\u00fcm te\u015fvikler kald\u0131r\u0131lm\u0131\u015ft\u0131. Rapor, Almanya\u2019da yollarda olan bataryal\u0131 elektrikli ara\u00e7 say\u0131s\u0131n\u0131n ilk kez 1 milyonu ge\u00e7ti\u011fine de dikkat \u00e7ekiyor.<\/p>\n<p>Strategy&amp; raporu, artan korumac\u0131 e\u011filimler ve \u00c7in&#8217;in bu alandaki \u00fcst\u00fcnl\u00fc\u011f\u00fcn\u00fcn, Almanya\u2019daki otomobil \u00fcreticileri i\u00e7in \u00f6zellikle y\u00fcksek hacimli pazarda aray\u0131 kapatmalar\u0131 gerekti\u011fi anlam\u0131na geldi\u011fini de vurguluyor.<\/p>\n<p>\u0130lk be\u015f \u00fclkeyi izleyen Avrupa pazarlar\u0131na bak\u0131ld\u0131\u011f\u0131nda, Norve\u00e7\u2019teki bataryal\u0131 elektrikli ara\u00e7 sat\u0131\u015flar\u0131n\u0131n 2023\u2019\u00fcn ilk \u00e7eyre\u011finde 2022\u2019nin ilk \u00e7eyre\u011fine k\u0131yasla %10 azalm\u0131\u015f olsa da Norve\u00e7\u2019in d\u00fcnya genelinde %84,5 ile en y\u00fcksek pazar pay\u0131n\u0131 temsil etti\u011fi vurgulan\u0131yor. Di\u011fer Avrupa pazarlar\u0131nda bataryal\u0131 elektrikli ara\u00e7 sat\u0131\u015flar\u0131nda g\u00f6r\u00fclen en b\u00fcy\u00fck art\u0131\u015flar Hollanda ve Avusturya\u2019da, s\u0131ras\u0131yla %104 ve %57\u2019lik olarak kaydedildi.<\/p>\n<h3><strong>\u00c7in en y\u00fcksek hacimli BEV pazar\u0131 konumunda<\/strong><\/h3>\n<p>\u00c7in pazar\u0131ndaki bataryal\u0131 elektrikli ara\u00e7 sat\u0131\u015flar\u0131 2023\u2019\u00fcn ilk \u00e7eyre\u011finde, 2022\u2019nin ayn\u0131 d\u00f6nemine k\u0131yasla %15 artarken, ayn\u0131 d\u00f6nemde t\u00fcm g\u00fc\u00e7 aktar\u0131m mekanizmalar\u0131 sat\u0131\u015flar\u0131n\u0131n ise %7 oran\u0131nda azalm\u0131\u015f olmas\u0131 dikkat \u00e7ekiyor. Pazardaki bu tablo ayn\u0131 zamanda etkileyici bir performansa i\u015faret ediyor olsa da, BEV sat\u0131\u015flar\u0131ndaki b\u00fcy\u00fcmede son y\u0131llarda kaydedilen seviyenin b\u00fcy\u00fck oranda alt\u0131nda kald\u0131\u011f\u0131 g\u00f6zleniyor.<\/p>\n<p>Hibrit ara\u00e7 sat\u0131\u015f\u0131 a\u011f\u0131rl\u0131kl\u0131 olan Japonya elektrikli ara\u00e7 pazar\u0131nda, hibrit ara\u00e7lar\u0131n, 2023\u2019\u00fcn ilk \u00e7eyre\u011findeki pazar pay\u0131 %53,6 oldu. Bataryal\u0131 elektrikli ara\u00e7 sat\u0131\u015flar\u0131 ise \u00e7ok d\u00fc\u015f\u00fck bir bazdan da olsa, 2022&#8217;nin ilk \u00e7eyre\u011fine g\u00f6re %48 oran\u0131nda art\u0131\u015f g\u00f6sterdi ve pazar pay\u0131 %1,6 olarak ger\u00e7ekle\u015fti.<\/p>\n<p>Asya b\u00f6lgesinin \u00f6nemli pazarlar\u0131ndan olan G\u00fcney Kore\u2019de ise bataryal\u0131 elektrikli ara\u00e7 sat\u0131\u015flar\u0131, 2023&#8217;\u00fcn birinci \u00e7eyre\u011finde, 2022&#8217;nin ayn\u0131 d\u00f6nemine k\u0131yasla %34 y\u00fckseldi. Bataryal\u0131 elektrikli ara\u00e7 pazar\u0131n\u0131n pay\u0131 2023\u2019\u00fcn ilk \u00e7eyrek d\u00f6neminde %8,4 oldu.<\/p>\n<h3><strong>ABD pazar\u0131nda bataryal\u0131 elektrikli ara\u00e7 sat\u0131\u015flar\u0131 h\u0131zl\u0131 b\u00fcy\u00fcmesini s\u00fcrd\u00fcr\u00fcyor\u00a0<\/strong><\/h3>\n<p>ABD\u2019nin bataryal\u0131 elektrikli ara\u00e7 pazar\u0131, 2023 y\u0131l\u0131n\u0131n ilk \u00e7eyre\u011finde, bir \u00f6nceki y\u0131l\u0131n ayn\u0131 d\u00f6nemine k\u0131yasla %64 b\u00fcy\u00fcme kaydetti. Son y\u0131llardaki h\u0131zl\u0131 b\u00fcy\u00fcme trendini s\u00fcrd\u00fcren ABD pazar\u0131nda 2023\u2019\u00fcn ilk \u00e7eyrek d\u00f6neminde yakla\u015f\u0131k 250 bin bataryal\u0131 elektrikli ara\u00e7 sat\u0131\u015f\u0131 ger\u00e7ekle\u015fti. Rapor, ABD\u2019de 2023&#8217;\u00fcn ilk \u00e7eyre\u011finde BEV sat\u0131\u015flar\u0131n\u0131n pe\u015f pe\u015fe iki \u00e7eyrek d\u00f6nemde hibrit sat\u0131\u015flar\u0131n\u0131 geride b\u0131rakt\u0131\u011f\u0131n\u0131 ve b\u00f6yle bir durumun ikinci kez ger\u00e7ekle\u015fti\u011fine de dikkat \u00e7ekiyor. Rapora g\u00f6re, ABD pazar\u0131nda \u015farj edilebilir hibrit elektrikli ara\u00e7 sat\u0131\u015flar\u0131ndaki b\u00fcy\u00fcmenin son y\u0131llarda \u00e7arp\u0131c\u0131 \u015fekilde azalmas\u0131yla birlikte, bataryal\u0131 elektrikli ara\u00e7lar t\u00fcm elektrikli ara\u00e7 pazar\u0131nda tamamen bask\u0131n hale gelmeye haz\u0131rlan\u0131yor.<\/p>\n<p>ABD pazar\u0131ndaki BEV sat\u0131\u015flar\u0131na devlet te\u015fvikleri, s\u00fcrekli geni\u015fleyen model se\u00e7enekleri ve \u015farj altyap\u0131s\u0131n\u0131n s\u00fcrekli geli\u015fimi destek olmay\u0131 s\u00fcrd\u00fcr\u00fcyor. Rapor, halihaz\u0131rda \u00fclkede iki y\u0131ldan k\u0131sa bir s\u00fcrede \u00fc\u00e7 kattan fazla artarak %6,9 d\u00fczeyine ula\u015fan bataryal\u0131 elektrikli ara\u00e7 pazar pay\u0131nda ciddi bir b\u00fcy\u00fcme potansiyelinin oldu\u011funa da i\u015faret ediliyor.<\/p>\n<h3><strong>Ham madde fiyatlar\u0131ndaki d\u00fc\u015f\u00fc\u015f elektrikli ara\u00e7 fiyatlar\u0131n\u0131 etkileyebilir<\/strong><\/h3>\n<p>Raporun dikkat \u00e7ekti\u011fi noktalardan bir di\u011feri ise ham madde fiyatlar\u0131ndaki de\u011fi\u015fim. Batarya \u00fcretimi i\u00e7in kullan\u0131lan iki temel emtia olan kobalt ve lityumun maliyetinin son d\u00f6nemde d\u00fc\u015ft\u00fc\u011f\u00fcne dikkat \u00e7ekilen raporda, kobalt fiyat\u0131n\u0131n 2022 bahar d\u00f6nemine g\u00f6re yar\u0131dan fazla d\u00fc\u015ft\u00fc\u011f\u00fc, lityum maliyetinin ise Ocak 2023\u2019ten bu yana %20 geriledi\u011fi ifade ediliyor. Bu geli\u015fmelerin lityum demir fosfat (LFP) gibi daha ucuz kimyasallar\u0131n geli\u015ftirilmesine katk\u0131 verece\u011finin bahsedildi\u011fi rapor, buna ba\u011fl\u0131 olarak BEV ara\u00e7 fiyatlar\u0131n\u0131n da gerileyece\u011fi beklentisi olu\u015ftu\u011funun alt\u0131n\u0131 \u00e7iziyor.<\/p>\n<p><strong>Rapor i\u00e7in<\/strong>\u00a0<a href=\"https:\/\/www.strategyand.pwc.com\/tr\/tr\/medya\/2023-yilinin-ilk-ceyreginde-elektrikli-arac-satislari.html\" target=\"_blank\" rel=\"noopener\">https:\/\/www.strategyand.pwc.com\/tr\/tr\/medya\/2023-yilinin-ilk-ceyreginde-elektrikli-arac-satislari.html<\/a>\u00a0adresini ziyaret edebilirsiniz.<\/p>","protected":false},"excerpt":{"rendered":"<p>Sorry, this entry is only available in Turkish. For the sake of viewer convenience, the content is shown below in the alternative language. You may click the link to switch the active language. PwC\u2019nin strateji dan\u0131\u015fmanl\u0131\u011f\u0131 grubu Strategy&amp;, k\u00fcresel bataryal\u0131 elektrikli ara\u00e7 (BEV) pazar\u0131ndaki t\u00fcketici tercihlerine ve sat\u0131\u015f trendlerine mercek tutan Elektrikli Ara\u00e7 Sat\u0131\u015flar\u0131 Ara\u015ft\u0131rmas\u0131\u2019n\u0131n [&hellip;]<\/p>\n","protected":false},"author":1,"featured_media":176105,"comment_status":"open","ping_status":"open","sticky":false,"template":"","format":"standard","meta":[],"categories":[51,53],"tags":[107417,23762,108580,846],"views":45,"_links":{"self":[{"href":"https:\/\/www.enerjigazetesi.ist\/en\/wp-json\/wp\/v2\/posts\/176101"}],"collection":[{"href":"https:\/\/www.enerjigazetesi.ist\/en\/wp-json\/wp\/v2\/posts"}],"about":[{"href":"https:\/\/www.enerjigazetesi.ist\/en\/wp-json\/wp\/v2\/types\/post"}],"author":[{"embeddable":true,"href":"https:\/\/www.enerjigazetesi.ist\/en\/wp-json\/wp\/v2\/users\/1"}],"replies":[{"embeddable":true,"href":"https:\/\/www.enerjigazetesi.ist\/en\/wp-json\/wp\/v2\/comments?post=176101"}],"version-history":[{"count":0,"href":"https:\/\/www.enerjigazetesi.ist\/en\/wp-json\/wp\/v2\/posts\/176101\/revisions"}],"wp:featuredmedia":[{"embeddable":true,"href":"https:\/\/www.enerjigazetesi.ist\/en\/wp-json\/wp\/v2\/media\/176105"}],"wp:attachment":[{"href":"https:\/\/www.enerjigazetesi.ist\/en\/wp-json\/wp\/v2\/media?parent=176101"}],"wp:term":[{"taxonomy":"category","embeddable":true,"href":"https:\/\/www.enerjigazetesi.ist\/en\/wp-json\/wp\/v2\/categories?post=176101"},{"taxonomy":"post_tag","embeddable":true,"href":"https:\/\/www.enerjigazetesi.ist\/en\/wp-json\/wp\/v2\/tags?post=176101"}],"curies":[{"name":"wp","href":"https:\/\/api.w.org\/{rel}","templated":true}]}}