{"id":175986,"date":"2023-06-07T15:41:58","date_gmt":"2023-06-07T12:41:58","guid":{"rendered":"https:\/\/www.enerjigazetesi.ist\/?p=175986"},"modified":"2023-06-07T15:44:21","modified_gmt":"2023-06-07T12:44:21","slug":"orge-626-ton-atigi-donusturdu","status":"publish","type":"post","link":"https:\/\/www.enerjigazetesi.ist\/en\/orge-626-ton-atigi-donusturdu\/","title":{"rendered":"(Turkish) &#8217;ORGE&#8217; 626 Ton At\u0131\u011f\u0131 D\u00f6n\u00fc\u015ft\u00fcrd\u00fc"},"content":{"rendered":"<p class=\"qtranxs-available-languages-message qtranxs-available-languages-message-en\">Sorry, this entry is only available in <a href=\"https:\/\/www.enerjigazetesi.ist\/tr\/wp-json\/wp\/v2\/posts\/175986\" class=\"qtranxs-available-language-link qtranxs-available-language-link-tr\" title=\"Turkish\">Turkish<\/a>. For the sake of viewer convenience, the content is shown below in the alternative language. You may click the link to switch the active language.<\/p><p><\/p>\n<h2>2023 y\u0131l\u0131nda 25\u2019inci ya\u015f\u0131n\u0131 kutlayan ve \u00e7eyrek asr\u0131 geride b\u0131rakan ORGE, Geri D\u00f6n\u00fc\u015f\u00fcm Program\u0131 kapsam\u0131nda toplam 626 ton at\u0131\u011f\u0131 d\u00f6n\u00fc\u015ft\u00fcrd\u00fc. Bu yolla ekonomiye ciddi bir katk\u0131 sa\u011flad\u0131klar\u0131n\u0131 aktaran ORGE Y\u00f6netim Kurulu Ba\u015fkan\u0131 Nevhan G\u00fcnd\u00fcz, \u201cK\u00fcresel iklim krizine kar\u015f\u0131 \u00e7\u00f6z\u00fcmler \u00fczerinde yo\u011funla\u015farak gelecek ku\u015faklara daha ya\u015fan\u0131r bir d\u00fcnya b\u0131rakmak i\u00e7in \u00e7al\u0131\u015f\u0131yoruz\u201d dedi.<\/h2>\n<p>Cumhuriyetin 100\u2019\u00fcnc\u00fc y\u0131l\u0131nda 25\u2019inci ya\u015f\u0131n\u0131 kutlayan ORGE, sekt\u00f6r\u00fcnde her alanda oldu\u011fu gibi s\u00fcrd\u00fcr\u00fclebilirlik politikalar\u0131nda da \u00f6nc\u00fc \u00e7al\u0131\u015fmalara imza at\u0131yor. 2015 y\u0131l\u0131nda <strong>\u2018ORGE Geri D\u00f6n\u00fc\u015f\u00fcm Program\u0131\u2019<\/strong>n\u0131 ba\u015flatan \u015firket, faaliyetlerinin <strong>temel sarf malzemesi<\/strong> olan <strong>kablo, bak\u0131r, al\u00fcminyum, demir, plastik boru, kablo makaras\u0131<\/strong> gibi <strong>hurda at\u0131klar\u0131n\u0131 d\u00f6n\u00fc\u015ft\u00fcrd\u00fc<\/strong>. Ge\u00e7en y\u0131l toplam 78 ton <img loading=\"lazy\" class=\"alignright wp-image-175989\" src=\"https:\/\/www.enerjigazetesi.ist\/wp-content\/uploads\/2023\/06\/orge-626-ton-atigi-donusturdu-1.jpg\" alt=\"\" width=\"320\" height=\"283\" srcset=\"https:\/\/www.enerjigazetesi.ist\/wp-content\/uploads\/2023\/06\/orge-626-ton-atigi-donusturdu-1.jpg 543w, https:\/\/www.enerjigazetesi.ist\/wp-content\/uploads\/2023\/06\/orge-626-ton-atigi-donusturdu-1-300x265.jpg 300w, https:\/\/www.enerjigazetesi.ist\/wp-content\/uploads\/2023\/06\/orge-626-ton-atigi-donusturdu-1-453x400.jpg 453w, https:\/\/www.enerjigazetesi.ist\/wp-content\/uploads\/2023\/06\/orge-626-ton-atigi-donusturdu-1-57x50.jpg 57w, https:\/\/www.enerjigazetesi.ist\/wp-content\/uploads\/2023\/06\/orge-626-ton-atigi-donusturdu-1-500x442.jpg 500w\" sizes=\"(max-width: 320px) 100vw, 320px\" \/>at\u0131\u011f\u0131 ekonomiye kazand\u0131ran \u015firket, bu y\u0131l\u0131n ilk \u00fc\u00e7 ay\u0131nda da <strong>13 tonu<\/strong> kablo kaynakl\u0131<strong> 26 ton<\/strong> at\u0131\u011f\u0131 daha d\u00f6n\u00fc\u015ft\u00fcrd\u00fc. <strong>2015\u2019ten<\/strong> bug\u00fcne toplam<strong> 626 ton at\u0131\u011f\u0131<\/strong> geri d\u00f6n\u00fc\u015ft\u00fcren \u015firket, ekonomiye ciddi bir katk\u0131 sa\u011flad\u0131.<\/p>\n<h3><strong>\u00dc\u00e7 ayda 26 ton d\u00f6n\u00fc\u015ft\u00fc<\/strong><\/h3>\n<p>K\u00fcresel iklim krizine kar\u015f\u0131 \u00e7\u00f6z\u00fcmler \u00fczerinde yo\u011funla\u015farak gelecek ku\u015faklara daha ya\u015fan\u0131r bir d\u00fcnya b\u0131rakmak i\u00e7in \u00e7al\u0131\u015ft\u0131klar\u0131n\u0131n alt\u0131n\u0131 \u00e7izen <strong>ORGE Enerji Elektrik Taahh\u00fct A.\u015e. Y\u00f6netim Kurulu Ba\u015fkan\u0131 Nevhan G\u00fcnd\u00fcz<\/strong>, <em>\u201cORGE olarak \u00e7eyrek asr\u0131 geride b\u0131rak\u0131yoruz. Bu s\u00fcre zarf\u0131ndan bir\u00e7ok ilke imza atarak sekt\u00f6r\u00fcm\u00fczde \u00f6nc\u00fc olduk. Daha ya\u015fanabilir bir d\u00fcnya i\u00e7in 2015\u2019te devreye ald\u0131\u011f\u0131m\u0131z <strong>\u2018ORGE Geri D\u00f6n\u00fc\u015f\u00fcm Program\u0131\u2019m\u0131z da<\/strong> yine sekt\u00f6r\u00fcm\u00fczde \u00f6rnek projelerden biri oldu\u201d dedi. Bu proje kapsam\u0131nda <strong>2015-2022 y\u0131llar\u0131<\/strong> aras\u0131nda toplam <strong>604 ton at\u0131\u011f\u0131 geri d\u00f6n\u00fc\u015ft\u00fcrd\u00fcklerinin<\/strong> bilgisini veren G\u00fcnd\u00fcz, \u201c2022 y\u0131l\u0131nda yakla\u015f\u0131k <strong>34 tonu<\/strong> kablo kaynakl\u0131<strong> 78 tonun<\/strong> \u00fcst\u00fcnde at\u0131\u011f\u0131n geri d\u00f6n\u00fc\u015f\u00fcm\u00fcn\u00fc ger\u00e7ekle\u015ftirdik. Bu y\u0131l\u0131n ilk \u00fc\u00e7 ay\u0131nda da<strong> 13 tonu kablo<\/strong> kaynakl\u0131<strong> 26 ton at\u0131\u011f\u0131<\/strong> daha d\u00f6n\u00fc\u015ft\u00fcrd\u00fck. B\u00f6ylece toplamda<strong> 626 ton at\u0131\u011f\u0131<\/strong> d\u00f6n\u00fc\u015ft\u00fcrm\u00fc\u015f olduk\u201d<\/em> diye konu\u015ftu.<\/p>\n<h3><strong>Hedef verimli kaynak kullan\u0131m\u0131<\/strong><\/h3>\n<p>ORGE S\u0131f\u0131r At\u0131k Projesi\u2019ne ek olarak imalatlarda kullan\u0131lan \u00fcr\u00fcnlerin \u00f6nemli b\u00f6l\u00fcm\u00fcn\u00fcn geri d\u00f6n\u00fc\u015ft\u00fcr\u00fclm\u00fc\u015f malzemelerden \u00fcretilmi\u015f \u00fcr\u00fcnlerden olu\u015fmas\u0131n\u0131 hedeflediklerini anlatan Nevhan G\u00fcnd\u00fcz, <em>\u201cB\u00f6ylece kaynaklar\u0131m\u0131z\u0131 daha verimli kullanm\u0131\u015f olaca\u011f\u0131z\u201d<\/em> ifadelerini kulland\u0131. S\u00fcrd\u00fcr\u00fclebilirlik alan\u0131nda d\u00f6n\u00fc\u015f\u00fcme yenilenebilir enerji alt ba\u015fl\u0131\u011f\u0131ndan ba\u015flad\u0131klar\u0131n\u0131 aktaran G\u00fcnd\u00fcz, \u00e7al\u0131\u015fmalar\u0131n\u0131n merkezine <strong>solar sistemleri<\/strong> ve bu alandaki <strong>en yeni teknolojileri<\/strong> koyduklar\u0131n\u0131 kaydetti. G\u00fcnd\u00fcz, <em>\u201c<strong>Yenilenebilir enerji<\/strong> alan\u0131nda yat\u0131r\u0131mlar\u0131n h\u0131zland\u0131r\u0131lmas\u0131, mevcut kapasitede yenilenebilir enerjinin pay\u0131n\u0131n h\u0131zla art\u0131r\u0131lmas\u0131 ve bu alana y\u00f6nelik te\u015fviklerin iyile\u015ftirilmesi hem \u00fclkemiz hem de d\u00fcnya i\u00e7in hayati \u00f6nem arz ediyor. Gelecek bu y\u00f6nde \u015fekillenecek. Biz de hem \u00fczerimize d\u00fc\u015feni yapmak, hem de gelecekte yerimizi almak \u00fczere ilerliyoruz\u201d<\/em> \u015feklinde konu\u015ftu.<\/p>\n<h3><strong>2030\u2019da yenilenebilir enerjinin pay\u0131 y\u00fczde 70 olacak<\/strong><\/h3>\n<p>T\u00fcrkiye\u2019nin g\u00fcne\u015f enerjisinde avantajl\u0131 konumda bulundu\u011funa dikkat \u00e7eken G\u00fcnd\u00fcz, \u015f\u00f6yle devam etti: \u201cR\u00fczgar enerjisinde de \u00e7ok \u015fansl\u0131y\u0131z. Hem g\u00fcne\u015f hem de r\u00fczgar konusundaki avantajlar\u0131m\u0131z\u0131 de\u011ferlendirmemiz gerekiyor. <strong>2030 y\u0131l\u0131na<\/strong> kadar <strong>elektrik \u00fcretiminde yenilenebilir enerjinin pay\u0131n\u0131n y\u00fczde 70\u2019lere \u00e7\u0131kmas\u0131<\/strong> \u00f6ng\u00f6r\u00fcl\u00fcyor. Bunu ger\u00e7ekle\u015ftirebilirsek \u00e7ok \u00f6nemli bir i\u015f ba\u015farm\u0131\u015f oluruz \u00e7\u00fcnk\u00fc 2022 y\u0131l\u0131nda enerji ithalat\u0131n\u0131n bize faturas\u0131<strong> 100 milyar dolar<\/strong> civar\u0131nda ger\u00e7ekle\u015fti. G\u00fcne\u015flenme de\u011ferlerimizin 7 kat fazla oldu\u011fu Almanya <strong>y\u00fczde 35\u2019lere<\/strong> varan oranda g\u00fcne\u015f enerjisi kullan\u0131rken, T\u00fcrkiye\u2019de bu oran\u0131n sadece <strong>y\u00fczde 9<\/strong> seviyelerinde ger\u00e7ekle\u015fti\u011fini g\u00f6r\u00fcyoruz. Bu oran\u0131n artmas\u0131 gerekiyor.\u201d<\/p>","protected":false},"excerpt":{"rendered":"<p>Sorry, this entry is only available in Turkish. For the sake of viewer convenience, the content is shown below in the alternative language. You may click the link to switch the active language. 2023 y\u0131l\u0131nda 25\u2019inci ya\u015f\u0131n\u0131 kutlayan ve \u00e7eyrek asr\u0131 geride b\u0131rakan ORGE, Geri D\u00f6n\u00fc\u015f\u00fcm Program\u0131 kapsam\u0131nda toplam 626 ton at\u0131\u011f\u0131 d\u00f6n\u00fc\u015ft\u00fcrd\u00fc. Bu yolla [&hellip;]<\/p>\n","protected":false},"author":1,"featured_media":175988,"comment_status":"open","ping_status":"open","sticky":false,"template":"","format":"standard","meta":[],"categories":[53],"tags":[109667,109669,109668],"views":23,"_links":{"self":[{"href":"https:\/\/www.enerjigazetesi.ist\/en\/wp-json\/wp\/v2\/posts\/175986"}],"collection":[{"href":"https:\/\/www.enerjigazetesi.ist\/en\/wp-json\/wp\/v2\/posts"}],"about":[{"href":"https:\/\/www.enerjigazetesi.ist\/en\/wp-json\/wp\/v2\/types\/post"}],"author":[{"embeddable":true,"href":"https:\/\/www.enerjigazetesi.ist\/en\/wp-json\/wp\/v2\/users\/1"}],"replies":[{"embeddable":true,"href":"https:\/\/www.enerjigazetesi.ist\/en\/wp-json\/wp\/v2\/comments?post=175986"}],"version-history":[{"count":0,"href":"https:\/\/www.enerjigazetesi.ist\/en\/wp-json\/wp\/v2\/posts\/175986\/revisions"}],"wp:featuredmedia":[{"embeddable":true,"href":"https:\/\/www.enerjigazetesi.ist\/en\/wp-json\/wp\/v2\/media\/175988"}],"wp:attachment":[{"href":"https:\/\/www.enerjigazetesi.ist\/en\/wp-json\/wp\/v2\/media?parent=175986"}],"wp:term":[{"taxonomy":"category","embeddable":true,"href":"https:\/\/www.enerjigazetesi.ist\/en\/wp-json\/wp\/v2\/categories?post=175986"},{"taxonomy":"post_tag","embeddable":true,"href":"https:\/\/www.enerjigazetesi.ist\/en\/wp-json\/wp\/v2\/tags?post=175986"}],"curies":[{"name":"wp","href":"https:\/\/api.w.org\/{rel}","templated":true}]}}