{"id":175847,"date":"2023-06-05T13:39:43","date_gmt":"2023-06-05T10:39:43","guid":{"rendered":"https:\/\/www.enerjigazetesi.ist\/?p=175847"},"modified":"2023-06-05T13:42:01","modified_gmt":"2023-06-05T10:42:01","slug":"cevko-vakfi-iklim-krizine-karsi-cok-gec-olmadan-eyleme-gecmeliyiz","status":"publish","type":"post","link":"https:\/\/www.enerjigazetesi.ist\/en\/cevko-vakfi-iklim-krizine-karsi-cok-gec-olmadan-eyleme-gecmeliyiz\/","title":{"rendered":"(Turkish) \u00c7evko Vakf\u0131: \u0130klim Krizine Kar\u015f\u0131 \u00c7ok Ge\u00e7 Olmadan Eyleme Ge\u00e7meliyiz!"},"content":{"rendered":"<p class=\"qtranxs-available-languages-message qtranxs-available-languages-message-en\">Sorry, this entry is only available in <a href=\"https:\/\/www.enerjigazetesi.ist\/tr\/wp-json\/wp\/v2\/posts\/175847\" class=\"qtranxs-available-language-link qtranxs-available-language-link-tr\" title=\"Turkish\">Turkish<\/a>. For the sake of viewer convenience, the content is shown below in the alternative language. You may click the link to switch the active language.<\/p><p><\/p>\n<h2><strong>Uzman sanayi inisiyatifi ve etkin sivil toplum kurulu\u015fu kimliklerini b\u00fcnyesinde bir araya \u00c7EVKO Vakf\u0131&#8217;n\u0131n, D\u00fcnya \u00c7evre G\u00fcn\u00fc i\u00e7in yay\u0131mlad\u0131\u011f\u0131 mesajda, iklim krizine kar\u015f\u0131 \u00e7ok ge\u00e7 olmadan eyleme ge\u00e7ilmesi \u00e7a\u011fr\u0131s\u0131nda bulunuldu. D\u00fcnya ve insan a\u00e7\u0131s\u0131ndan kronik bir tehdit olan iklim krizi ile sava\u015f\u0131mda <\/strong><strong>bireylere, sivil topluma, medyaya, akademik kurumlara, ekonomik i\u015fletmelere, yerel y\u00f6netimlere, merkezi h\u00fck\u00fcmetlere, parlamentolara ve uluslararas\u0131 \u00f6rg\u00fctlere<\/strong><strong>\u00a0\u00f6nemli g\u00f6revler d\u00fc\u015ft\u00fc\u011f\u00fc vurgusu yap\u0131lan mesaj, bireylerin yapmas\u0131 gerekenler hakk\u0131nda bilgi veren bir video ile birlikte yay\u0131mland\u0131. Mesajda, iklim krizine kar\u015f\u0131 \u00c7EVKO Vakf\u0131\u2019n\u0131n 10 \u00e7\u00f6z\u00fcm \u00f6nerisine de yer verildi.<\/strong><\/h2>\n<p style=\"text-align: center;\"><img loading=\"lazy\" class=\"aligncenter wp-image-175849\" src=\"https:\/\/www.enerjigazetesi.ist\/wp-content\/uploads\/2023\/06\/cevko-vakfi-iklim-krizine-karsi-cok-gec-olmadan-eyleme-gecmeliyiz.jpg\" alt=\"\" width=\"500\" height=\"334\" srcset=\"https:\/\/www.enerjigazetesi.ist\/wp-content\/uploads\/2023\/06\/cevko-vakfi-iklim-krizine-karsi-cok-gec-olmadan-eyleme-gecmeliyiz.jpg 550w, https:\/\/www.enerjigazetesi.ist\/wp-content\/uploads\/2023\/06\/cevko-vakfi-iklim-krizine-karsi-cok-gec-olmadan-eyleme-gecmeliyiz-300x200.jpg 300w, https:\/\/www.enerjigazetesi.ist\/wp-content\/uploads\/2023\/06\/cevko-vakfi-iklim-krizine-karsi-cok-gec-olmadan-eyleme-gecmeliyiz-500x334.jpg 500w, https:\/\/www.enerjigazetesi.ist\/wp-content\/uploads\/2023\/06\/cevko-vakfi-iklim-krizine-karsi-cok-gec-olmadan-eyleme-gecmeliyiz-75x50.jpg 75w, https:\/\/www.enerjigazetesi.ist\/wp-content\/uploads\/2023\/06\/cevko-vakfi-iklim-krizine-karsi-cok-gec-olmadan-eyleme-gecmeliyiz-450x300.jpg 450w\" sizes=\"(max-width: 500px) 100vw, 500px\" \/><\/p>\n<p><strong>\u00c7EVKO Vakf\u0131, D\u00fcnya \u00c7evre G\u00fcn\u00fc<\/strong> i\u00e7in \u00f6zel bir mesaj yay\u0131mlad\u0131. \u0130klim kriziyle sava\u015f\u0131mda bireylerin yapabileceklerinin ve <strong>geri d\u00f6n\u00fc\u015f\u00fcm\u00fcn katk\u0131s\u0131n\u0131n vurguland\u0131\u011f\u0131 bir video ile<\/strong> birlikte yay\u0131mlanan mesajda \u015fu ifadelere yer verildi:<\/p>\n<p><em>1991 y\u0131l\u0131nda \u00e7evre duyarl\u0131l\u0131\u011f\u0131 konusunda \u00f6nc\u00fc kurulu\u015flar\u0131n azmiyle kurulan \u00c7EVKO Vakf\u0131, uzman sanayi inisiyatifi ve etkin sivil toplum kurulu\u015fu kimliklerini b\u00fcnyesinde bir araya getirmektedir.\u00a0<\/em><\/p>\n<p><em>Medya kurulu\u015flar\u0131n\u0131n da katk\u0131s\u0131yla s\u00fcrd\u00fcr\u00fclebilir \u00e7evre konusunda duyarl\u0131l\u0131\u011f\u0131n artmas\u0131 a\u00e7\u0131s\u0131ndan b\u00fcy\u00fck \u00f6neme sahip olan D\u00fcnya \u00c7evre G\u00fcn\u00fc\u2019nde temel mesaj\u0131m\u0131z, \u201c\u0130nsan ya\u015fam\u0131n\u0131n, \u00fczerinde ya\u015fad\u0131\u011f\u0131m\u0131z d\u00fcnyan\u0131n \u00e7evresel s\u00fcrd\u00fcr\u00fclebilirli\u011fine ba\u011fl\u0131 oldu\u011fu, iklim krizine kar\u015f\u0131 \u00e7ok ge\u00e7 olmadan eyleme ge\u00e7ilmesi gerekti\u011fi ve bunun i\u00e7in bireylere, sivil topluma, medyaya, akademik kurumlara, ekonomik i\u015fletmelere, yerel y\u00f6netimlere, merkezi h\u00fck\u00fcmetlere, parlamentolara ve uluslararas\u0131 \u00f6rg\u00fctlere \u00f6nemli g\u00f6revler d\u00fc\u015ft\u00fc\u011f\u00fcd\u00fcr.\u201d<\/em><\/p>\n<p><em>\u0130klim krizine kar\u015f\u0131 yap\u0131lmas\u0131 gerekenlerle ilgili, \u00c7EVKO Vakf\u0131 olarak 10 maddeden olu\u015fan bir \u00f6neri paketi geli\u015ftirdik: 1-T\u00fcrkiye\u2019nin 2053 \u201ckarbon n\u00f6tr\u201d olma hedefine ula\u015fabilmesi i\u00e7in mutlak azalt\u0131m hedefi belirlemesini, 2-iklim yasas\u0131 ve d\u00fczenlemelerinin h\u0131zla \u00e7\u0131kart\u0131larak y\u00fcr\u00fcrl\u00fc\u011fe konulmas\u0131n\u0131, 3-Emisyon Ticaret Sistemi veya benzer y\u00f6ntemlerle karbon sal\u0131m\u0131na s\u0131n\u0131r ve bedel konulmas\u0131n\u0131, 4- enerji \u00fcretiminde k\u00f6m\u00fcre kademeli olarak son verilmesini, 5- ormanlar\u0131n ve karbon yutaklar\u0131n\u0131n \u00e7o\u011falt\u0131lmas\u0131n\u0131, 6-enerji verimli\u011fi ve yenilenebilir enerjinin artt\u0131r\u0131lmas\u0131n\u0131, 7-enerji sekt\u00f6r\u00fc, sanayi, binalar, ula\u015f\u0131m, tar\u0131m ve at\u0131klardan \u00e7\u0131kan sal\u0131mlar\u0131n azalt\u0131lmas\u0131n\u0131, 8-\u201cuyum\u201d konusunda b\u00f6lgesel planlar\u0131n yap\u0131l\u0131p uygulanmas\u0131n\u0131, 9-bunlar i\u00e7in ciddi finansal kaynak ve 10-ulusal fark\u0131ndal\u0131k kampanyas\u0131 olu\u015fturulmas\u0131n\u0131 \u00f6neriyoruz.<\/em><\/p>\n<p style=\"text-align: center;\"><iframe loading=\"lazy\" title=\"YouTube video player\" src=\"https:\/\/www.youtube.com\/embed\/dsWw0-2hypE\" width=\"560\" height=\"315\" frameborder=\"0\" allowfullscreen=\"allowfullscreen\"><span data-mce-type=\"bookmark\" style=\"display: inline-block; width: 0px; overflow: hidden; line-height: 0;\" class=\"mce_SELRES_start\">\ufeff<\/span><\/iframe><\/p>\n<p><\/p>","protected":false},"excerpt":{"rendered":"<p>Sorry, this entry is only available in Turkish. For the sake of viewer convenience, the content is shown below in the alternative language. You may click the link to switch the active language. Uzman sanayi inisiyatifi ve etkin sivil toplum kurulu\u015fu kimliklerini b\u00fcnyesinde bir araya \u00c7EVKO Vakf\u0131&#8217;n\u0131n, D\u00fcnya \u00c7evre G\u00fcn\u00fc i\u00e7in yay\u0131mlad\u0131\u011f\u0131 mesajda, iklim krizine [&hellip;]<\/p>\n","protected":false},"author":1,"featured_media":175849,"comment_status":"open","ping_status":"open","sticky":false,"template":"","format":"standard","meta":[],"categories":[53],"tags":[36987,15555,53412,109623,1296],"views":22,"_links":{"self":[{"href":"https:\/\/www.enerjigazetesi.ist\/en\/wp-json\/wp\/v2\/posts\/175847"}],"collection":[{"href":"https:\/\/www.enerjigazetesi.ist\/en\/wp-json\/wp\/v2\/posts"}],"about":[{"href":"https:\/\/www.enerjigazetesi.ist\/en\/wp-json\/wp\/v2\/types\/post"}],"author":[{"embeddable":true,"href":"https:\/\/www.enerjigazetesi.ist\/en\/wp-json\/wp\/v2\/users\/1"}],"replies":[{"embeddable":true,"href":"https:\/\/www.enerjigazetesi.ist\/en\/wp-json\/wp\/v2\/comments?post=175847"}],"version-history":[{"count":0,"href":"https:\/\/www.enerjigazetesi.ist\/en\/wp-json\/wp\/v2\/posts\/175847\/revisions"}],"wp:featuredmedia":[{"embeddable":true,"href":"https:\/\/www.enerjigazetesi.ist\/en\/wp-json\/wp\/v2\/media\/175849"}],"wp:attachment":[{"href":"https:\/\/www.enerjigazetesi.ist\/en\/wp-json\/wp\/v2\/media?parent=175847"}],"wp:term":[{"taxonomy":"category","embeddable":true,"href":"https:\/\/www.enerjigazetesi.ist\/en\/wp-json\/wp\/v2\/categories?post=175847"},{"taxonomy":"post_tag","embeddable":true,"href":"https:\/\/www.enerjigazetesi.ist\/en\/wp-json\/wp\/v2\/tags?post=175847"}],"curies":[{"name":"wp","href":"https:\/\/api.w.org\/{rel}","templated":true}]}}