{"id":175808,"date":"2023-06-05T11:05:46","date_gmt":"2023-06-05T08:05:46","guid":{"rendered":"https:\/\/www.enerjigazetesi.ist\/?p=175808"},"modified":"2023-06-05T11:05:46","modified_gmt":"2023-06-05T08:05:46","slug":"koruma-sirketler-grubu-yenilenebilir-enerji-yatirimlarina-hiz-verdi","status":"publish","type":"post","link":"https:\/\/www.enerjigazetesi.ist\/en\/koruma-sirketler-grubu-yenilenebilir-enerji-yatirimlarina-hiz-verdi\/","title":{"rendered":"(Turkish) &#8217;Koruma \u015eirketler Grubu&#8217; Yenilenebilir Enerji Yat\u0131r\u0131mlar\u0131na H\u0131z Verdi"},"content":{"rendered":"<p class=\"qtranxs-available-languages-message qtranxs-available-languages-message-en\">Sorry, this entry is only available in <a href=\"https:\/\/www.enerjigazetesi.ist\/tr\/wp-json\/wp\/v2\/posts\/175808\" class=\"qtranxs-available-language-link qtranxs-available-language-link-tr\" title=\"Turkish\">Turkish<\/a>. For the sake of viewer convenience, the content is shown below in the alternative language. You may click the link to switch the active language.<\/p><p><\/p>\n<h2><strong>Kimya sekt\u00f6r\u00fcnde yerli \u00fcretimin temsilcili\u011fini yapan ve \u00fclkemizin en b\u00fcy\u00fck sanayi \u015firketleri aras\u0131nda yer alan Koruma \u015eirketler Grubu, s\u00fcrd\u00fcr\u00fclebilir bir d\u00fcnya i\u00e7in yenilenebilir enerji yat\u0131r\u0131mlar\u0131na h\u0131z verdi. Gelecek nesillere daha ya\u015fanabilir bir d\u00fcnya b\u0131rakmak i\u00e7in t\u00fcm \u00fcretim s\u00fcre\u00e7lerini s\u00fcrd\u00fcr\u00fclebilirlik yakla\u015f\u0131m\u0131 ile tasarlayan Koruma, Gaziantep\u2019in \u0130slahiye \u0130l\u00e7esi\u2019nde iki G\u00fcne\u015f Enerji Santrali (GES) kuracak. <\/strong><\/h2>\n<p>Karbon ayak izini azaltma vizyonuna uygun olarak yenilenebilir enerji kaynaklar\u0131na y\u00f6nelik yat\u0131r\u0131mlar ger\u00e7ekle\u015ftiren Koruma \u015eirketler Grubu, var olan yat\u0131r\u0131mlar\u0131na ek olarak Gaziantep\u2019in \u0130slahiye \u0130l\u00e7esi\u2019nde toplam <strong>43 MWp<\/strong> g\u00fcc\u00fcnde<strong> iki G\u00fcne\u015f Enerji Santrali (GES)<\/strong> kuracak. \u0130slahiye\u2019de yakla\u015f\u0131k 560 bin <img loading=\"lazy\" class=\"alignright wp-image-167319\" src=\"https:\/\/www.enerjigazetesi.ist\/wp-content\/uploads\/2023\/01\/solar-energy-companies.jpg\" alt=\"\" width=\"320\" height=\"195\" srcset=\"https:\/\/www.enerjigazetesi.ist\/wp-content\/uploads\/2023\/01\/solar-energy-companies.jpg 550w, https:\/\/www.enerjigazetesi.ist\/wp-content\/uploads\/2023\/01\/solar-energy-companies-300x183.jpg 300w, https:\/\/www.enerjigazetesi.ist\/wp-content\/uploads\/2023\/01\/solar-energy-companies-500x305.jpg 500w, https:\/\/www.enerjigazetesi.ist\/wp-content\/uploads\/2023\/01\/solar-energy-companies-80x50.jpg 80w\" sizes=\"(max-width: 320px) 100vw, 320px\" \/>metrekarelik bir alanda kurulacak <strong>35,5 MW<\/strong> g\u00fcc\u00fcndeki ilk GES tesisinin, yap\u0131lan sim\u00fclasyon \u00e7al\u0131\u015fmalar\u0131na g\u00f6re y\u0131lda yakla\u015f\u0131k <strong>60 milyon kWh<\/strong> elektrik \u00fcretmesi planlan\u0131yor. Ayn\u0131 b\u00f6lgede 13 bin metrekarenin \u00fczerindeki bir alanda kurulacak olan ikinci GES\u2019in kurulu g\u00fcc\u00fc ise <strong>12,21 MW<\/strong> olarak projelendiriliyor. Koruma, her iki GES\u2019in kurulumu ve i\u015fletmesi i\u00e7in<strong> 720 milyon liran\u0131n \u00fczerinde yat\u0131r\u0131m<\/strong> yapacak. Gaziantep GES projesi,<strong> 2022 Enerjisini \u00dcreten Fabrikalar Zirvesi ve Sergisi<\/strong>\u2019nde<strong> \u2018Verimlilik \u00d6d\u00fcl\u00fc\u2019ne<\/strong> de lay\u0131k g\u00f6r\u00fcld\u00fc.<\/p>\n<h3><strong>Gaziantep GES projesi ile \u00e7evreyi korurken, cari a\u00e7\u0131\u011f\u0131n azalmas\u0131na da katk\u0131 sa\u011flayacak\u2026<\/strong><\/h3>\n<p>Koruma \u015eirketler Grubu; Kocaeli, Denizli ve Hatay fabrikalar\u0131nda y\u00fczde 90\u2019a varan <strong>enerji verimlili\u011fi<\/strong> sa\u011flayan<strong> kojenerasyon sistemleri<\/strong> ile kendi<strong> elektri\u011fini \u00fcretirken ayn\u0131 zamanda \u0131s\u0131nma ihtiyac\u0131n\u0131 da kar\u015f\u0131l\u0131yor.<\/strong> Ayr\u0131ca Kocaeli Derince ve Hatay K\u0131r\u0131khan\u2019daki Koruma \u00fcretim tesislerinin \u00e7at\u0131s\u0131nda yer alan <strong>g\u00fcne\u015f panelleri<\/strong> sayesinde <strong>yenilenebilir g\u00fcne\u015f enerjisinden<\/strong> yararlan\u0131yor. Denizli Honaz Tesislerinde de<strong> \u00e7at\u0131 \u00fczeri GES yat\u0131r\u0131mlar\u0131<\/strong> ba\u015flad\u0131. Gaziantep\u2019te kurulacak yeni GES yat\u0131r\u0131mlar\u0131 ile \u00fcretimde ihtiya\u00e7 duyulan enerjinin yenilenebilir kaynaklar\u0131ndan kar\u015f\u0131lanma oran\u0131 artacak. <strong>Yenilenebilir enerji yat\u0131r\u0131mlar\u0131,<\/strong> grubun \u00e7evreye sayg\u0131l\u0131 \u00fcretim hedeflerini destekliyor. Di\u011fer yandan enerjide yenilenebilir kaynaklar\u0131n pay\u0131n\u0131n artmas\u0131, enerjide y\u00fcksek d\u0131\u015fa ba\u011f\u0131ml\u0131l\u0131\u011f\u0131n azalt\u0131lmas\u0131 ve cari a\u00e7\u0131\u011f\u0131n kapanmas\u0131 bak\u0131m\u0131ndan b\u00fcy\u00fck \u00f6nem ta\u015f\u0131yor.<\/p>\n<p>Koruma \u015eirketler Grubu, \u00fcretim s\u00fcre\u00e7lerinde<strong> enerji verimlili\u011fini esas alan uygulamalar\u0131<\/strong> ve <strong>ak\u0131ll\u0131 teknolojileri de<\/strong> hayata ge\u00e7iriyor. Ayr\u0131ca karbon ayak izini azaltmaya y\u00f6nelik s\u00fcrd\u00fcr\u00fclen \u00e7al\u0131\u015fmalar kapsam\u0131nda her y\u0131l<strong> sera gaz\u0131 \u00f6l\u00e7\u00fcmleri<\/strong> yap\u0131yor ve<strong> karbon miktar\u0131n\u0131<\/strong> hesaplayarak bir sonraki sene i\u00e7in azaltma hedefini belirliyor. Grubun, T\u00fcrkiye genelindeki fabrikalar\u0131nda at\u0131k y\u00f6netimi de titizlikle y\u00fcr\u00fct\u00fcl\u00fcyor. <strong>Daha az at\u0131k ve at\u0131klar\u0131n geri kazan\u0131m\u0131 hedefi<\/strong> do\u011frultusunda at\u0131klar kayna\u011f\u0131nda ayr\u0131\u015ft\u0131r\u0131larak lisansl\u0131 firmalara g\u00f6nderiliyor.<\/p>\n<p><strong>Koruma \u015eirketler Grubu Y\u00f6netim Kurulu Ba\u015fkan\u0131 Vefa \u0130brahim Arac\u0131<\/strong>, 5 Haziran D\u00fcnya<strong><img loading=\"lazy\" class=\"wp-image-175811 alignleft\" src=\"https:\/\/www.enerjigazetesi.ist\/wp-content\/uploads\/2023\/06\/koruma-sirketler-grubu-yenilenebilir-enerji-yatirimlarina-hiz-verdi.jpg\" alt=\"\" width=\"320\" height=\"214\" srcset=\"https:\/\/www.enerjigazetesi.ist\/wp-content\/uploads\/2023\/06\/koruma-sirketler-grubu-yenilenebilir-enerji-yatirimlarina-hiz-verdi.jpg 550w, https:\/\/www.enerjigazetesi.ist\/wp-content\/uploads\/2023\/06\/koruma-sirketler-grubu-yenilenebilir-enerji-yatirimlarina-hiz-verdi-300x200.jpg 300w, https:\/\/www.enerjigazetesi.ist\/wp-content\/uploads\/2023\/06\/koruma-sirketler-grubu-yenilenebilir-enerji-yatirimlarina-hiz-verdi-500x334.jpg 500w, https:\/\/www.enerjigazetesi.ist\/wp-content\/uploads\/2023\/06\/koruma-sirketler-grubu-yenilenebilir-enerji-yatirimlarina-hiz-verdi-75x50.jpg 75w, https:\/\/www.enerjigazetesi.ist\/wp-content\/uploads\/2023\/06\/koruma-sirketler-grubu-yenilenebilir-enerji-yatirimlarina-hiz-verdi-450x300.jpg 450w\" sizes=\"(max-width: 320px) 100vw, 320px\" \/><\/strong> \u00c7evre G\u00fcn\u00fc dolay\u0131s\u0131yla yapt\u0131\u011f\u0131 a\u00e7\u0131klamada, gelecek nesiller i\u00e7in do\u011fal kaynaklar\u0131n verimli kullan\u0131lmas\u0131 ve yenilenebilir enerjinin \u00f6nemine dikkat \u00e7ekerek \u015funlar\u0131 s\u00f6yledi: <em>\u201cS\u00fcrd\u00fcr\u00fclebilir ve gelecek nesiller i\u00e7in temiz bir d\u00fcnya hedefine ula\u015fmak amac\u0131yla bug\u00fcnden at\u0131lmas\u0131 gereken ad\u0131mlar\u0131 erteleme l\u00fcks\u00fcm\u00fcz yok. K\u00fcresel \u0131s\u0131nma ciddi bir sorun ve \u00e7evresel etkilerini her ge\u00e7en g\u00fcn daha fazla hissediyoruz. Ana faaliyet alan\u0131 kimya olan bir grup olarak enerji ihtiyac\u0131n\u0131n b\u00fcy\u00fck oranda <strong>g\u00fcne\u015f gibi yenilenebilir kaynaklardan sa\u011flanmas\u0131n\u0131<\/strong> hem \u00e7evrenin korunmas\u0131 hem de \u00fclke ekonomisinin enerjideki y\u00fcksek ithalat rakamlar\u0131n\u0131n d\u00fc\u015f\u00fcr\u00fclmesi noktas\u0131nda \u00e7ok \u00f6nemsiyoruz. Bu alandaki yat\u0131r\u0131mlar\u0131m\u0131za da h\u0131z vermi\u015f durumday\u0131z. Avrupa Birli\u011fi\u2019nin <strong>karbon n\u00f6tr hedefleri<\/strong> ve <strong>Ye\u015fil Mutabakat<\/strong> da \u00f6n\u00fcm\u00fczdeki d\u00f6nemin \u00f6ncelikli konular\u0131 aras\u0131nda. \u00c7evre ve insanla uyumlu \u00fcretim anlay\u0131\u015f\u0131m\u0131z ile ye\u015fil d\u00f6n\u00fc\u015f\u00fcm\u00fc b\u00fcy\u00fcme vizyonumuzun \u00f6nemli bir par\u00e7as\u0131 kabul ediyor ve buna uygun ad\u0131mlar at\u0131yoruz.\u201d<\/em><\/p>","protected":false},"excerpt":{"rendered":"<p>Sorry, this entry is only available in Turkish. For the sake of viewer convenience, the content is shown below in the alternative language. You may click the link to switch the active language. Kimya sekt\u00f6r\u00fcnde yerli \u00fcretimin temsilcili\u011fini yapan ve \u00fclkemizin en b\u00fcy\u00fck sanayi \u015firketleri aras\u0131nda yer alan Koruma \u015eirketler Grubu, s\u00fcrd\u00fcr\u00fclebilir bir d\u00fcnya i\u00e7in [&hellip;]<\/p>\n","protected":false},"author":1,"featured_media":167319,"comment_status":"open","ping_status":"open","sticky":false,"template":"","format":"standard","meta":[],"categories":[53,49],"tags":[2206],"views":32,"_links":{"self":[{"href":"https:\/\/www.enerjigazetesi.ist\/en\/wp-json\/wp\/v2\/posts\/175808"}],"collection":[{"href":"https:\/\/www.enerjigazetesi.ist\/en\/wp-json\/wp\/v2\/posts"}],"about":[{"href":"https:\/\/www.enerjigazetesi.ist\/en\/wp-json\/wp\/v2\/types\/post"}],"author":[{"embeddable":true,"href":"https:\/\/www.enerjigazetesi.ist\/en\/wp-json\/wp\/v2\/users\/1"}],"replies":[{"embeddable":true,"href":"https:\/\/www.enerjigazetesi.ist\/en\/wp-json\/wp\/v2\/comments?post=175808"}],"version-history":[{"count":0,"href":"https:\/\/www.enerjigazetesi.ist\/en\/wp-json\/wp\/v2\/posts\/175808\/revisions"}],"wp:featuredmedia":[{"embeddable":true,"href":"https:\/\/www.enerjigazetesi.ist\/en\/wp-json\/wp\/v2\/media\/167319"}],"wp:attachment":[{"href":"https:\/\/www.enerjigazetesi.ist\/en\/wp-json\/wp\/v2\/media?parent=175808"}],"wp:term":[{"taxonomy":"category","embeddable":true,"href":"https:\/\/www.enerjigazetesi.ist\/en\/wp-json\/wp\/v2\/categories?post=175808"},{"taxonomy":"post_tag","embeddable":true,"href":"https:\/\/www.enerjigazetesi.ist\/en\/wp-json\/wp\/v2\/tags?post=175808"}],"curies":[{"name":"wp","href":"https:\/\/api.w.org\/{rel}","templated":true}]}}