{"id":175772,"date":"2023-06-02T13:38:37","date_gmt":"2023-06-02T10:38:37","guid":{"rendered":"https:\/\/www.enerjigazetesi.ist\/?p=175772"},"modified":"2023-06-02T14:23:12","modified_gmt":"2023-06-02T11:23:12","slug":"sedas-in-kadin-enerjisi-next-projesi-nin-atolye-bulusmasi-gerceklesti","status":"publish","type":"post","link":"https:\/\/www.enerjigazetesi.ist\/en\/sedas-in-kadin-enerjisi-next-projesi-nin-atolye-bulusmasi-gerceklesti\/","title":{"rendered":"(Turkish) SEDA\u015e&#8217;\u0131n &#8216;Kad\u0131n Enerjisi Next Projesi&#8217;nin Ato\u0308lye Bulus\u0327mas\u0131 Gerc\u0327ekles\u0327ti"},"content":{"rendered":"<p class=\"qtranxs-available-languages-message qtranxs-available-languages-message-en\">Sorry, this entry is only available in <a href=\"https:\/\/www.enerjigazetesi.ist\/tr\/wp-json\/wp\/v2\/posts\/175772\" class=\"qtranxs-available-language-link qtranxs-available-language-link-tr\" title=\"Turkish\">Turkish<\/a>. For the sake of viewer convenience, the content is shown below in the alternative language. You may click the link to switch the active language.<\/p><p><\/p>\n<h2><strong>Akk\u00f6k Holding\u2019in enerji grup \u015firketleri taraf\u0131ndan ortakla\u015fa y\u00fcr\u00fct\u00fclen Kad\u0131n Enerjisi projesinin \u201cNext\u201d program\u0131 kapsam\u0131nda \u00d6\u011frenci bulu\u015fmalar\u0131 ba\u015flad\u0131. Bu y\u0131l 30- 31 May\u0131s tarihlerinde ger\u00e7ekle\u015ftirilen programda \u00f6\u011frenciler, Teknik E\u011fitim Merkezi\u2019nde uygulamal\u0131 teknik \u00e7al\u0131\u015fmalar ve ilham verici konu\u015fmalarla enerji sekt\u00f6r\u00fcn\u00fc yak\u0131ndan tan\u0131ma \u015fans\u0131na sahip oldular.<br \/>\n<\/strong><\/h2>\n<p style=\"text-align: center;\"><img loading=\"lazy\" class=\"aligncenter wp-image-175775\" src=\"https:\/\/www.enerjigazetesi.ist\/wp-content\/uploads\/2023\/06\/sedas-in-kadin-enerjisi-next-projesi-nin-ato\u0308lye-bulus\u0327masi-gerc\u0327ekles\u0327ti-01.jpg\" alt=\"\" width=\"500\" height=\"334\" srcset=\"https:\/\/www.enerjigazetesi.ist\/wp-content\/uploads\/2023\/06\/sedas-in-kadin-enerjisi-next-projesi-nin-ato\u0308lye-bulus\u0327masi-gerc\u0327ekles\u0327ti-01.jpg 550w, https:\/\/www.enerjigazetesi.ist\/wp-content\/uploads\/2023\/06\/sedas-in-kadin-enerjisi-next-projesi-nin-ato\u0308lye-bulus\u0327masi-gerc\u0327ekles\u0327ti-01-300x200.jpg 300w, https:\/\/www.enerjigazetesi.ist\/wp-content\/uploads\/2023\/06\/sedas-in-kadin-enerjisi-next-projesi-nin-ato\u0308lye-bulus\u0327masi-gerc\u0327ekles\u0327ti-01-500x334.jpg 500w, https:\/\/www.enerjigazetesi.ist\/wp-content\/uploads\/2023\/06\/sedas-in-kadin-enerjisi-next-projesi-nin-ato\u0308lye-bulus\u0327masi-gerc\u0327ekles\u0327ti-01-75x50.jpg 75w, https:\/\/www.enerjigazetesi.ist\/wp-content\/uploads\/2023\/06\/sedas-in-kadin-enerjisi-next-projesi-nin-ato\u0308lye-bulus\u0327masi-gerc\u0327ekles\u0327ti-01-450x300.jpg 450w\" sizes=\"(max-width: 500px) 100vw, 500px\" \/><\/p>\n<p><strong>Sakarya Elektrik Da\u011f\u0131t\u0131m A.\u015e.\u2019nin (SEDA\u015e)<\/strong> hayata ge\u00e7irdi\u011fi<strong> \u201cKad\u0131n Enerjisi \u2013 Next\u201d projesinin<\/strong> \u00f6\u011frenci bulu\u015fmalar\u0131 keyifli bir organizasyon e\u015fli\u011finde ger\u00e7ekle\u015fti. SEDA\u015e Teknik E\u011fitim Merkezi\u2019nde <strong>30-31 May\u0131s<\/strong> tarihlerinde d\u00fczenlenen etkinli\u011fe <strong>SEDA\u015e \u0130nsan Kaynaklar\u0131 M\u00fcd\u00fcrl\u00fc\u011f\u00fc y\u00f6neticileri<\/strong> ve <strong>46 k\u0131z \u00f6\u011frenci<\/strong> kat\u0131ld\u0131. Holding enerji grubu \u00e7al\u0131\u015fanlar\u0131n\u0131n k\u0131z \u00e7ocuklar\u0131 ile ba\u015flanan \u201cKad\u0131n Enerjisi-Next\u201d projesine bu y\u0131l <strong>b\u00f6lge meslek liselerinde e\u011fitim alan k\u0131z \u00f6\u011frenciler de<\/strong> <strong>dahil edilerek kapsam\u0131 geni\u015fletildi.<\/strong> Program\u0131n a\u00e7\u0131l\u0131\u015f konu\u015fmas\u0131nda kad\u0131nlar\u0131n i\u015f hayat\u0131nda daha fazla etkinle\u015fmesinin ve g\u00fc\u00e7lenmesinin gelecek nesiller a\u00e7\u0131s\u0131ndan b\u00fcy\u00fck \u00f6nem ta\u015f\u0131d\u0131\u011f\u0131n\u0131n alt\u0131 \u00e7izildi.<\/p>\n<p><strong>Sakarya, Kocaeli, Bolu ve D\u00fczce<\/strong> illerinden ba\u015fvurular\u0131n da kabul edilerek programa kat\u0131lan 46 k\u0131z \u00f6\u011frenci SEDA\u015e y\u00f6neticileri ile bir araya gelerek enerji sekt\u00f6r\u00fcn\u00fc yak\u0131ndan tan\u0131ma f\u0131rsat\u0131 yakalad\u0131. <strong>\u201cSEDA\u015e Tan\u0131t\u0131m\u0131 ve Enerji Sekt\u00f6r\u00fc Kariyer F\u0131rsatlar\u0131n\u0131n Payla\u015f\u0131lmas\u0131\u201d<\/strong> ve <strong>\u201cTeknik E\u011fitimli Kad\u0131n \u00c7al\u0131\u015fanlar Sekt\u00f6rde Ne \u0130\u015f Yapar?\u201d<\/strong> isimli sunumlarla ba\u015flayan etkinlik teknik akademide ger\u00e7ekle\u015fen<strong> teknik uygulamalar<\/strong> ile devam etti. \u00d6\u011frenciler;<strong> elektrikte \u00fcretim, iletim ve da\u011f\u0131t\u0131m s\u00fcre\u00e7leri, yeni teknolojiler ve g\u00fcvenli kullan\u0131m<\/strong> i\u00e7in dikkatli olunmas\u0131 gerekenler hakk\u0131nda<strong> teknik akademi uygulama e\u011fitimleri<\/strong> ile bilgilendirildiler.<strong> \u201cH\u0131zl\u0131 olan kazans\u0131n\u201d<\/strong> oyunu ile keyifli bir aktiviteye d\u00f6n\u00fc\u015fen etkinlikte, <strong>enerjinin kad\u0131n y\u00f6neticileri, enerjide<\/strong> ve <strong>sahada kad\u0131n olmak<\/strong> gibi i\u015f hayat\u0131na dair merak edilen konularda e\u011fitici ve ilham verici konu\u015fmalar ger\u00e7ekle\u015ftirdi.<\/p>\n<p><strong>Toplumsal cinsiyet ve f\u0131rsat e\u015fitli\u011fi<\/strong> konusunda somut ad\u0131mlar atarak daha fazla \u00f6\u011frenciye ula\u015fmak i\u00e7in proje kapsam\u0131n\u0131n geni\u015fletildi\u011fi bilgisinin de verildi\u011fi etkinlik, <strong>\u201cHayallerimizi Boyuyoruz\u201d<\/strong> <strong>tuval \u00e7al\u0131\u015fmalar\u0131<\/strong> ile <strong>renkli g\u00f6r\u00fcnt\u00fclere<\/strong> sahne oldu. Etkinlik sonunda g\u00f6r\u00fc\u015flerini payla\u015fan <strong>kat\u0131l\u0131mc\u0131 \u00f6\u011frenciler; m\u00fchendislik ve meslek liselerinde elektrik alan\u0131n\u0131 se\u00e7eceklerini belirterek<\/strong>, gelece\u011fe d\u00f6n\u00fck karar noktas\u0131nda <strong>enerji sekt\u00f6r\u00fcn\u00fc<\/strong> ve <strong>teknik bran\u015flar\u0131n\u0131 sevdiren<\/strong> keyifli organizasyon i\u00e7in eme\u011fi ge\u00e7enlere te\u015fekk\u00fcr ettiler.<\/p>","protected":false},"excerpt":{"rendered":"<p>Sorry, this entry is only available in Turkish. For the sake of viewer convenience, the content is shown below in the alternative language. You may click the link to switch the active language. Akk\u00f6k Holding\u2019in enerji grup \u015firketleri taraf\u0131ndan ortakla\u015fa y\u00fcr\u00fct\u00fclen Kad\u0131n Enerjisi projesinin \u201cNext\u201d program\u0131 kapsam\u0131nda \u00d6\u011frenci bulu\u015fmalar\u0131 ba\u015flad\u0131. Bu y\u0131l 30- 31 May\u0131s [&hellip;]<\/p>\n","protected":false},"author":1,"featured_media":175774,"comment_status":"open","ping_status":"open","sticky":false,"template":"","format":"standard","meta":[],"categories":[51,53],"tags":[109317,21991,4546,99553],"views":31,"_links":{"self":[{"href":"https:\/\/www.enerjigazetesi.ist\/en\/wp-json\/wp\/v2\/posts\/175772"}],"collection":[{"href":"https:\/\/www.enerjigazetesi.ist\/en\/wp-json\/wp\/v2\/posts"}],"about":[{"href":"https:\/\/www.enerjigazetesi.ist\/en\/wp-json\/wp\/v2\/types\/post"}],"author":[{"embeddable":true,"href":"https:\/\/www.enerjigazetesi.ist\/en\/wp-json\/wp\/v2\/users\/1"}],"replies":[{"embeddable":true,"href":"https:\/\/www.enerjigazetesi.ist\/en\/wp-json\/wp\/v2\/comments?post=175772"}],"version-history":[{"count":0,"href":"https:\/\/www.enerjigazetesi.ist\/en\/wp-json\/wp\/v2\/posts\/175772\/revisions"}],"wp:featuredmedia":[{"embeddable":true,"href":"https:\/\/www.enerjigazetesi.ist\/en\/wp-json\/wp\/v2\/media\/175774"}],"wp:attachment":[{"href":"https:\/\/www.enerjigazetesi.ist\/en\/wp-json\/wp\/v2\/media?parent=175772"}],"wp:term":[{"taxonomy":"category","embeddable":true,"href":"https:\/\/www.enerjigazetesi.ist\/en\/wp-json\/wp\/v2\/categories?post=175772"},{"taxonomy":"post_tag","embeddable":true,"href":"https:\/\/www.enerjigazetesi.ist\/en\/wp-json\/wp\/v2\/tags?post=175772"}],"curies":[{"name":"wp","href":"https:\/\/api.w.org\/{rel}","templated":true}]}}