{"id":175760,"date":"2023-06-02T12:44:06","date_gmt":"2023-06-02T09:44:06","guid":{"rendered":"https:\/\/www.enerjigazetesi.ist\/?p=175760"},"modified":"2023-06-02T12:44:06","modified_gmt":"2023-06-02T09:44:06","slug":"yenader-yenilenebilir-enerji-rekora-kosuyor","status":"publish","type":"post","link":"https:\/\/www.enerjigazetesi.ist\/en\/yenader-yenilenebilir-enerji-rekora-kosuyor\/","title":{"rendered":"(Turkish) YENADER: Yenilenebilir Enerji Rekora Ko\u015fuyor"},"content":{"rendered":"<p class=\"qtranxs-available-languages-message qtranxs-available-languages-message-en\">Sorry, this entry is only available in <a href=\"https:\/\/www.enerjigazetesi.ist\/tr\/wp-json\/wp\/v2\/posts\/175760\" class=\"qtranxs-available-language-link qtranxs-available-language-link-tr\" title=\"Turkish\">Turkish<\/a>. For the sake of viewer convenience, the content is shown below in the alternative language. You may click the link to switch the active language.<\/p><p><\/p>\n<h2><strong>D\u00fcnyan\u0131n enerji alan\u0131nda en etkili kurulu\u015flar\u0131ndan Uluslararas\u0131 Enerji Ajans\u0131 (IEA) 1 Haziran\u2019da \u201cYenilenebilir Enerji Pazar\u0131\u201d Raporu\u2019nun yeni versiyonunu yay\u0131mlad\u0131. Yenilenebilir enerji alan\u0131nda kritik de\u011ferlendirmelerin yer ald\u0131\u011f\u0131 rapor, t\u00fcm d\u00fcnyada temiz enerji yat\u0131r\u0131m\u0131 ve kapasitesinde rekor b\u00fcy\u00fcmenin beklendi\u011fini g\u00f6zler \u00f6n\u00fcne seriyor.<\/strong><\/h2>\n<p><strong>Uluslararas\u0131 Enerji Ajans\u0131\u2019n\u0131n (IEA)<\/strong> 2023 y\u0131l ortas\u0131nda yinelenen, ara d\u00f6nem \u2018Yenilenebilir Enerji Pazar\u0131\u2019 Raporu, \u00f6nce k\u00fcresel pandemi, ard\u0131ndan Rusya-Ukrayna Sava\u015f\u0131\u2019n\u0131n farkl\u0131 y\u00f6nlerde tetikledi\u011fi k\u00fcresel enerji krizinin <strong>\u2018kataliz\u00f6r\u2019 etkisi<\/strong> ile, <strong>g\u00fcne\u015f enerjisi ve r\u00fczgarda<\/strong>, yeni <strong>yenilenebilir enerji kapasitesinde, 2022 sonu ve 2023\u2019\u00fcn ilk 6 ayl\u0131k d\u00f6neminde, bug\u00fcne kadarki en b\u00fcy\u00fck y\u0131ll\u0131k art\u0131\u015f\u0131n yakalanaca\u011f\u0131na i\u015faret ediyor.<\/strong><\/p>\n<h3><strong>K\u00dcRESEL YEN\u0130LENEB\u0130L\u0130R ENERJ\u0130 KAPAS\u0130TES\u0130NE EKLEMELER\u0130N 2023\u2019DE \u00dc\u00c7TE B\u0130R ORANINDA ARTMASI BEKLEN\u0130YOR<\/strong><\/h3>\n<p><strong>IEA\u2019n\u0131n <\/strong><em>\u2018Yenilenebilir Enerji Pazar\u0131\u2019 Raporunu de\u011ferlendiren<\/em><strong> Yenilenebilir Enerji Ara\u015ft\u0131rmalar\u0131 <img loading=\"lazy\" class=\"alignright wp-image-175768\" src=\"https:\/\/www.enerjigazetesi.ist\/wp-content\/uploads\/2023\/06\/PROF.-DR.-KEREM-ALKIN.jpg\" alt=\"\" width=\"300\" height=\"300\" srcset=\"https:\/\/www.enerjigazetesi.ist\/wp-content\/uploads\/2023\/06\/PROF.-DR.-KEREM-ALKIN.jpg 480w, https:\/\/www.enerjigazetesi.ist\/wp-content\/uploads\/2023\/06\/PROF.-DR.-KEREM-ALKIN-300x300.jpg 300w, https:\/\/www.enerjigazetesi.ist\/wp-content\/uploads\/2023\/06\/PROF.-DR.-KEREM-ALKIN-150x150.jpg 150w, https:\/\/www.enerjigazetesi.ist\/wp-content\/uploads\/2023\/06\/PROF.-DR.-KEREM-ALKIN-400x400.jpg 400w, https:\/\/www.enerjigazetesi.ist\/wp-content\/uploads\/2023\/06\/PROF.-DR.-KEREM-ALKIN-50x50.jpg 50w, https:\/\/www.enerjigazetesi.ist\/wp-content\/uploads\/2023\/06\/PROF.-DR.-KEREM-ALKIN-100x100.jpg 100w\" sizes=\"(max-width: 300px) 100vw, 300px\" \/>Derne\u011fi \u2013 (YENADER) Ba\u015fkan\u0131 Prof. Dr. Kerem Alkin \u015fu a\u00e7\u0131klamalarda bulundu:<\/strong><\/p>\n<p><em>\u201cUluslararas\u0131 Enerji Ajans\u0131&#8217;n\u0131n son g\u00fcncellemesi, \u00fclkelerin yenilenebilir enerjiye artan politika \u00e7al\u0131\u015fmalar\u0131n\u0131n, \u00e7abalar\u0131n\u0131n, daha y\u00fcksek fosil yak\u0131t fiyatlar\u0131 ve enerji g\u00fcvenli\u011fi endi\u015feleriyle birlikte, <u>g\u00fcne\u015f enerjisi ve r\u00fczgar enerjisinin g\u00fc\u00e7l\u00fc bir \u015fekilde konu\u015fland\u0131r\u0131lmas\u0131n\u0131n \u00f6n\u00fcn\u00fc a\u00e7t\u0131\u011f\u0131n\u0131 g\u00f6steriyor.<\/u> Ayr\u0131ca, ger\u00e7ekle\u015fen yeni yat\u0131r\u0131mlarla, k\u00fcresel yenilenebilir enerji kapasitesine eklemelerin 2023\u2019de \u00fc\u00e7te bir oran\u0131nda artmas\u0131 bekleniyor.\u201d<\/em><\/p>\n<h3><strong>YEN\u0130LENEB\u0130L\u0130R ENERJ\u0130DE B\u00dcY\u00dcME 2024\u2019DE DEVAM EDECEK<\/strong><\/h3>\n<p><strong>IEA&#8217;n\u0131n yeni Yenilenebilir Enerji Piyasas\u0131 G\u00fcncellemesi,<\/strong> yenilenebilir enerjide b\u00fcy\u00fcmenin 2024\u2019de devam edece\u011finin ve d\u00fcnyan\u0131n toplam <u>yenilenebilir elektrik kapasitesinin \u00c7in ve ABD&#8217;nin toplam g\u00fc\u00e7 \u00fcretimine e\u015fit olan 4500 gigawatt&#8217;a (GW) y\u00fckselece\u011finin alt\u0131n\u0131 \u00e7iziyor.<\/u><\/p>\n<p>K\u00fcresel yenilenebilir enerji kapasitesine yat\u0131r\u0131mlar sayesinde yap\u0131lan ilavelerin, bug\u00fcne kadarki <u>en b\u00fcy\u00fck mutlak art\u0131\u015f olan 107 gigawatt (GW) art\u0131\u015fa ula\u015farak, 2023\u2019\u00fcn sonunda 440 GW&#8217;\u0131n \u00fczerine \u00e7\u0131kaca\u011f\u0131n\u0131n alt\u0131n\u0131 \u00e7izen<\/u> <strong>Prof. Dr. Kerem Alkin s\u00f6zlerini \u015fu \u015fekilde s\u00fcrd\u00fcrd\u00fc:<\/strong><\/p>\n<p><em>\u201cBu dinamik geni\u015fleme, elbette d\u00fcnyan\u0131n \u00f6nde gelen enerji pazarlar\u0131nda ya\u015fanmakta. Yenilenebilir enerji kaynaklar\u0131, Avrupa&#8217;n\u0131n enerji krizine kar\u015f\u0131 verdi\u011fi yan\u0131t\u0131n da en \u00f6n saflar\u0131nda yer almakta ve yenilenebilir enerji kapasitesindeki b\u00fcy\u00fcme h\u0131zlanm\u0131\u015f durumda. Yeni politika \u00f6nlemleri de \u00f6n\u00fcm\u00fczdeki iki y\u0131l i\u00e7inde ABD ve Hindistan&#8217;da da \u00f6nemli art\u0131\u015flar\u0131n yakalanmas\u0131na yard\u0131mc\u0131 olacak. Bu arada \u00c7in de yenilenebilir enerjide lider konumunu sa\u011flamla\u015ft\u0131rmay\u0131 s\u00fcrd\u00fcr\u00fcyor. <u>\u00c7in\u2019deki yeni yat\u0131r\u0131mlar, hem 2023, hem de 2024&#8217;te k\u00fcresel yenilenebilir enerji kapasitesine eklemelerin tek ba\u015f\u0131na yakla\u015f\u0131k %55&#8217;ini olu\u015fturacak. Bu da \u00c7in\u2019in ne kadar iddial\u0131 oldu\u011funu teyit ediyor.\u201d<\/u><\/em><\/p>\n<h3><strong>G\u00dcNE\u015e ve R\u00dcZGAR ENERJ\u0130S\u0130 TAR\u0130H YAZIYOR<\/strong><\/h3>\n<p><img loading=\"lazy\" class=\"alignleft wp-image-175766\" src=\"https:\/\/www.enerjigazetesi.ist\/wp-content\/uploads\/2023\/06\/ALI-KARADUMAN.jpg\" alt=\"\" width=\"300\" height=\"343\" srcset=\"https:\/\/www.enerjigazetesi.ist\/wp-content\/uploads\/2023\/06\/ALI-KARADUMAN.jpg 420w, https:\/\/www.enerjigazetesi.ist\/wp-content\/uploads\/2023\/06\/ALI-KARADUMAN-263x300.jpg 263w, https:\/\/www.enerjigazetesi.ist\/wp-content\/uploads\/2023\/06\/ALI-KARADUMAN-350x400.jpg 350w, https:\/\/www.enerjigazetesi.ist\/wp-content\/uploads\/2023\/06\/ALI-KARADUMAN-44x50.jpg 44w\" sizes=\"(max-width: 300px) 100vw, 300px\" \/>G\u00fcne\u015f ve r\u00fczgar enerjisinin, yenilenebilir enerjinin b\u00fcy\u00fcme alan\u0131nda rekoru \u00fcstlendi\u011fini belirten <strong>(YENADER) Ba\u015fkan Yard\u0131mc\u0131s\u0131 Ali Karaduman \u201cYenilenebilir Enerji Pazar\u0131\u201d Raporu<\/strong>, hakk\u0131nda \u015fu a\u00e7\u0131klamlarda bulundu:<\/p>\n<p><em>\u201cYeni kurulan g\u00fcne\u015f enerjisi ve r\u00fczgar kapasitesinin, daha pahal\u0131 olan fosil yak\u0131t \u00fcretiminin yerini alarak 2021-2023 d\u00f6neminde AB elektrik t\u00fcketicilerine 100 milyar Euro tasarruf sa\u011flad\u0131\u011f\u0131 tahmin ediliyor. R\u00fczgar ve g\u00fcne\u015f enerjisinin rekabet g\u00fcc\u00fc ge\u00e7en y\u0131ldan bu yana iyile\u015firken, h\u00fck\u00fcmet politikalar\u0131n\u0131n de\u011fi\u015fen piyasa ko\u015fullar\u0131na, \u00f6zellikle de 2022&#8217;de %16&#8217;l\u0131k rekor bir taleple d\u00fc\u015f\u00fck talep g\u00f6ren yenilenebilir enerji ihalelerine uyum sa\u011flamas\u0131 gerekiyor. Ayr\u0131ca, politikalar\u0131n zaman\u0131nda planlamaya odaklanmas\u0131 gerekiyor ve de\u011fi\u015fken yenilenebilir enerji kaynaklar\u0131n\u0131n y\u00fcksek paylar\u0131n\u0131 g\u00fc\u00e7 sistemlerine g\u00fcvenli ve uygun maliyetli bir \u015fekilde entegre etmek i\u00e7in \u015febekelere yat\u0131r\u0131m yap\u0131lmas\u0131 laz\u0131m.\u201d<\/em><\/p>","protected":false},"excerpt":{"rendered":"<p>Sorry, this entry is only available in Turkish. For the sake of viewer convenience, the content is shown below in the alternative language. You may click the link to switch the active language. D\u00fcnyan\u0131n enerji alan\u0131nda en etkili kurulu\u015flar\u0131ndan Uluslararas\u0131 Enerji Ajans\u0131 (IEA) 1 Haziran\u2019da \u201cYenilenebilir Enerji Pazar\u0131\u201d Raporu\u2019nun yeni versiyonunu yay\u0131mlad\u0131. Yenilenebilir enerji alan\u0131nda [&hellip;]<\/p>\n","protected":false},"author":1,"featured_media":175771,"comment_status":"open","ping_status":"open","sticky":false,"template":"","format":"standard","meta":[],"categories":[53,49,50],"tags":[13,16,842,75795,105,75794],"views":89,"_links":{"self":[{"href":"https:\/\/www.enerjigazetesi.ist\/en\/wp-json\/wp\/v2\/posts\/175760"}],"collection":[{"href":"https:\/\/www.enerjigazetesi.ist\/en\/wp-json\/wp\/v2\/posts"}],"about":[{"href":"https:\/\/www.enerjigazetesi.ist\/en\/wp-json\/wp\/v2\/types\/post"}],"author":[{"embeddable":true,"href":"https:\/\/www.enerjigazetesi.ist\/en\/wp-json\/wp\/v2\/users\/1"}],"replies":[{"embeddable":true,"href":"https:\/\/www.enerjigazetesi.ist\/en\/wp-json\/wp\/v2\/comments?post=175760"}],"version-history":[{"count":1,"href":"https:\/\/www.enerjigazetesi.ist\/en\/wp-json\/wp\/v2\/posts\/175760\/revisions"}],"predecessor-version":[{"id":175761,"href":"https:\/\/www.enerjigazetesi.ist\/en\/wp-json\/wp\/v2\/posts\/175760\/revisions\/175761"}],"wp:featuredmedia":[{"embeddable":true,"href":"https:\/\/www.enerjigazetesi.ist\/en\/wp-json\/wp\/v2\/media\/175771"}],"wp:attachment":[{"href":"https:\/\/www.enerjigazetesi.ist\/en\/wp-json\/wp\/v2\/media?parent=175760"}],"wp:term":[{"taxonomy":"category","embeddable":true,"href":"https:\/\/www.enerjigazetesi.ist\/en\/wp-json\/wp\/v2\/categories?post=175760"},{"taxonomy":"post_tag","embeddable":true,"href":"https:\/\/www.enerjigazetesi.ist\/en\/wp-json\/wp\/v2\/tags?post=175760"}],"curies":[{"name":"wp","href":"https:\/\/api.w.org\/{rel}","templated":true}]}}