{"id":175750,"date":"2023-06-02T12:00:44","date_gmt":"2023-06-02T09:00:44","guid":{"rendered":"https:\/\/www.enerjigazetesi.ist\/?p=175750"},"modified":"2023-06-02T12:20:58","modified_gmt":"2023-06-02T09:20:58","slug":"enerji-sektoru-nde-siber-guvenlik-olgunluk-modeli-etkinligi-14-haziran-da","status":"publish","type":"post","link":"https:\/\/www.enerjigazetesi.ist\/en\/enerji-sektoru-nde-siber-guvenlik-olgunluk-modeli-etkinligi-14-haziran-da\/","title":{"rendered":"(Turkish) Enerji Sekt\u00f6r\u00fcnde Siber G\u00fcvenlik Olgunluk Modeli Etkinli\u011fi 14 Haziran&#8217;da"},"content":{"rendered":"<p class=\"qtranxs-available-languages-message qtranxs-available-languages-message-en\">Sorry, this entry is only available in <a href=\"https:\/\/www.enerjigazetesi.ist\/tr\/wp-json\/wp\/v2\/posts\/175750\" class=\"qtranxs-available-language-link qtranxs-available-language-link-tr\" title=\"Turkish\">Turkish<\/a>. For the sake of viewer convenience, the content is shown below in the alternative language. You may click the link to switch the active language.<\/p><p><\/p>\n<h2>Enerji sekt\u00f6r\u00fc i\u00e7in d\u00fczenleyici kurulu\u015f olan EPDK uzun y\u0131llard\u0131r haz\u0131rl\u0131klar\u0131n\u0131 s\u00fcrd\u00fcrd\u00fc\u011f\u00fc\u00a0 Enerji Sekt\u00f6r\u00fc Siber G\u00fcvenlik Olgunluk Modeli ile \u00fclkemizin enerji altyap\u0131lar\u0131n\u0131n dayan\u0131kl\u0131l\u0131\u011f\u0131n\u0131 art\u0131rmay\u0131 hedefliyor.<\/h2>\n<p>Ge\u00e7ti\u011fimiz nisan ay\u0131nda <strong>elektrik da\u011f\u0131t\u0131m<\/strong> ve <strong>gaz da\u011f\u0131t\u0131m<\/strong> alt sekt\u00f6rleri i\u00e7in g\u00f6r\u00fc\u015fe a\u00e7\u0131lan bu yeni <img loading=\"lazy\" class=\"alignright wp-image-175764\" src=\"https:\/\/www.enerjigazetesi.ist\/wp-content\/uploads\/2023\/06\/enerji-sektoru-nde-siber-guvenlik-olgunluk-modeli-etkinligi-14-haziran-da.jpg\" alt=\"\" width=\"320\" height=\"219\" srcset=\"https:\/\/www.enerjigazetesi.ist\/wp-content\/uploads\/2023\/06\/enerji-sektoru-nde-siber-guvenlik-olgunluk-modeli-etkinligi-14-haziran-da.jpg 550w, https:\/\/www.enerjigazetesi.ist\/wp-content\/uploads\/2023\/06\/enerji-sektoru-nde-siber-guvenlik-olgunluk-modeli-etkinligi-14-haziran-da-300x206.jpg 300w, https:\/\/www.enerjigazetesi.ist\/wp-content\/uploads\/2023\/06\/enerji-sektoru-nde-siber-guvenlik-olgunluk-modeli-etkinligi-14-haziran-da-500x343.jpg 500w, https:\/\/www.enerjigazetesi.ist\/wp-content\/uploads\/2023\/06\/enerji-sektoru-nde-siber-guvenlik-olgunluk-modeli-etkinligi-14-haziran-da-73x50.jpg 73w\" sizes=\"(max-width: 320px) 100vw, 320px\" \/>d\u00fczenlemeyle ilgili t\u00fcm sekt\u00f6r payda\u015flar\u0131n\u0131n geri bildirimleri de de\u011ferlendirilmi\u015ftir. Ayr\u0131ca, ilgili modelin <strong>100 MW \u00fcst\u00fc<\/strong> <strong>elektrik \u00fcretim, elektrik iletim, rafineriler, do\u011fal gaz ve petrol iletimi, do\u011fal gaz depolama<\/strong> gibi di\u011fer alt sekt\u00f6rlere de yayg\u0131nla\u015ft\u0131r\u0131lmas\u0131 planlanmaktad\u0131r.<\/p>\n<p>Siber g\u00fcvenlik alan\u0131nda T\u00fcrkiye&#8217;nin lider kurulu\u015fu <strong>Cyberwise<\/strong> ve <strong>end\u00fcstriyel siber g\u00fcvenlik giri\u015fimi ICSFusion<\/strong>, bu \u00f6nemli konuya dikkat \u00e7ekmek ve bilgilendirme sa\u011flamak amac\u0131yla bir araya gelerek<strong> bir g\u00fcnl\u00fck etkinlik<\/strong> d\u00fczenlemektedir. Bu etkinlikte, yay\u0131mlanan taslak reg\u00fclasyona ili\u015fkin teknik oturumlar ger\u00e7ekle\u015ftirilecektir.<\/p>\n<p>Etkinlik, <strong>14 Haziran tarihinde<\/strong> <strong>\u0130stanbul&#8217;da<\/strong> d\u00fczenlenecektir. A\u015fa\u011f\u0131daki ba\u011flant\u0131 \u00fczerinden etkinlik hakk\u0131nda detayl\u0131 bilgi alabilir ve kay\u0131t yapt\u0131rabilirsiniz:<\/p>\n<p><a href=\"https:\/\/www.digital.cyberwise.com.tr\/enerji-sektorunde-siber-guvenlik-olgunluk-modeli\" target=\"_blank\" rel=\"noopener\">https:\/\/www.digital.cyberwise.com.tr\/enerji-sektorunde-siber-guvenlik-olgunluk-modeli<\/a><\/p>\n<p>*Etkinlik sadece enerji sekt\u00f6r\u00fc \u00e7al\u0131\u015fanlar\u0131na a\u00e7\u0131k olarak d\u00fczenlenecektir.<\/p>","protected":false},"excerpt":{"rendered":"<p>Sorry, this entry is only available in Turkish. For the sake of viewer convenience, the content is shown below in the alternative language. You may click the link to switch the active language. Enerji sekt\u00f6r\u00fc i\u00e7in d\u00fczenleyici kurulu\u015f olan EPDK uzun y\u0131llard\u0131r haz\u0131rl\u0131klar\u0131n\u0131 s\u00fcrd\u00fcrd\u00fc\u011f\u00fc\u00a0 Enerji Sekt\u00f6r\u00fc Siber G\u00fcvenlik Olgunluk Modeli ile \u00fclkemizin enerji altyap\u0131lar\u0131n\u0131n dayan\u0131kl\u0131l\u0131\u011f\u0131n\u0131 [&hellip;]<\/p>\n","protected":false},"author":1,"featured_media":175764,"comment_status":"open","ping_status":"open","sticky":false,"template":"","format":"standard","meta":[],"categories":[46,51,53,44,157],"tags":[103899,109607,107066],"views":68,"_links":{"self":[{"href":"https:\/\/www.enerjigazetesi.ist\/en\/wp-json\/wp\/v2\/posts\/175750"}],"collection":[{"href":"https:\/\/www.enerjigazetesi.ist\/en\/wp-json\/wp\/v2\/posts"}],"about":[{"href":"https:\/\/www.enerjigazetesi.ist\/en\/wp-json\/wp\/v2\/types\/post"}],"author":[{"embeddable":true,"href":"https:\/\/www.enerjigazetesi.ist\/en\/wp-json\/wp\/v2\/users\/1"}],"replies":[{"embeddable":true,"href":"https:\/\/www.enerjigazetesi.ist\/en\/wp-json\/wp\/v2\/comments?post=175750"}],"version-history":[{"count":0,"href":"https:\/\/www.enerjigazetesi.ist\/en\/wp-json\/wp\/v2\/posts\/175750\/revisions"}],"wp:featuredmedia":[{"embeddable":true,"href":"https:\/\/www.enerjigazetesi.ist\/en\/wp-json\/wp\/v2\/media\/175764"}],"wp:attachment":[{"href":"https:\/\/www.enerjigazetesi.ist\/en\/wp-json\/wp\/v2\/media?parent=175750"}],"wp:term":[{"taxonomy":"category","embeddable":true,"href":"https:\/\/www.enerjigazetesi.ist\/en\/wp-json\/wp\/v2\/categories?post=175750"},{"taxonomy":"post_tag","embeddable":true,"href":"https:\/\/www.enerjigazetesi.ist\/en\/wp-json\/wp\/v2\/tags?post=175750"}],"curies":[{"name":"wp","href":"https:\/\/api.w.org\/{rel}","templated":true}]}}