{"id":175704,"date":"2023-06-01T11:41:57","date_gmt":"2023-06-01T08:41:57","guid":{"rendered":"https:\/\/www.enerjigazetesi.ist\/?p=175704"},"modified":"2023-06-01T13:03:09","modified_gmt":"2023-06-01T10:03:09","slug":"gensed-in-yeni-baskani-tolga-murat-ozdemir-oldu","status":"publish","type":"post","link":"https:\/\/www.enerjigazetesi.ist\/en\/gensed-in-yeni-baskani-tolga-murat-ozdemir-oldu\/","title":{"rendered":"(Turkish) GENSED&#8217;in Yeni Ba\u015fkan\u0131 &#8216;Tolga Murat \u00d6zdemir&#8217; Oldu"},"content":{"rendered":"<p class=\"qtranxs-available-languages-message qtranxs-available-languages-message-en\">Sorry, this entry is only available in <a href=\"https:\/\/www.enerjigazetesi.ist\/tr\/wp-json\/wp\/v2\/posts\/175704\" class=\"qtranxs-available-language-link qtranxs-available-language-link-tr\" title=\"Turkish\">Turkish<\/a>. For the sake of viewer convenience, the content is shown below in the alternative language. You may click the link to switch the active language.<\/p><p><\/p>\n<h2><strong>G\u00fcne\u015f Enerjisi Sanayicileri ve End\u00fcstrisi Derne\u011fi GENSED\u2019in yeni ba\u015fkan\u0131 Tolga Murat \u00d6zdemir oldu. \u00d6zdemir, Genel Kurul Toplant\u0131s\u0131\u2019nda yapt\u0131\u011f\u0131 konu\u015fmada; GENSED\u2019in enerji depolama ve g\u00fcne\u015f enerjisinden elektrik \u00fcretimini tabana yaymay\u0131 faaliyetlerinin oda\u011f\u0131na ald\u0131\u011f\u0131n\u0131 s\u00f6yledi.<\/strong><\/h2>\n<p style=\"text-align: center;\"><img loading=\"lazy\" class=\"aligncenter wp-image-175707\" src=\"https:\/\/www.enerjigazetesi.ist\/wp-content\/uploads\/2023\/06\/gensedin-yeni-baskani-tolga-murat-ozdemir-oldu.jpg\" alt=\"\" width=\"500\" height=\"315\" srcset=\"https:\/\/www.enerjigazetesi.ist\/wp-content\/uploads\/2023\/06\/gensedin-yeni-baskani-tolga-murat-ozdemir-oldu.jpg 550w, https:\/\/www.enerjigazetesi.ist\/wp-content\/uploads\/2023\/06\/gensedin-yeni-baskani-tolga-murat-ozdemir-oldu-300x189.jpg 300w, https:\/\/www.enerjigazetesi.ist\/wp-content\/uploads\/2023\/06\/gensedin-yeni-baskani-tolga-murat-ozdemir-oldu-500x315.jpg 500w, https:\/\/www.enerjigazetesi.ist\/wp-content\/uploads\/2023\/06\/gensedin-yeni-baskani-tolga-murat-ozdemir-oldu-80x50.jpg 80w\" sizes=\"(max-width: 500px) 100vw, 500px\" \/><\/p>\n<p>G\u00fcne\u015f Enerjisi Sanayicileri ve End\u00fcstrisi Derne\u011fi GENSED\u2019in 7.Ola\u011fan Genel Kurul Toplant\u0131s\u0131 BYOTELL \u0130stanbul Kozyata\u011f\u0131 Oteli\u2019nde ger\u00e7ekle\u015fti. Ger\u00e7ekle\u015fen Genel Kurulda iki y\u0131l s\u00fcre ile yeni Y\u00f6netim Kurulu belirlendi. Ard\u0131ndan yap\u0131lan ilk Y\u00f6netim Kurulu toplant\u0131s\u0131nda Tolga Murat \u00d6zdemir Y\u00f6netim Kurulu Ba\u015fkan\u0131 olarak se\u00e7ildi. Ba\u015fkanl\u0131k g\u00f6revini, Halil Demirda\u011f\u2019dan devralan yeni ba\u015fkan Tolga Murat \u00d6zdemir, \u00f6nceki d\u00f6nemde GENSED Asba\u015fkan\u0131 olarak g\u00f6rev yap\u0131yordu. Derne\u011fin di\u011fer g\u00f6rev da\u011f\u0131l\u0131mlar\u0131nda; Umut G\u00fcrb\u00fcz, Mehmet Do\u011fan, Erhan Akdo\u011fan, Osman \u00c7otuker ve Zeynep Can Y\u00f6netim Kurulu Ba\u015fkan Yard\u0131mc\u0131l\u0131\u011f\u0131 ve Fatih \u00dcnal derne\u011fin sayman\u0131 olarak se\u00e7ildi. Halil Demirda\u011f, Dan\u0131\u015fma Kurulu Ba\u015fkan\u0131 olarak se\u00e7ilirken, Derne\u011fin Kurucu \u00fcyesi olan Hakan Erkan Genel Sekreterlik g\u00f6revine devam ediyor.<\/p>\n<h3><strong>\u201cGENSED\u2019in faaliyetlerinin oda\u011f\u0131nda enerji depolama var\u201d <\/strong><\/h3>\n<p>GENSED Ba\u015fkan\u0131 Tolga Murat \u00d6zdemir, Genel Kurul Toplant\u0131s\u0131\u2019nda yapt\u0131\u011f\u0131 konu\u015fmada GENSED\u2019in 2023 ve sonras\u0131 i\u00e7in k\u0131sa, orta ve uzun vade hedeflerini payla\u015ft\u0131. \u00d6zdemir, \u201cBu d\u00f6nem GENSED\u2019in faaliyetlerinin oda\u011f\u0131nda enerji depolama var. 7-8 ayd\u0131r yo\u011funla\u015ft\u0131\u011f\u0131m\u0131z konu GES\u2019ler ve RES\u2019ler \u00fczerinden enerji depolanmas\u0131. K\u0131sa vadede g\u00fcne\u015f enerjisinden elektrik \u00fcretimini ticari ve end\u00fcstriyel \u00e7\u00f6z\u00fcmlerle birlikte tabana yaymay\u0131 faaliyetlerinin oda\u011f\u0131na ald\u0131\u011f\u0131 bir y\u00f6nde olacak. Gerek Solar Akademi, gerek seminerlerimiz gerekse Solar+Storage NX Fuar\u0131m\u0131z\u2019la her zaman enerji depolamay\u0131 \u00f6n plana koyaca\u011f\u0131z. Orta vadede ise YEKA, Hibrit ve 5.1.H projelerine y\u00f6nelece\u011fiz\u201d dedi.<\/p>\n<h3><strong>\u201cY\u00fczer GES ve Tar\u0131m GES Uzun vadeli hedeflerimiz\u201d<\/strong><\/h3>\n<p>GENSED\u2019in uzun vadeli hedeflerine de de\u011finen \u00d6zdemir, Y\u00fczer GES ile Tar\u0131m GES\u2019in yay\u0131lmas\u0131 i\u00e7in her\u015feyi yapacaklar\u0131n\u0131 belirtti ve Y\u00fczer GES ile ilgili mevzuat s\u0131k\u0131nt\u0131lar\u0131n\u0131 gidermeye \u00e7al\u0131\u015ft\u0131klar\u0131n\u0131 kaydetti. \u00d6zdemir, Tar\u0131m GES\u2019in hem tar\u0131m\u0131 geli\u015ftirici hem de at\u0131l olan enerji sahalar\u0131n\u0131 elektrik \u00fcretimine katk\u0131 sa\u011flamas\u0131 anlam\u0131nda avantaj sa\u011flayan ve kar getiren bir proje oldu\u011funu dile getirdi ve GENSED\u2019in \u00fczerinde uzun vadede faaliyetlerini yo\u011funla\u015ft\u0131raca\u011f\u0131n\u0131 aktard\u0131. \u00d6zdemir, sekt\u00f6r\u00fcn AR-GE \u00e7al\u0131\u015fmalar\u0131n\u0131 y\u00fcr\u00fctebilece\u011fi ve sekt\u00f6r\u00fc olu\u015fturan yerel, ulusal, uluslararas\u0131 \u00f6l\u00e7ekte firmalar\u0131n birarada olacaklar\u0131 bir Solarhub\u2019a dair \u0130zmir\u2019de \u00e7al\u0131\u015fma ba\u015flatt\u0131klar\u0131n\u0131 s\u00f6zlerine ekledi.<\/p>\n<h3><strong>\u201cPV mod\u00fcl ve h\u00fccre teknolojileri Solar Storage Zirvesi\u2019nde konu\u015fulacak\u201d<\/strong><\/h3>\n<p>GENSED Akademi, Solar+Storage Seminerleri ve Solar+Storage Zirveleri hakk\u0131nda de\u011ferlendirmelerde bulunan GENSED Ba\u015fkan\u0131 Tolga Murat \u00d6zdemir, d\u00fcnyan\u0131n en b\u00fcy\u00fck Solar ile ilgili medya kurulu\u015fu olan PV Magazine ile yapt\u0131klar\u0131 i\u015fbirli\u011fi hakk\u0131nda bilgi verdi. \u00d6zdemir, Solar+Storage NX Fuar\u0131 ile e\u015f zamanl\u0131 olarak, \u201cSolar D\u00fcnyas\u0131n\u0131 T\u00fcrkiye\u2019ye Getiriyoruz\u201d slogan\u0131 ile Solar Storage Zirvesi yap\u0131laca\u011f\u0131n\u0131 duyurdu. Zirve\u2019de \u2018PV teknolojilerinde g\u00fcn\u00fcm\u00fczde neredeyiz ve yar\u0131n nereye gidiyoruz?, \u2018PV h\u00fccre teknolojileri\u2019 ve \u2018PV mod\u00fcl teknolojileri\u2019 ile \u2018Solar ve enerji depolama mevzuatlar\u0131\u2019na dair konular uluslararas\u0131 uzmanlar\u0131n kat\u0131l\u0131m\u0131yla tart\u0131\u015f\u0131lacak.<\/p>\n<h3><strong>Enerji depolama sayesinde \u2018G\u00fcne\u015fimiz hi\u00e7 batmayacak\u2019<\/strong><\/h3>\n<p>\u00dcretimde en b\u00fcy\u00fck harcama kaleminin enerji oldu\u011funu belirten GENSED Ba\u015fkan\u0131 Tolga Murat \u00d6zdemir, \u201cEnerji depolama sayesinde \u2018G\u00fcne\u015fimiz hi\u00e7 batmayacak\u2019. Enerji depolama sistemleri sayesinde, GES\u2019ler gece, RES\u2019ler ise r\u00fczgar esmeden de elektrik \u00fcretebilecek konuma gelecek. Ye\u015fil Mutabakat ile \u00f6n\u00fcm\u00fczdeki d\u00f6nemde fosil yak\u0131tl\u0131 dizel jenerat\u00f6rler tarihe kavu\u015furken, yerini ye\u015fil enerjiden \u015farj edilebilen batarya gruplar\u0131 alacak. Enerji depolama sayesinde \u015febekelerimiz \u00e7evreci, ucuz maliyetli, verimli ve yenilenebilir kesintisiz enerjiye ve stabiliteye kavu\u015facak. EPDK\u2019ya yap\u0131lan depolamal\u0131 RES ve GES ba\u015fvurular\u0131n\u0131n pazara 40-45 milyar dolarl\u0131k yat\u0131r\u0131m olarak yans\u0131mas\u0131n\u0131 bekliyoruz. GENSED olarak bu alanda \u00f6nc\u00fcl\u00fck etmek \u00fczere Solis Fuarc\u0131l\u0131k ile birlikte sekt\u00f6r\u00fcn tek g\u00fcne\u015f enerjisi ve enerji depolama fuar\u0131 Solar+Storage NX\u2019i 31 A\u011fustos \u2013 02 Eyl\u00fcl 2023 tarihleri aras\u0131nda \u0130stanbul T\u00fcyap Fuar ve Kongre Merkezi\u2019nde d\u00fczenliyoruz. Fuar\u0131m\u0131za 12 \u00fclkeden 100\u2019\u00fcn \u00fczerinde kat\u0131l\u0131mc\u0131 firma ve 51\u2019i a\u015fk\u0131n \u00fclkeden 10.000\u2019den fazla ziyaret\u00e7i kat\u0131l\u0131m\u0131 bekliyoruz.\u201d dedi.<\/p>\n<h3><strong>\u201cHedef 2 y\u0131lda \u00fcye say\u0131s\u0131n\u0131 400\u2019e y\u00fckseltmek\u201d<\/strong><\/h3>\n<p>GENSED Ba\u015fkan\u0131 Tolga Murat \u00d6zdemir, 2 y\u0131l i\u00e7erisinde \u00fcye say\u0131s\u0131n\u0131 212\u2019den 400\u2019e \u00e7\u0131karacaklar\u0131n\u0131 ve Y\u00f6netim Kurulu \u00fcyelerinin deste\u011fiyle her \u00fcyenin bu s\u00fcre\u00e7te tek tek ziyaret edilece\u011finin bilgisini verdi. \u00d6zdemir, ayr\u0131ca 2 y\u0131l i\u00e7erisinde Anadolu\u2019da Temsilcilik a\u00e7\u0131laca\u011f\u0131n\u0131 ve sekt\u00f6rel geli\u015fimin temsilcilikler arac\u0131l\u0131\u011f\u0131yla yerelden takip edilece\u011fini bildirdi.<\/p>\n<h3>Tolga Murat \u00d6zdemir Hakk\u0131nda<\/h3>\n<p>1967 y\u0131l\u0131nda do\u011fan Tolga Murat \u00d6zdemir; Do\u011fu Akdeniz \u00dcniversitesi Elektrik-Elektronik M\u00fchendisli\u011fi b\u00f6l\u00fcm\u00fcn\u00fc bitirdi. 1994 y\u0131l\u0131nda End\u00fcstriyel Otomasyon ve \u00dcr\u00fcn Sat\u0131\u015f sekt\u00f6r\u00fcnde hizmet veren Kontek Otomasyon A.\u015e.\u2019yi kurdu. 2012 y\u0131l\u0131nda da G\u00fcne\u015f Enerji Sistemleri alan\u0131nda hizmet veren Konar Enerji A.\u015e.\u2019nin kurulmas\u0131na \u00f6nc\u00fcl\u00fck etti. Tolga Murat \u00d6zdemir; Kontek Otomasyon ve Konar Enerji \u015firketlerinin 25. y\u0131l birle\u015fiminden sonra, otomasyon, taahh\u00fct, enerji verimlili\u011fi, solar EPC ve i\u015fletme bak\u0131m gibi 5 ana operasyonel birimi i\u00e7erisinde bar\u0131nd\u0131ran Kontek Enerji firmas\u0131n\u0131n CEO\u2019su olarak faaliyetlerine devam ediyor. 2 y\u0131l s\u00fcreyle GENSED Asba\u015fkanl\u0131\u011f\u0131 g\u00f6revini \u00fcstlenen \u00d6zdemir, evli ve iki \u00e7ocuk babas\u0131d\u0131r.<\/p>\n<h2>Demirda\u011f&#8217;dan t\u00fcm \u00fcyelere te\u015fekk\u00fcr<\/h2>\n<p>G\u00fcne\u015f Enerjisi Sanayicileri ve End\u00fcstrisi Derne\u011fi GENSED\u2019in iki d\u00f6nem \u00fcst \u00fcste ba\u015fkanl\u0131\u011f\u0131n\u0131 \u00fcstlenen Halil Demirda\u011f, ba\u015fkanl\u0131\u011f\u0131 s\u00fcresince birlikte g\u00f6rev yapt\u0131\u011f\u0131 ekip arkada\u015flar\u0131, y\u00f6neticiler, \u00fcyeler ve y\u00f6netim kurulu \u00fcyelerine te\u015fekk\u00fcr etti ve yeni d\u00f6nem g\u00f6rev yapacak ba\u015fkan ve y\u00f6netim kuruluna ba\u015far\u0131lar diledi.<\/p>\n<p><strong>GENSED Y\u00d6NET\u0130M KURULU ASIL \u00dcYELER<\/strong><\/p>\n<p>1-TOLGA MURAT \u00d6ZDEM\u0130R (KONTEK ENERJ\u0130) \u2013 GENSED BA\u015eKANI<\/p>\n<p>2- UMUT G\u00dcRB\u00dcZ (ASUN\u0130M) \u2013 BA\u015eKAN YARDIMCISI<\/p>\n<p>3- ERHAN AKDO\u011eAN (AR\u00c7EL\u0130K) \u2013 BA\u015eKAN YARDIMCISI<\/p>\n<p>4- MEHMET DO\u011eAN (HSA ENERJ\u0130) \u2013 BA\u015eKAN YARDIMCISI<\/p>\n<p>5- OSMAN \u00c7OTUKER (KONTROLMAT\u0130K) \u2013 BA\u015eKAN YARDIMCISI<\/p>\n<p>6- ZEYNEP CAN (DAL SOLAR) \u2013 BA\u015eKAN YARDIMCISI<\/p>\n<p>7- FAT\u0130H \u00dcNAL (HENSEL) \u2013 Y\u00d6NET\u0130M KURULU \u00dcYES\u0130, SAYMAN<\/p>\n<p>8- ESRA CANPOLAT (SMART G\u00dcNES TEKN.) \u2013 Y\u00d6NET\u0130M KURULU \u00dcYES\u0130<\/p>\n<p>9- FATMA SEVAL PAZAR (EFES ENERJ\u0130) \u2013 Y\u00d6NET\u0130M KURULU \u00dcYES\u0130<\/p>\n<p>10-FEHM\u0130 EMRE KIRA\u00c7 (KIRA\u00c7 ENERJ\u0130) \u2013 Y\u00d6NET\u0130M KURULU \u00dcYES\u0130<\/p>\n<p>11-HAKAN HIZARCIOGLU (EVGES ENERJ\u0130) \u2013 Y\u00d6NET\u0130M KURULU \u00dcYES\u0130<\/p>\n<p>12-MUHS\u0130N MAZMAN (T DiNAMiK ENERJ\u0130) \u2013 Y\u00d6NET\u0130M KURULU \u00dcYES\u0130<\/p>\n<p>13-TOLUNAY YILDIZ (YEO SOLAR) \u2013 Y\u00d6NET\u0130M KURULU \u00dcYES\u0130<\/p>\n<p><strong>DENETIM KURULU ASIL \u00dcYELER<\/strong><\/p>\n<p>1-AHMET EK\u0130M (POiNTEK)<\/p>\n<p>2-AL\u0130 HAKAN UZUNHEK\u0130M (ACTUSSOLAR)<\/p>\n<p>3-KEREM \u00c7\u0130LL\u0130 (TECHNICALL)<\/p>\n<p><strong>GENSED &#8211; Y\u00d6NET\u0130M KURULU YEDEK \u00dcYELER<\/strong><\/p>\n<p>1-B\u0130LAL \u015e\u0130M\u015eEK (BS DAGITIK ENERJ\u0130)<\/p>\n<p>2-CANDA\u015e G\u00dcLTEK\u0130N (SUNGROW TURKEY)<\/p>\n<p>3-\u0130SMA\u0130L HAKKI KARACA (SOLiMPEKS ENERJ\u0130)<\/p>\n<p>4-MEHMET CEM\u0130L TOLUN (SOLAREDGE)<\/p>\n<p>5-MUSTAFA AHMET BELER (FELLOW ENERJ\u0130)<\/p>\n<p>6-NEDRED \u00dcNL\u00dc (BiREYSEL)<\/p>\n<p>7-NURULLAH YAL\u00c7IN (TURECO ENERJ\u0130)<\/p>\n<p>8-OSMAN HiSARCIKLIO\u011eLU (BUREAU VER\u0130TAS)<\/p>\n<p>9-\u015eAH\u0130N \u0130PEK (\u0130PEKLER ENERJ\u0130)<\/p>\n<p>10-YALIM SERDAR SERHADLIO\u011eLU (FRON\u0130US \u0130STANBUL)<\/p>\n<p><strong>GENSED &#8211; DENET\u0130M KURULU YEDEK \u00dcYELER<\/strong><\/p>\n<p>1-HAKKI KARACAO\u011eLAN (B\u0130REYSEL)<\/p>\n<p>2-RE\u015eAT B\u00dcLENT AYDIN (M\u0130NERJ\u0130)<\/p>\n<p>3-Y\u00dcKSEL \u00c7A\u011eRI G\u00dcRSES (ZENA ENERJ\u0130)<\/p>\n<p><strong>GENSED &#8211; DANI\u015eMA KURULU<\/strong><\/p>\n<p>1-HALiL DEM\u0130RDA\u011e (SMART SOLAR) \u2013 DANI\u015eMA KURULU BA\u015eKANI<\/p>\n<p>2-M\u00dcKREM\u0130N \u00c7EPN\u0130 (CPN ENERJ\u0130)<\/p>\n<p>3-NEVZAT TA\u015eKIN (VERGO ENERJ\u0130)<\/p>","protected":false},"excerpt":{"rendered":"<p>Sorry, this entry is only available in Turkish. For the sake of viewer convenience, the content is shown below in the alternative language. You may click the link to switch the active language. G\u00fcne\u015f Enerjisi Sanayicileri ve End\u00fcstrisi Derne\u011fi GENSED\u2019in yeni ba\u015fkan\u0131 Tolga Murat \u00d6zdemir oldu. \u00d6zdemir, Genel Kurul Toplant\u0131s\u0131\u2019nda yapt\u0131\u011f\u0131 konu\u015fmada; GENSED\u2019in enerji depolama [&hellip;]<\/p>\n","protected":false},"author":1,"featured_media":175725,"comment_status":"open","ping_status":"open","sticky":false,"template":"","format":"standard","meta":[],"categories":[53,49],"tags":[727,2206,8892],"views":44,"_links":{"self":[{"href":"https:\/\/www.enerjigazetesi.ist\/en\/wp-json\/wp\/v2\/posts\/175704"}],"collection":[{"href":"https:\/\/www.enerjigazetesi.ist\/en\/wp-json\/wp\/v2\/posts"}],"about":[{"href":"https:\/\/www.enerjigazetesi.ist\/en\/wp-json\/wp\/v2\/types\/post"}],"author":[{"embeddable":true,"href":"https:\/\/www.enerjigazetesi.ist\/en\/wp-json\/wp\/v2\/users\/1"}],"replies":[{"embeddable":true,"href":"https:\/\/www.enerjigazetesi.ist\/en\/wp-json\/wp\/v2\/comments?post=175704"}],"version-history":[{"count":0,"href":"https:\/\/www.enerjigazetesi.ist\/en\/wp-json\/wp\/v2\/posts\/175704\/revisions"}],"wp:featuredmedia":[{"embeddable":true,"href":"https:\/\/www.enerjigazetesi.ist\/en\/wp-json\/wp\/v2\/media\/175725"}],"wp:attachment":[{"href":"https:\/\/www.enerjigazetesi.ist\/en\/wp-json\/wp\/v2\/media?parent=175704"}],"wp:term":[{"taxonomy":"category","embeddable":true,"href":"https:\/\/www.enerjigazetesi.ist\/en\/wp-json\/wp\/v2\/categories?post=175704"},{"taxonomy":"post_tag","embeddable":true,"href":"https:\/\/www.enerjigazetesi.ist\/en\/wp-json\/wp\/v2\/tags?post=175704"}],"curies":[{"name":"wp","href":"https:\/\/api.w.org\/{rel}","templated":true}]}}