{"id":175694,"date":"2023-06-01T11:12:20","date_gmt":"2023-06-01T08:12:20","guid":{"rendered":"https:\/\/www.enerjigazetesi.ist\/?p=175694"},"modified":"2023-06-01T11:12:50","modified_gmt":"2023-06-01T08:12:50","slug":"socar-turkiye-fuarda-turkiyedeki-15-yillik-yolculugunu-anlatti","status":"publish","type":"post","link":"https:\/\/www.enerjigazetesi.ist\/en\/socar-turkiye-fuarda-turkiyedeki-15-yillik-yolculugunu-anlatti\/","title":{"rendered":"(Turkish) &#8217;SOCAR T\u00fcrkiye&#8217; Fuarda T\u00fcrkiye\u2019deki 15 Y\u0131ll\u0131k Yolculu\u011funu Anlatt\u0131"},"content":{"rendered":"<p class=\"qtranxs-available-languages-message qtranxs-available-languages-message-en\">Sorry, this entry is only available in <a href=\"https:\/\/www.enerjigazetesi.ist\/tr\/wp-json\/wp\/v2\/posts\/175694\" class=\"qtranxs-available-language-link qtranxs-available-language-link-tr\" title=\"Turkish\">Turkish<\/a>. For the sake of viewer convenience, the content is shown below in the alternative language. You may click the link to switch the active language.<\/p><p><\/p>\n<h2><strong>Bak\u00fc Enerji Haftas\u0131 &#8211; 2023 kapsam\u0131nda\u00a0ger\u00e7ekle\u015fen 28. Uluslararas\u0131 Hazar Petrol ve Gaz Fuar\u0131\u2019na kat\u0131lan SOCAR T\u00fcrkiye, fuara kat\u0131lan \u00fcst d\u00fczey devlet yetkililerini ve ziyaret\u00e7ileri, T\u00fcrkiye\u2019de ge\u00e7irdi\u011fi 15 y\u0131l i\u00e7inde ger\u00e7ekle\u015ftirdi\u011fi faaliyetlerle ilgili bilgilendirdi.<\/strong><\/h2>\n<p>T\u00fcrkiye\u2019nin en b\u00fcy\u00fck entegre end\u00fcstriyel holdingi ve en b\u00fcy\u00fck do\u011frudan d\u0131\u015f yat\u0131r\u0131mc\u0131s\u0131 olan SOCAR T\u00fcrkiye, Uluslararas\u0131 Hazar Petrol ve Do\u011fal Gaz Fuar\u0131\u2019nda, (International Caspian Oil &amp; Gas Exhibition) T\u00fcrkiye\u2019de faaliyete ba\u015flad\u0131\u011f\u0131 2008 y\u0131l\u0131ndan bu yana hayata ge\u00e7irdi\u011fi yat\u0131r\u0131mlarla ilgili bilgi payla\u015ft\u0131. <img loading=\"lazy\" class=\"alignright wp-image-175697\" src=\"https:\/\/www.enerjigazetesi.ist\/wp-content\/uploads\/2023\/06\/socar-turkiye-fuarda-turkiyedeki-15-yillik-yolculugunu-anlatti.jpg\" alt=\"\" width=\"320\" height=\"254\" srcset=\"https:\/\/www.enerjigazetesi.ist\/wp-content\/uploads\/2023\/06\/socar-turkiye-fuarda-turkiyedeki-15-yillik-yolculugunu-anlatti.jpg 550w, https:\/\/www.enerjigazetesi.ist\/wp-content\/uploads\/2023\/06\/socar-turkiye-fuarda-turkiyedeki-15-yillik-yolculugunu-anlatti-300x238.jpg 300w, https:\/\/www.enerjigazetesi.ist\/wp-content\/uploads\/2023\/06\/socar-turkiye-fuarda-turkiyedeki-15-yillik-yolculugunu-anlatti-500x396.jpg 500w, https:\/\/www.enerjigazetesi.ist\/wp-content\/uploads\/2023\/06\/socar-turkiye-fuarda-turkiyedeki-15-yillik-yolculugunu-anlatti-63x50.jpg 63w\" sizes=\"(max-width: 320px) 100vw, 320px\" \/>Azerbaycan Cumhuriyeti Devlet Petrol \u015eirketi`nin (SOCAR) ana sponsor oldu\u011fu ve 28\u2019inci kez kap\u0131lar\u0131n\u0131 a\u00e7an b\u00f6lgenin en b\u00fcy\u00fck enerji fuar\u0131 31 May\u0131s &#8211; 2 Haziran 2023 tarihleri aras\u0131nda Baku Expo Center\u2019da ger\u00e7ekle\u015ftiriliyor.<\/p>\n<p>Fuar\u0131n a\u00e7\u0131l\u0131\u015f g\u00fcn\u00fcne kat\u0131lan Azerbaycan Cumhuriyeti`nin Cumhurba\u015fkan\u0131 Say\u0131n \u0130lham Aliyev, ayn\u0131 zamanda SOCAR T\u00fcrkiye\u2019nin stand alan\u0131n\u0131 ziyaret ederek T\u00fcrkiye\u2019deki 15 y\u0131ll\u0131k ba\u015far\u0131l\u0131 faaliyetleriyle ilgili bilgi ald\u0131.<\/p>\n<p>2008 y\u0131l\u0131nda Petkim\u2019in y\u00fczde 51 hissesinin al\u0131m\u0131yla T\u00fcrkiye pazar\u0131na giren SOCAR, T\u00fcrkiye\u2019de ge\u00e7en 15 y\u0131l i\u00e7erisinde 18.2 milyar dolar tutar\u0131nda yat\u0131r\u0131m ger\u00e7ekle\u015ftirdi. T\u00fcrkiye\u2019de petrokimya, rafineri ve do\u011fal gaz alan\u0131nda STAR Rafineri, SOCAR Depolama, SOCAR Terminal, Bursagaz, Kayserigaz gibi \u00f6nemli grup \u015firketlerine sahip olan SOCAR, ayn\u0131 zamanda T\u00fcrkiye \u00fczerinden Avrupa\u2019ya do\u011fal gaz ula\u015ft\u0131ran, G\u00fcney Gaz Koridoru\u2019nun en \u00f6nemli halkas\u0131 olan TANAP\u2019\u0131n da b\u00fcy\u00fck orta\u011f\u0131.<\/p>\n<p>Fuara kat\u0131lan<strong>\u00a0SOCAR T\u00fcrkiye CEO\u2019su (Vekaleten) Elchin Ibadov<\/strong>\u00a0<em>\u201c15 y\u0131l gibi k\u0131sa bir s\u00fcrede hayata ge\u00e7irdi\u011fimiz stratejik \u00f6neme sahip projeler ve \u00fclkelerimize katt\u0131\u011f\u0131m\u0131z de\u011ferle, T\u00fcrkiye\u2019nin en b\u00fcy\u00fck do\u011frudan d\u0131\u015f yat\u0131r\u0131mc\u0131s\u0131 ve en b\u00fcy\u00fck entegre end\u00fcstriyel holdingi olmak bizlere gurur veriyor. 2023 bizim 15. y\u0131l\u0131m\u0131z olmas\u0131n\u0131n yan\u0131 s\u0131ra, her iki \u00fclkenin tarihi a\u00e7\u0131s\u0131ndan \u00e7ok anlaml\u0131 bir y\u0131l\u0131 da ifade ediyor. Bu y\u0131l modern Azerbaycan\u2019\u0131n kurucusu ve Ulusal Liderimiz Haydar Aliyev\u2019in do\u011fumunun 100. y\u0131l d\u00f6n\u00fcm\u00fcn\u00fc, ayn\u0131 zamanda, sadece co\u011frafi konumu de\u011fil, zenginlikleriyle, halk\u0131yla, tarihi ve do\u011fas\u0131yla e\u015fsiz bir \u00fclke olan T\u00fcrkiye Cumhuriyeti\u2019nin 100. y\u0131l\u0131n\u0131 kutluyoruz. SOCAR T\u00fcrkiye\u2019yi, Ulu \u00d6nder Haydar Aliyev\u2019in i\u015faret etti\u011fi karde\u015fli\u011fin, dostlu\u011fun bir simgesi olarak g\u00f6rmeye ve her iki \u00fclkenin stratejik ortak hedefleri, ekonomik kalk\u0131nmas\u0131 i\u00e7in \u00e7al\u0131\u015fmaya, \u00fcretmeye devam edece\u011fiz\u201d<\/em> dedi.<\/p>","protected":false},"excerpt":{"rendered":"<p>Sorry, this entry is only available in Turkish. For the sake of viewer convenience, the content is shown below in the alternative language. You may click the link to switch the active language. Bak\u00fc Enerji Haftas\u0131 &#8211; 2023 kapsam\u0131nda\u00a0ger\u00e7ekle\u015fen 28. Uluslararas\u0131 Hazar Petrol ve Gaz Fuar\u0131\u2019na kat\u0131lan SOCAR T\u00fcrkiye, fuara kat\u0131lan \u00fcst d\u00fczey devlet yetkililerini [&hellip;]<\/p>\n","protected":false},"author":1,"featured_media":175697,"comment_status":"open","ping_status":"open","sticky":false,"template":"","format":"standard","meta":[],"categories":[46,53,44],"tags":[1567,109601],"views":45,"_links":{"self":[{"href":"https:\/\/www.enerjigazetesi.ist\/en\/wp-json\/wp\/v2\/posts\/175694"}],"collection":[{"href":"https:\/\/www.enerjigazetesi.ist\/en\/wp-json\/wp\/v2\/posts"}],"about":[{"href":"https:\/\/www.enerjigazetesi.ist\/en\/wp-json\/wp\/v2\/types\/post"}],"author":[{"embeddable":true,"href":"https:\/\/www.enerjigazetesi.ist\/en\/wp-json\/wp\/v2\/users\/1"}],"replies":[{"embeddable":true,"href":"https:\/\/www.enerjigazetesi.ist\/en\/wp-json\/wp\/v2\/comments?post=175694"}],"version-history":[{"count":1,"href":"https:\/\/www.enerjigazetesi.ist\/en\/wp-json\/wp\/v2\/posts\/175694\/revisions"}],"predecessor-version":[{"id":175695,"href":"https:\/\/www.enerjigazetesi.ist\/en\/wp-json\/wp\/v2\/posts\/175694\/revisions\/175695"}],"wp:featuredmedia":[{"embeddable":true,"href":"https:\/\/www.enerjigazetesi.ist\/en\/wp-json\/wp\/v2\/media\/175697"}],"wp:attachment":[{"href":"https:\/\/www.enerjigazetesi.ist\/en\/wp-json\/wp\/v2\/media?parent=175694"}],"wp:term":[{"taxonomy":"category","embeddable":true,"href":"https:\/\/www.enerjigazetesi.ist\/en\/wp-json\/wp\/v2\/categories?post=175694"},{"taxonomy":"post_tag","embeddable":true,"href":"https:\/\/www.enerjigazetesi.ist\/en\/wp-json\/wp\/v2\/tags?post=175694"}],"curies":[{"name":"wp","href":"https:\/\/api.w.org\/{rel}","templated":true}]}}