{"id":175645,"date":"2023-05-31T12:51:59","date_gmt":"2023-05-31T09:51:59","guid":{"rendered":"https:\/\/www.enerjigazetesi.ist\/?p=175645"},"modified":"2023-05-31T12:54:53","modified_gmt":"2023-05-31T09:54:53","slug":"turkiye-bolgesel-etki-yatirimi-merkezi-olmak-uzere-vites-yukseltiyor","status":"publish","type":"post","link":"https:\/\/www.enerjigazetesi.ist\/en\/turkiye-bolgesel-etki-yatirimi-merkezi-olmak-uzere-vites-yukseltiyor\/","title":{"rendered":"(Turkish) &#8217;T\u00fcrkiye&#8217; B\u00f6lgesel Etki Yat\u0131r\u0131m\u0131 Merkezi Olmak \u00dczere Vites Y\u00fckseltiyor"},"content":{"rendered":"<p class=\"qtranxs-available-languages-message qtranxs-available-languages-message-en\">Sorry, this entry is only available in <a href=\"https:\/\/www.enerjigazetesi.ist\/tr\/wp-json\/wp\/v2\/posts\/175645\" class=\"qtranxs-available-language-link qtranxs-available-language-link-tr\" title=\"Turkish\">Turkish<\/a>. For the sake of viewer convenience, the content is shown below in the alternative language. You may click the link to switch the active language.<\/p><p><\/p>\n<h2>Etki Yat\u0131r\u0131m\u0131 Dan\u0131\u015fma Kurulu (EYDK) ve The Global Steering Group for Impact Investment (GSG) i\u015fbirli\u011fiyle d\u00fczenlenen K\u00fcresel GSG Liderlik Zirvesi, 30 May\u0131s ve 1 Haziran 2023 tarihlerinde \u0130stanbul&#8217;da ger\u00e7ekle\u015fecek. \u201cEtki Ekonomisine Do\u011fru: T\u00fcrkiye&#8217;nin Y\u00fcz\u00fcnc\u00fc Y\u0131l\u0131nda K\u00fcresel Kuzey ve K\u00fcresel G\u00fcneyi Birle\u015ftirmek\u201d konusunun tart\u0131\u015f\u0131laca\u011f\u0131 zirvede, 50 \u00fclkeden 150 etki yat\u0131r\u0131m\u0131 lideri T\u00fcrkiye&#8217;deki payda\u015flar\u0131yla bir araya gelecek.<\/h2>\n<p><strong>K\u00fcresel GSG Liderlik Zirvesi<\/strong>, bu y\u0131l Etki Yat\u0131r\u0131m\u0131 Dan\u0131\u015fma Kurulu (EYDK) ve The Global Steering Group for Impact Investment (GSG) i\u015fbirli\u011finde, <strong>30 May\u0131s ve 1 Haziran 2023<\/strong> tarihleri aras\u0131nda \u0130stanbul&#8217;da ger\u00e7ekle\u015fiyor. <strong>50<\/strong> \u00fclkeden <strong>150 etki yat\u0131r\u0131m\u0131<\/strong> liderini T\u00fcrkiye&#8217;deki payda\u015flar\u0131yla bir araya getiren zirve, <strong>\u201cEtki Ekonomisine Do\u011fru: T\u00fcrkiye&#8217;nin Y\u00fcz\u00fcnc\u00fc Y\u0131l\u0131nda K\u00fcresel Kuzey ve <img loading=\"lazy\" class=\"alignright wp-image-175647\" src=\"https:\/\/www.enerjigazetesi.ist\/wp-content\/uploads\/2023\/05\/turkiye-bolgesel-etki-yatirimi-merkezi-olmak-uzere-vites-yukseltiyor.jpg\" alt=\"\" width=\"320\" height=\"233\" srcset=\"https:\/\/www.enerjigazetesi.ist\/wp-content\/uploads\/2023\/05\/turkiye-bolgesel-etki-yatirimi-merkezi-olmak-uzere-vites-yukseltiyor.jpg 550w, https:\/\/www.enerjigazetesi.ist\/wp-content\/uploads\/2023\/05\/turkiye-bolgesel-etki-yatirimi-merkezi-olmak-uzere-vites-yukseltiyor-300x218.jpg 300w, https:\/\/www.enerjigazetesi.ist\/wp-content\/uploads\/2023\/05\/turkiye-bolgesel-etki-yatirimi-merkezi-olmak-uzere-vites-yukseltiyor-500x364.jpg 500w, https:\/\/www.enerjigazetesi.ist\/wp-content\/uploads\/2023\/05\/turkiye-bolgesel-etki-yatirimi-merkezi-olmak-uzere-vites-yukseltiyor-69x50.jpg 69w\" sizes=\"(max-width: 320px) 100vw, 320px\" \/>K\u00fcresel G\u00fcneyi Birle\u015ftirmek\u201d<\/strong> ba\u015fl\u0131\u011f\u0131 ile d\u00fczenleniyor ve T\u00fcrkiye&#8217;nin bu alanda ge\u00e7en d\u00f6rt y\u0131lda ortaya koydu\u011fu b\u00fcy\u00fck geli\u015fimi g\u00f6zler \u00f6n\u00fcne seriyor. Cumhuriyetin ikinci y\u00fczy\u0131l\u0131na girilirken, UNDP&#8217;nin \u00f6nc\u00fcl \u00e7al\u0131\u015fmalar\u0131nda T\u00fcrkiye i\u00e7in \u00f6ng\u00f6r\u00fclen <strong>Orta Do\u011fu, Kuzey Afrika, Do\u011fu Avrupa ve Orta Asya<\/strong> i\u00e7in b\u00f6lgesel bir etki yat\u0131r\u0131m\u0131 giri\u015f noktas\u0131 olma rol\u00fc bir misli daha \u00f6nem kazan\u0131yor.<strong> Kamu, \u00f6zel ve k\u00e2r amac\u0131 g\u00fctmeyen sekt\u00f6rlerden<\/strong> gelen <strong>45 lider \u00fcye<\/strong> kurumuyla<strong> EYDK<\/strong>, bu potansiyeli hayata ge\u00e7irmek i\u00e7in <strong>fark\u0131ndal\u0131k art\u0131rma, kapasite geli\u015ftirme, k\u00fcresel i\u015f ve bilgi a\u011flar\u0131na kat\u0131lma<\/strong> ve <strong>politika savunuculu\u011fu alanlar\u0131nda<\/strong> \u00f6nemli giri\u015fimlerde bulunmaya devam ediyor. Zirveye ev sahipli\u011fi yapmak, bu giri\u015fimlerin tepe noktas\u0131n\u0131 te\u015fkil ediyor.<\/p>\n<p>T\u00fcrkiye&#8217;nin de aralar\u0131nda bulundu\u011fu 36 \u00fclkeden olu\u015fan GSG toplulu\u011fu, her \u00fclkenin anahtar payda\u015flar\u0131n\u0131 bir araya getiren Ulusal Dan\u0131\u015fma Kurullar\u0131 arac\u0131l\u0131\u011f\u0131 ile k\u00fcresel bir temsiliyet imk\u00e2n\u0131 sunuyor. Bu kapsay\u0131c\u0131 yakla\u015f\u0131m, etki yat\u0131r\u0131mc\u0131l\u0131\u011f\u0131n\u0131n pozitif, \u00f6l\u00e7\u00fcmlenebilir sosyal ve \u00e7evresel etki olu\u015fturarak finansal getiri elde etme d\u00fcsturuna da uyuyor. K\u00fcresel e\u011filimlere \u00f6nc\u00fcl\u00fck eden etki ekonomisi, IFC verilerine g\u00f6re 2,3 trilyon dolar seviyesine ula\u015fm\u0131\u015f durumda. Zirveye giden s\u00fcre\u00e7te T\u00fcrkiye&#8217;nin ilk erken a\u015fama etki fonunu, etki fonlar\u0131n fonunu ve Sosyal Etki Tahvilini hayata ge\u00e7irmi\u015f olmas\u0131 da \u00fclkenin avantajl\u0131 konumunu destekliyor.<\/p>\n<h3><strong>T\u00fcrkiye, etki yat\u0131r\u0131m\u0131 merkezi olarak k\u00fcresel konumunu y\u00fckseltiyor<\/strong><\/h3>\n<p><strong>EYDK Ba\u015fkan\u0131 \u015eafak M\u00fcderrisgil<\/strong>, <em>\u201cJeopolitik konumu, insan sermayesi, giri\u015fimci hay\u0131rseverlik dikeyi, yetkin finans sekt\u00f6r\u00fc ve giri\u015fimcilik ekosistemiyle T\u00fcrkiye, etki yat\u0131r\u0131mlar\u0131 i\u00e7in g\u00fc\u00e7l\u00fc bir temel sunuyor. GSG toplulu\u011funun \u00f6nemli bir par\u00e7as\u0131 olan T\u00fcrkiye, bir etki yat\u0131r\u0131m\u0131 merkezi ve b\u00f6lgesel giri\u015f noktas\u0131 olarak k\u00fcresel konumunu y\u00fckseltiyor\u201d<\/em> dedi.<\/p>\n<h3><strong>T\u00fcrkiye, konumuyla stratejik bir noktada yer al\u0131yor<\/strong><\/h3>\n<p>Bu do\u011frultuda, zirvenin \u0130stanbul&#8217;da yap\u0131lmas\u0131n\u0131n \u00f6nemine de\u011finen <strong>GSG Ba\u015fkan\u0131 Sir Ronald Cohen<\/strong>, <em>\u201cGeli\u015fen etki yat\u0131r\u0131m\u0131 ekosistemi ve potansiyeli ile T\u00fcrkiye, farkl\u0131 k\u0131talar aras\u0131nda yarat\u0131c\u0131 fikirlerin ak\u0131\u015f\u0131n\u0131 m\u00fcmk\u00fcn k\u0131lan konumu ile stratejik bir noktada yer al\u0131yor. Cumhuriyetin y\u00fcz\u00fcnc\u00fc y\u0131l\u0131n\u0131n, EYDK&#8217;n\u0131n s\u00fcrd\u00fcrd\u00fc\u011f\u00fc katma de\u011ferli \u00e7al\u0131\u015fmalar\u0131 kutlamak ve T\u00fcrkiye&#8217;nin tarihi geleneklerinin k\u00fcresel etki yat\u0131r\u0131m\u0131 hareketine verebilece\u011fi katk\u0131lar\u0131 ortaya koymak i\u00e7in de uygun bir zaman oldu\u011funu d\u00fc\u015f\u00fcn\u00fcyorum\u201d<\/em> ifadelerini kulland\u0131.<\/p>\n<p>30 May\u0131s&#8217;taki a\u00e7\u0131l\u0131\u015f etkinli\u011fine Bo\u011fazi\u00e7i \u00dcniversitesi&#8217;ndeki tarihi Albert Long Hall&#8217;un ev sahipli\u011fi yapt\u0131\u011f\u0131 zirve, T\u00fcrkiye ve s\u0131n\u0131r \u00f6tesi partnerleri i\u00e7in d\u00f6rt ana temaya odaklan\u0131yor: <strong>etki liderli\u011fi, etki sermayesinin harekete ge\u00e7irilmesi, etki \u00f6l\u00e7\u00fcm\u00fc ve y\u00f6netimi, kad\u0131nlar\u0131n g\u00fc\u00e7lendirilmesi<\/strong>. Zirvenin ikinci ve \u00fc\u00e7\u00fcnc\u00fc g\u00fcnleri, uluslararas\u0131 kat\u0131l\u0131mc\u0131lar\u0131n d\u0131\u015far\u0131ya kapal\u0131, hedef odakl\u0131 strateji toplant\u0131lar\u0131 ve \u00e7al\u0131\u015ftaylar\u0131na ayr\u0131lm\u0131\u015f durumda.<\/p>\n<h3><strong>\u0130FM, ekonomimizin S\u00fcrd\u00fcr\u00fclebilir Kalk\u0131nma Ama\u00e7lar\u0131na katk\u0131 sa\u011flayacak<\/strong><\/h3>\n<p>Zirveye ana sponsor olarak kat\u0131lan <strong>\u0130stanbul Finans Merkezi&#8217;nin (\u0130FM) CEO&#8217;su Ahmet \u0130hsan Erdem<\/strong>, \u0130FM&#8217;nin T\u00fcrkiye&#8217;nin en \u00f6nemli stratejik projelerinden biri oldu\u011funun alt\u0131n\u0131 \u00e7izdi ve <em>\u201cUluslararas\u0131 kurumlar ve \u00fclkelerle yap\u0131lacak i\u015fbirlikleri, \u0130FM&#8217;yi k\u00fcresel alanda \u00f6n plana \u00e7\u0131karacakt\u0131r. \u0130FM, ekonomimizin S\u00fcrd\u00fcr\u00fclebilir Kalk\u0131nma Ama\u00e7lar\u0131na ve finansal piyasalar\u0131n geli\u015fimine \u00f6nemli katk\u0131 sa\u011flayacak\u201d<\/em> dedi.<\/p>\n<h3><strong>Yat\u0131r\u0131m ekosistemimizi g\u00fc\u00e7lendirmek temel stratejilerimiz aras\u0131nda<\/strong><\/h3>\n<p>Ulusal bir \u00e7er\u00e7eve \u00e7izen <strong>T.C. Cumhurba\u015fkanl\u0131\u011f\u0131 Yat\u0131r\u0131m Ofisi Ba\u015fkan\u0131 A. Burak Da\u011fl\u0131o\u011flu<\/strong> ise <em>\u201cS\u00fcrd\u00fcr\u00fclebilir Kalk\u0131nma Ama\u00e7lar\u0131 do\u011frultusunda yat\u0131r\u0131m ekosistemimizi g\u00fc\u00e7lendirmek temel stratejilerimiz aras\u0131nda yer al\u0131yor. Bu noktada, k\u00fcresel olarak trilyon dolar seviyesini a\u015fan etki yat\u0131r\u0131mc\u0131l\u0131\u011f\u0131 pazar\u0131 b\u00fcy\u00fck \u00f6nem te\u015fkil ediyor. Cumhurba\u015fkan\u0131m\u0131z himayelerinde kurucular\u0131 aras\u0131nda yer ald\u0131\u011f\u0131m\u0131z EYDK&#8217;n\u0131n \u00e7al\u0131\u015fmalar\u0131, g\u00fc\u00e7l\u00fc bir etki yat\u0131r\u0131m\u0131 ekosistemi tesis edilmesinin ve T\u00fcrkiye&#8217;nin k\u00fcresel pazar pay\u0131n\u0131n art\u0131r\u0131lmas\u0131n\u0131 sa\u011fl\u0131yor\u201d<\/em> \u015feklinde konu\u015ftu.<\/p>\n<p><strong>T.C. Cumhurba\u015fkanl\u0131\u011f\u0131 Yat\u0131r\u0131m Ofisi, Ar\u00e7elik ve Bo\u011fazi\u00e7i \u00dcniversitesi<\/strong> de zirveye \u00e7ok \u00f6nemli bir destek sunmu\u015f durumdalar. EYDK&#8217;n\u0131n kurulu\u015f a\u015famas\u0131ndan itibaren itici g\u00fc\u00e7 olarak konumlanan <strong>Etkiyap, K\u0131z\u0131lay Etki Yat\u0131r\u0131m, T\u00fcrkiye Kalk\u0131nma ve Yat\u0131r\u0131m Bankas\u0131 ve T\u00fcrkven<\/strong> kurucu sponsorlar olarak zirvede yer al\u0131rken, <strong>Kale Grubu ve Limak Holding<\/strong> ise zirvenin sundu\u011fu platformda <strong>kad\u0131nlar\u0131n g\u00fc\u00e7lendirilmesi temas\u0131n\u0131<\/strong> desteklemek amac\u0131yla <strong>panel sponsorlar\u0131<\/strong> oldular. Bu de\u011ferli kurumlara ek olarak<strong> idacapital, Marjinal Portner Novelli ve Otov\u0131nn da<\/strong> sponsor olarak zirveye destek veriyor.<\/p>","protected":false},"excerpt":{"rendered":"<p>Sorry, this entry is only available in Turkish. For the sake of viewer convenience, the content is shown below in the alternative language. You may click the link to switch the active language. Etki Yat\u0131r\u0131m\u0131 Dan\u0131\u015fma Kurulu (EYDK) ve The Global Steering Group for Impact Investment (GSG) i\u015fbirli\u011fiyle d\u00fczenlenen K\u00fcresel GSG Liderlik Zirvesi, 30 May\u0131s [&hellip;]<\/p>\n","protected":false},"author":1,"featured_media":175647,"comment_status":"open","ping_status":"open","sticky":false,"template":"","format":"standard","meta":[],"categories":[53],"tags":[95423,109589],"views":29,"_links":{"self":[{"href":"https:\/\/www.enerjigazetesi.ist\/en\/wp-json\/wp\/v2\/posts\/175645"}],"collection":[{"href":"https:\/\/www.enerjigazetesi.ist\/en\/wp-json\/wp\/v2\/posts"}],"about":[{"href":"https:\/\/www.enerjigazetesi.ist\/en\/wp-json\/wp\/v2\/types\/post"}],"author":[{"embeddable":true,"href":"https:\/\/www.enerjigazetesi.ist\/en\/wp-json\/wp\/v2\/users\/1"}],"replies":[{"embeddable":true,"href":"https:\/\/www.enerjigazetesi.ist\/en\/wp-json\/wp\/v2\/comments?post=175645"}],"version-history":[{"count":0,"href":"https:\/\/www.enerjigazetesi.ist\/en\/wp-json\/wp\/v2\/posts\/175645\/revisions"}],"wp:featuredmedia":[{"embeddable":true,"href":"https:\/\/www.enerjigazetesi.ist\/en\/wp-json\/wp\/v2\/media\/175647"}],"wp:attachment":[{"href":"https:\/\/www.enerjigazetesi.ist\/en\/wp-json\/wp\/v2\/media?parent=175645"}],"wp:term":[{"taxonomy":"category","embeddable":true,"href":"https:\/\/www.enerjigazetesi.ist\/en\/wp-json\/wp\/v2\/categories?post=175645"},{"taxonomy":"post_tag","embeddable":true,"href":"https:\/\/www.enerjigazetesi.ist\/en\/wp-json\/wp\/v2\/tags?post=175645"}],"curies":[{"name":"wp","href":"https:\/\/api.w.org\/{rel}","templated":true}]}}