{"id":175621,"date":"2023-05-31T11:08:17","date_gmt":"2023-05-31T08:08:17","guid":{"rendered":"https:\/\/www.enerjigazetesi.ist\/?p=175621"},"modified":"2023-05-31T11:14:52","modified_gmt":"2023-05-31T08:14:52","slug":"eyoder-de-onur-unlu-yeniden-baskan-secildi","status":"publish","type":"post","link":"https:\/\/www.enerjigazetesi.ist\/en\/eyoder-de-onur-unlu-yeniden-baskan-secildi\/","title":{"rendered":"(Turkish) &#8217;EYODER&#8217;de Onur \u00dcnl\u00fc Yeniden Ba\u015fkan Se\u00e7ildi"},"content":{"rendered":"<p class=\"qtranxs-available-languages-message qtranxs-available-languages-message-en\">Sorry, this entry is only available in <a href=\"https:\/\/www.enerjigazetesi.ist\/tr\/wp-json\/wp\/v2\/posts\/175621\" class=\"qtranxs-available-language-link qtranxs-available-language-link-tr\" title=\"Turkish\">Turkish<\/a>. For the sake of viewer convenience, the content is shown below in the alternative language. You may click the link to switch the active language.<\/p><p><\/p>\n<h2><strong>Enerji Verimlili\u011fi ve Y\u00f6netimi Derne\u011fi\u2019nin (EYODER) 13. Ola\u011fan Genel Kurulu\u2019nda mevcut Y\u00f6netim Kurulu Ba\u015fkan\u0131 Onur \u00dcnl\u00fc bir kez daha ba\u015fkan se\u00e7ildi. Yeni d\u00f6nem hedefleri hakk\u0131nda bilgi veren \u00dcnl\u00fc, yurt d\u0131\u015f\u0131ndan al\u0131nan e\u011fitim sertifikalar\u0131n\u0131n T\u00fcrkiye\u2019de de verilmesi i\u00e7in \u00e7al\u0131\u015fmalara ba\u015flad\u0131klar\u0131n\u0131 s\u00f6yledi. T\u00fcrkiye\u2019nin enerji verimlili\u011fi politikalar\u0131na katk\u0131 sunmaya devam edeceklerini anlatan \u00dcnl\u00fc, \u201cT\u00fcm d\u00fcnyada ye\u015fil ekosistem konu\u015fulurken biz de \u00fclkemizin enerji verimlili\u011fi alan\u0131nda d\u00fcnyaya liderlik yapan bir konuma y\u00fckselmesi i\u00e7in t\u00fcm g\u00fcc\u00fcm\u00fczle \u00e7al\u0131\u015faca\u011f\u0131z\u201d dedi.<\/strong><\/h2>\n<p style=\"text-align: center;\"><img loading=\"lazy\" class=\"aligncenter wp-image-175624\" src=\"https:\/\/www.enerjigazetesi.ist\/wp-content\/uploads\/2023\/05\/eyoder-de-onur-unlu-yeniden-baskan-secildi.jpg\" alt=\"\" width=\"500\" height=\"315\" srcset=\"https:\/\/www.enerjigazetesi.ist\/wp-content\/uploads\/2023\/05\/eyoder-de-onur-unlu-yeniden-baskan-secildi.jpg 550w, https:\/\/www.enerjigazetesi.ist\/wp-content\/uploads\/2023\/05\/eyoder-de-onur-unlu-yeniden-baskan-secildi-300x189.jpg 300w, https:\/\/www.enerjigazetesi.ist\/wp-content\/uploads\/2023\/05\/eyoder-de-onur-unlu-yeniden-baskan-secildi-500x315.jpg 500w, https:\/\/www.enerjigazetesi.ist\/wp-content\/uploads\/2023\/05\/eyoder-de-onur-unlu-yeniden-baskan-secildi-80x50.jpg 80w\" sizes=\"(max-width: 500px) 100vw, 500px\" \/><\/p>\n<p>Enerji verimlili\u011fi sekt\u00f6r\u00fcn\u00fcn sa\u011fl\u0131kl\u0131 bir \u015fekilde geli\u015fmesine katk\u0131 sa\u011flamak amac\u0131yla faaliyetlerini s\u00fcrd\u00fcren Enerji Verimlili\u011fi ve Y\u00f6netimi Derne\u011fi\u2019nin (EYODER), <strong>13. Ola\u011fan Genel Kurul Toplant\u0131s\u0131<\/strong> ger\u00e7ekle\u015ftirildi. Toplant\u0131da <strong>EYODER Y\u00f6netim Kurulu, Denetim Kurulu ve Onur Kurulu \u00fcyelerinin se\u00e7imi<\/strong> yap\u0131ld\u0131. Yeni y\u00f6netim kurulu ilk toplant\u0131s\u0131nda, mevcut Y\u00f6netim Kurulu Ba\u015fkan\u0131 <strong>Onur \u00dcnl\u00fc\u2019y\u00fc<\/strong> bir kez daha ba\u015fkan se\u00e7ti. Yeni y\u00f6netimde ba\u015fkan yard\u0131mc\u0131l\u0131\u011f\u0131 g\u00f6revini, bir \u00f6nceki d\u00f6nemde oldu\u011fu gibi<strong> Dr. Kubilay Kavak<\/strong> ve <strong>Prof. Dr. Sermin Onaygil<\/strong> \u00fcstlendi. Ge\u00e7ti\u011fimiz d\u00f6nemin y\u00f6netim kurulu \u00fcyelerinden Yasemin Somuncu ise yeni d\u00f6nemde Genel Sekreter olarak \u00e7al\u0131\u015fmalar\u0131n\u0131 s\u00fcrd\u00fcrecek.<\/p>\n<h3><strong>Onur \u00dcnl\u00fc: \u201cSekt\u00f6r olarak birlikte hareket etmeyi ba\u015fard\u0131k\u201d<\/strong><\/h3>\n<p><strong>EYODER Y\u00f6netim Kurulu Ba\u015fkan\u0131 Onur \u00dcnl\u00fc<\/strong>, se\u00e7imin ard\u0131ndan yapt\u0131\u011f\u0131 konu\u015fmada ge\u00e7mi\u015f d\u00f6nem faaliyetleri hakk\u0131nda bilgi verdi. 2021 y\u0131l\u0131nda g\u00f6reve geldiklerinde \u2018S\u00fcrd\u00fcr\u00fclebilir B\u00fcy\u00fcme i\u00e7in Hep Birlikte\u2019 mottosuyla hareket etmeyi vadettiklerini hat\u0131rlatan <strong>\u00dcnl\u00fc<\/strong>, <em>\u201cAradan ge\u00e7en iki y\u0131lda bunu tesis etmeyi ba\u015fard\u0131k. EYODER art\u0131k yaln\u0131zca enerji hizmet \u015firketlerini de\u011fil bu alanda faaliyet g\u00f6steren<strong> teknik dan\u0131\u015fmanl\u0131ktan finans ve sigortaya<\/strong> kadar pek \u00e7ok \u015firketi kapsayan, \u00e7e\u015fitlili\u011fini art\u0131ran ve kurumsalla\u015fma yolunda \u00f6nemli ad\u0131mlar atan bir STK haline geldi. Faaliyet g\u00f6sterdi\u011fimiz enerji, \u00e7ok geni\u015f kapsaml\u0131, \u00fclkemiz ve d\u00fcnya i\u00e7in kritik \u00f6neme sahip bir sekt\u00f6r. Biz de bu yakla\u015f\u0131mla <strong>farkl\u0131 sekt\u00f6rlerden \u015firketlerle<\/strong> ve <strong>onlar\u0131n \u00e7at\u0131 kurulu\u015flar\u0131<\/strong> olan <strong>STK\u2019lar ile i\u015f birli\u011fi<\/strong> yaparak, ileti\u015fimimizi ve i\u015f birli\u011fimizi art\u0131rd\u0131k. Geride b\u0131rakt\u0131\u011f\u0131m\u0131z d\u00f6nemde bizim ad\u0131m\u0131za \u00f6nemli ba\u015far\u0131lardan biri de yurt i\u00e7i ve yurt d\u0131\u015f\u0131ndan sekt\u00f6r temsilcilerini bulu\u015fturdu\u011fumuz <strong>\u2018Gelecek Verimlilikte\u2019<\/strong> temal\u0131 kongremiz oldu\u201d<\/em> dedi.<\/p>\n<h3><strong>\u201cYurt d\u0131\u015f\u0131ndan al\u0131nan e\u011fitim sertifikalar\u0131n\u0131 art\u0131k T\u00fcrkiye\u2019de verece\u011fiz\u201d<\/strong><\/h3>\n<p>Yeni d\u00f6nem hedeflerini de a\u00e7\u0131klayan <strong>\u00dcnl\u00fc<\/strong> \u015f\u00f6yle devam etti; <em>\u201cGe\u00e7mi\u015f d\u00f6nemde \u00f6nceliklerimizden biri olan kurumsalla\u015fma alan\u0131ndaki \u00e7al\u0131\u015fmalara h\u0131z kesmeden devam edece\u011fiz. Bu kapsamda \u00fcye a\u011f\u0131m\u0131z\u0131 geni\u015fletirken, profesyonel kadrolarla \u00e7al\u0131\u015faca\u011f\u0131z. Yine ge\u00e7en d\u00f6nem oldu\u011fu gibi sekt\u00f6r temsilcilerimizin <strong>i\u015f d\u00fcnyas\u0131, sivil toplum kurulu\u015flar\u0131 ve akademi<\/strong> ile bir araya gelmesine devam edece\u011fiz. Kongremizi geleneksel hale getirmek i\u00e7in de \u00e7al\u0131\u015fmalara ba\u015flad\u0131k. Bu d\u00f6nemki en yeni ve \u00f6ncelikli hedeflerimizden biri ise <strong>uluslararas\u0131 sertifikal\u0131 e\u011fitim programlar\u0131<\/strong> d\u00fczenlemek olacak. Bilindi\u011fi \u00fczere bu e\u011fitimler yurt d\u0131\u015f\u0131nda yap\u0131l\u0131yor. Art\u0131k sekt\u00f6r temsilcilerimiz ba\u015fta <strong>\u00f6l\u00e7me<\/strong> ve <strong>do\u011frulama<\/strong> ile<strong> proje finansman\u0131<\/strong> olmak \u00fczere pek \u00e7ok konudaki e\u011fitimi \u00fclkemizde alabilecek. Bunun i\u00e7in \u00e7al\u0131\u015fmalar\u0131m\u0131za ba\u015flad\u0131k. E\u011fitimler ve sertifikalar, \u00fcye yap\u0131m\u0131z\u0131n kapasitesinin geli\u015fmesine ve \u00fcyelerimizin uluslararas\u0131 pazarlara daha fazla a\u00e7\u0131lmas\u0131na da b\u00fcy\u00fck katk\u0131 sa\u011flayacak.\u201d<\/em><\/p>\n<h3><strong>\u201cEnerji hedeflerinin belirlenmesinde kritik bir sorumlulu\u011fumuz var\u201d<\/strong><\/h3>\n<p>EYODER\u2019in enerji verimlili\u011finin \u00f6nemini ve bunun T\u00fcrkiye\u2019ye sa\u011flayaca\u011f\u0131 faydalar\u0131 kamuoyuna duyurmaya devam edece\u011fini s\u00f6yleyen <strong>\u00dcnl\u00fc<\/strong>,<em> \u201cG\u00fcndemimizde olan bir di\u011fer kritik konu da<strong> \u0130kinci Ulusal Enerji Verimlili\u011fi Eylem Plan\u0131\u2019na<\/strong> katk\u0131 sa\u011flamak. Dolay\u0131s\u0131yla Cumhuriyetimizin ikinci y\u00fczy\u0131l\u0131na ba\u015flarken, bunun <strong>ilk be\u015f y\u0131l\u0131ndaki enerji hedeflerinin belirlenmesinde kritik bir sorumlulu\u011fumuz<\/strong> oldu\u011funa inan\u0131yoruz. Burada \u00fclke hedefleri i\u00e7in olu\u015fturulacak politika setlerinde <strong>enerji verimlili\u011finin \u00f6nemini<\/strong> ve <strong>gereklili\u011fini<\/strong> ortaya koymay\u0131 hedefliyoruz. \u00c7\u00fcnk\u00fc \u00fclkemiz enerji verimlili\u011fi konusunda \u00e7ok ciddi bir potansiyel bar\u0131nd\u0131r\u0131yor. T\u00fcm d\u00fcnyada<strong> ye\u015fil ekosistem<\/strong> konu\u015fulurken biz de \u00fclkemizin enerji verimlili\u011fi alan\u0131nda d\u00fcnyaya liderlik yapan bir konuma y\u00fckselmesi i\u00e7in t\u00fcm g\u00fcc\u00fcm\u00fczle \u00e7al\u0131\u015fmaya devam edece\u011fiz\u201d<\/em> diye konu\u015ftu.<\/p>\n<p><strong>EYODER Y\u00f6netim Kurulu<\/strong><\/p>\n<p>Onur \u00dcnl\u00fc\u00a0 \u00a0 \u00a0 \u00a0 \u00a0 \u00a0 \u00a0 \u00a0 \u00a0 \u00a0 \u00a0 \u00a0 \u00a0 \u00a0 \u00a0 Ba\u015fkan<\/p>\n<p>Dr. Kubilay Kavak\u00a0 \u00a0 \u00a0 \u00a0 \u00a0 \u00a0 \u00a0 \u00a0 Ba\u015fkan Yard\u0131mc\u0131s\u0131<\/p>\n<p>Prof. Dr. Sermin Onaygil\u00a0 \u00a0 \u00a0Ba\u015fkan Yard\u0131mc\u0131s\u0131<\/p>\n<p>Arzu G\u00fcrkan\u00a0 \u00a0 \u00a0 \u00a0 \u00a0 \u00a0 \u00a0 \u00a0 \u00a0 \u00a0 \u00a0 \u00a0 \u00a0 \u00a0Sayman<\/p>\n<p>Onur G\u00fcnduru\u00a0 \u00a0 \u00a0 \u00a0 \u00a0 \u00a0 \u00a0 \u00a0 \u00a0 \u00a0 \u00a0 \u00a0Yazman<\/p>\n<p>Ekrem Erkut\u00a0 \u00a0 \u00a0 \u00a0 \u00a0 \u00a0 \u00a0 \u00a0 \u00a0 \u00a0 \u00a0 \u00a0 \u00a0 \u00a0\u00dcye<\/p>\n<p>Hakan Olcay\u00a0 \u00a0 \u00a0 \u00a0 \u00a0 \u00a0 \u00a0 \u00a0 \u00a0 \u00a0 \u00a0 \u00a0 \u00a0 \u00a0\u00dcye<\/p>\n<p>Mustafa G\u00fcng\u00f6r\u00a0 \u00a0 \u00a0 \u00a0 \u00a0 \u00a0 \u00a0 \u00a0 \u00a0 \u00a0 \u00a0\u00dcye<\/p>\n<p>M.Serkan Emin\u00a0 \u00a0 \u00a0 \u00a0 \u00a0 \u00a0 \u00a0 \u00a0 \u00a0 \u00a0 \u00a0 \u00dcye<\/p>\n<p>Yasemin Somuncu\u00a0 \u00a0 \u00a0 \u00a0 \u00a0 \u00a0 \u00a0 \u00a0 \u00a0Genel Sekreter<\/p>","protected":false},"excerpt":{"rendered":"<p>Sorry, this entry is only available in Turkish. For the sake of viewer convenience, the content is shown below in the alternative language. You may click the link to switch the active language. Enerji Verimlili\u011fi ve Y\u00f6netimi Derne\u011fi\u2019nin (EYODER) 13. Ola\u011fan Genel Kurulu\u2019nda mevcut Y\u00f6netim Kurulu Ba\u015fkan\u0131 Onur \u00dcnl\u00fc bir kez daha ba\u015fkan se\u00e7ildi. Yeni [&hellip;]<\/p>\n","protected":false},"author":1,"featured_media":175624,"comment_status":"open","ping_status":"open","sticky":false,"template":"","format":"standard","meta":[],"categories":[53,52],"tags":[109584,12,30754,920,57943,793],"views":38,"_links":{"self":[{"href":"https:\/\/www.enerjigazetesi.ist\/en\/wp-json\/wp\/v2\/posts\/175621"}],"collection":[{"href":"https:\/\/www.enerjigazetesi.ist\/en\/wp-json\/wp\/v2\/posts"}],"about":[{"href":"https:\/\/www.enerjigazetesi.ist\/en\/wp-json\/wp\/v2\/types\/post"}],"author":[{"embeddable":true,"href":"https:\/\/www.enerjigazetesi.ist\/en\/wp-json\/wp\/v2\/users\/1"}],"replies":[{"embeddable":true,"href":"https:\/\/www.enerjigazetesi.ist\/en\/wp-json\/wp\/v2\/comments?post=175621"}],"version-history":[{"count":0,"href":"https:\/\/www.enerjigazetesi.ist\/en\/wp-json\/wp\/v2\/posts\/175621\/revisions"}],"wp:featuredmedia":[{"embeddable":true,"href":"https:\/\/www.enerjigazetesi.ist\/en\/wp-json\/wp\/v2\/media\/175624"}],"wp:attachment":[{"href":"https:\/\/www.enerjigazetesi.ist\/en\/wp-json\/wp\/v2\/media?parent=175621"}],"wp:term":[{"taxonomy":"category","embeddable":true,"href":"https:\/\/www.enerjigazetesi.ist\/en\/wp-json\/wp\/v2\/categories?post=175621"},{"taxonomy":"post_tag","embeddable":true,"href":"https:\/\/www.enerjigazetesi.ist\/en\/wp-json\/wp\/v2\/tags?post=175621"}],"curies":[{"name":"wp","href":"https:\/\/api.w.org\/{rel}","templated":true}]}}