{"id":175590,"date":"2023-05-30T12:35:52","date_gmt":"2023-05-30T09:35:52","guid":{"rendered":"https:\/\/www.enerjigazetesi.ist\/?p=175590"},"modified":"2023-05-30T12:35:52","modified_gmt":"2023-05-30T09:35:52","slug":"son-20-yilda-enerji-talebinin-en-hizli-arttigi-oecdulkesi-turkiye-oldu","status":"publish","type":"post","link":"https:\/\/www.enerjigazetesi.ist\/en\/son-20-yilda-enerji-talebinin-en-hizli-arttigi-oecdulkesi-turkiye-oldu\/","title":{"rendered":"Son 20 y\u0131lda enerji\ttalebinin en h\u0131zl\u0131 artt\u0131\u011f\u0131 OECD\t\u00dclkesi T\u00fcrkiye oldu"},"content":{"rendered":"<p class=\"qtranxs-available-languages-message qtranxs-available-languages-message-en\">Sorry, this entry is only available in <a href=\"https:\/\/www.enerjigazetesi.ist\/tr\/wp-json\/wp\/v2\/posts\/175590\" class=\"qtranxs-available-language-link qtranxs-available-language-link-tr\" title=\"Turkish\">Turkish<\/a>. For the sake of viewer convenience, the content is shown below in the alternative language. You may click the link to switch the active language.<\/p><p><\/p>\n<h2><strong>\u0130klim de\u011fi\u015fikli\u011finin etkileri her ge\u00e7<\/strong><strong>en g<\/strong><strong>\u00fcn artarken, \u00fclkemizin ye\u015f<\/strong><strong>il d<\/strong><strong>\u00f6<\/strong><strong>n\u00fc\u015f\u00fcm s\u00fcrecindeki geli\u015fimine katk\u0131da bulunmak i\u00e7in harekete ge\u00e7en \u0130LKE Vakf\u0131, farkl\u0131 uzmanlar\u0131n ve akademisyenlerin katk\u0131lar\u0131yla haz\u0131rlad\u0131\u011f\u0131 \u201cT\u00fcrkiye<\/strong>\u2019<strong>de Ye\u015fil Ekonomi: D<\/strong><strong>\u00f6<\/strong><strong>n\u00fc\u015f\u00fcm \u0130\u00e7in Bir Yol Haritas\u0131\u201d raporunu yay\u0131mlad\u0131. Raporda T\u00fcrkiye<\/strong>\u2019<strong>nin ye\u015fil ekonomi yolculu\u011fu, iklim hedefleri, ekonomik kalk\u0131nman\u0131n \u00e7evresel maliyeti, ye\u015fil enerji d<\/strong><strong>\u00f6<\/strong><strong>n\u00fc\u015f\u00fcm\u00fc, ye\u015fil ekonomi ve \u0130slami finans kurulu\u015flar\u0131 gibi bir\u00e7ok ba\u015fl\u0131k de\u011ferlendiriliyor.<\/strong><\/h2>\n<p style=\"text-align: center;\"><img loading=\"lazy\" class=\"aligncenter wp-image-175593\" src=\"https:\/\/www.enerjigazetesi.ist\/wp-content\/uploads\/2023\/05\/son-20-yilda-enerji-talebinin-en-hizli-arttigi-oecdulkesi-turkiye-oldu-2.jpg\" alt=\"\" width=\"500\" height=\"235\" srcset=\"https:\/\/www.enerjigazetesi.ist\/wp-content\/uploads\/2023\/05\/son-20-yilda-enerji-talebinin-en-hizli-arttigi-oecdulkesi-turkiye-oldu-2.jpg 550w, https:\/\/www.enerjigazetesi.ist\/wp-content\/uploads\/2023\/05\/son-20-yilda-enerji-talebinin-en-hizli-arttigi-oecdulkesi-turkiye-oldu-2-300x141.jpg 300w, https:\/\/www.enerjigazetesi.ist\/wp-content\/uploads\/2023\/05\/son-20-yilda-enerji-talebinin-en-hizli-arttigi-oecdulkesi-turkiye-oldu-2-500x235.jpg 500w, https:\/\/www.enerjigazetesi.ist\/wp-content\/uploads\/2023\/05\/son-20-yilda-enerji-talebinin-en-hizli-arttigi-oecdulkesi-turkiye-oldu-2-80x38.jpg 80w\" sizes=\"(max-width: 500px) 100vw, 500px\" \/><\/p>\n<p>\u0130klim de\u011fi\u015fikli\u011fi d\u00fcnyan\u0131n gelece\u011fini olumsuz y\u00f6nde etkilerken hem ekonomik hem de politik a\u00e7\u0131dan zarar vermeye devam ediyor. Bir\u00e7ok \u00fclke ise karbon emisyonlar\u0131n\u0131 s\u0131f\u0131rlamak, do\u011fal kaynaklar\u0131 verimli kullanmak i\u00e7in ye\u015fil d\u00f6n\u00fc\u015f\u00fcm s\u00fcrecini h\u0131zland\u0131r\u0131yor. \u00dclkemizin ye\u015fil d\u00f6n\u00fc\u015f\u00fcm s\u00fcrecindeki geli\u015fimine katk\u0131da bulunmak i\u00e7in harekete ge\u00e7en <strong>\u0130LKE Vakf\u0131 \u0130slam \u0130ktisad\u0131 Ara\u015ft\u0131rma Merkezi (\u0130KAM)<\/strong>, farkl\u0131 kaynak ve uzman g\u00f6r\u00fc\u015flerinden analiz ederek haz\u0131rlad\u0131\u011f\u0131<strong> \u201cT\u00fcrkiye\u2019de Ye\u015fil Ekonomi: D\u00f6n\u00fc\u015f\u00fcm \u0130\u00e7in Bir Yol Haritas\u0131&#8221;<\/strong> raporunu yay\u0131mlad\u0131. Hem T\u00fcrkiye hem de globaldeki s\u00fcrd\u00fcr\u00fclebilirlik \u00e7al\u0131\u015fmalar\u0131n\u0131n veri temelli bir \u015fekilde de\u011ferlendirildi\u011fi raporda, <strong>karbon emisyonu sal\u0131m\u0131ndan enerji t\u00fcketimine<\/strong> kadar pek \u00e7ok konu ele al\u0131nd\u0131.<\/p>\n<h3>\u201c<strong>\u0130klim kriziyle m\u00fccadelede birlikte hareket edilmeli\u201d<\/strong><\/h3>\n<p>\u0130klim krizine kar\u015f\u0131 m\u00fccadelede kolektif bir bilin\u00e7le hareket edilmesi gerekti\u011fine dikkat \u00e7eken rapor yazarlar\u0131ndan Dr. \u00d6\u011fr. \u00dcyesi \u00d6mer Faruk Tekdo\u011fan konuya dair \u015fu a\u00e7\u0131klamada bulundu: <em>\u201cT\u00fcm payda\u015flar\u0131n ortak m\u00fccadelesini ve \u00e7ok y\u00f6nl\u00fc \u00e7abas\u0131n\u0131 gerektiren iklim kriziyle m\u00fccadele konusunda son y\u0131llarda hem d\u00fcnyada hem de T\u00fcrkiye\u2019de \u00f6nemli geli\u015fmeler ya\u015fand\u0131. Bunlar\u0131n ba\u015f\u0131nda iklim de\u011fi\u015fikli\u011fi kapsam\u0131nda imzalanan ilk k\u00fcresel anla\u015fma olan Paris Anla\u015fmas\u0131 ve \u00fclkelerin \u00f6l\u00e7\u00fclebilir iklim hedeflerinin belirlenlendi\u011fi BM S\u00fcrd\u00fcr\u00fclebilir Kalk\u0131nma i\u00e7in 2030 G\u00fcndemi bulunuyor. ABD ve 27 AB \u00fclkesinin 2050\u2019ye kadar karbon sal\u0131m\u0131nda net s\u0131f\u0131ra ula\u015ft\u0131rmas\u0131 ama\u00e7lan\u0131yor. Biz de \u00fclkemizin ye\u015fil d\u00f6n\u00fc\u015f\u00fcm\u00fcne katk\u0131da bulunmak i\u00e7in haz\u0131rlad\u0131\u011f\u0131m\u0131z raporla bir yol haritas\u0131 olu\u015fturduk.\u201d<\/em><\/p>\n<h3><strong>Ki\u015fi ba\u015f\u0131na karbon emisyonunda ba\u015f\u0131 ABD \u00e7ekiyor<\/strong><\/h3>\n<p>T\u00fcrkiye\u2019de Ye\u015fil Ekonomi: D\u00f6n\u00fc\u015f\u00fcm \u0130\u00e7in Bir Yol Haritas\u0131 ba\u015fl\u0131kl\u0131 rapora g\u00f6re, d\u00fcnyada ki\u015fi ba\u015f\u0131na karbon emisyonu sal\u0131m\u0131n\u0131n en \u00e7ok kaydedildi\u011fi b\u00f6lgelerin ilk s\u0131ras\u0131nda ABD gelirken, onu \u00c7in ve AB \u00fclkelerinin ard\u0131ndan T\u00fcrkiye takip ediyor. Karbon emisyonunu en \u00e7ok tetikleyen itici g\u00fc\u00e7ler aras\u0131ndaki enerji kaynaklar\u0131nda <strong>%33<\/strong> ile <strong>petrol birinci s\u0131rada<\/strong> yer al\u0131rken, bunu <strong>%27<\/strong> ile <strong>k\u00f6m\u00fcr<\/strong> ve <strong>%24,3 ile gaz<\/strong> izliyor. Ge\u00e7ti\u011fimiz 20 y\u0131lda enerji talebinin en h\u0131zl\u0131 artt\u0131\u011f\u0131 OECD (Ekonomik Kalk\u0131nma ve \u0130\u015fbirli\u011fi \u00d6rg\u00fct\u00fc) \u00fclkesinin ise T\u00fcrkiye oldu\u011fu aktar\u0131l\u0131yor. Enerji ihtiyac\u0131n\u0131n %76\u2019s\u0131ndan fazlas\u0131n\u0131 yurt d\u0131\u015f\u0131ndan ithal eden ve \u00f6nemli bir b\u00f6l\u00fcm\u00fcn\u00fc ithal fosil yak\u0131tlardan kar\u015f\u0131layan T\u00fcrkiye\u2019nin ise ye\u015fil d\u00f6n\u00fc\u015f\u00fcm kapsam\u0131ndaki \u00e7al\u0131\u015fmalar\u0131n\u0131 h\u0131zland\u0131rd\u0131\u011f\u0131 belirtiliyor.<\/p>\n<h3><strong>Cari a<\/strong><strong>\u00e7\u0131kla m\u00fccadelede <\/strong><strong>\u00f6<\/strong><strong>nemli bir g\u00fc\u00e7 olabilir<\/strong><\/h3>\n<p>Rapordaki verilerden hareketle \u00fclkemiz, enerji krizinin k\u00fcresel bir problem haline geldi\u011fi \u015fu g\u00fcnlerde, enerji verimlili\u011finde \u00f6nemli bir yol kat ediyor. Enerji verimlili\u011fi a\u00e7\u0131s\u0131ndan r\u00fczg\u00e2r enerjisinde \u0130ngiltere\u2019den sonra, g\u00fcne\u015f enerjisinde ise \u0130spanya\u2019n\u0131n ard\u0131ndan ikinci s\u0131raya yerle\u015fiyor. Her ikisinin toplam\u0131n\u0131n yer alt\u0131\u011f\u0131 tabloda da birinci olarak konumlan\u0131yor. <strong>T\u00fcrkiye\u2019nin<\/strong> bu ba\u015far\u0131s\u0131n\u0131n arkas\u0131nda ise <strong>\u00fc\u00e7 taraf\u0131n\u0131n denizlerle \u00e7evrili olmas\u0131yla<\/strong> birlikte <strong>r\u00fczg\u00e2r nehri<\/strong> ve <strong>verimli g\u00fcne\u015f \u0131\u015f\u0131n\u0131m de\u011ferleri<\/strong> bulunuyor. Bu do\u011frultuda ye\u015fil d\u00f6n\u00fc\u015f\u00fcm\u00fcn T\u00fcrkiye\u2019nin cari a\u00e7\u0131kla m\u00fccadelesinde de \u00f6nemli bir g\u00fc\u00e7 olaca\u011f\u0131 \u00f6ne s\u00fcr\u00fcl\u00fcyor. Raporda yasal d\u00fczenlemelerin, mevzuat ve reg\u00fclasyonlar\u0131n olu\u015fumunun birincil ad\u0131m olmas\u0131 gerekti\u011fi vurgulan\u0131rken, \u00fcretim maliyetlerinin d\u00fc\u015fmesi i\u00e7in fon ve te\u015fvik paketlerinin olu\u015fturulmas\u0131 zorunlu g\u00f6r\u00fcl\u00fcyor.<\/p>\n<h3><strong>Ye\u015f<\/strong><strong>il d<\/strong><strong>\u00f6<\/strong><strong>n\u00fc\u015f\u00fcm, \u0130slami finans kurulu\u015flar\u0131 i\u00e7in f\u0131<\/strong><strong>rsata d<\/strong><strong>\u00f6<\/strong><strong>n\u00fc\u015febilir<\/strong><\/h3>\n<p>\u0130LKE Vakf\u0131\u2019n\u0131n <strong>\u201cT\u00fcrkiye\u2019de Ye\u015fil Ekonomi: D\u00f6n\u00fc\u015f\u00fcm \u0130\u00e7in Bir Yol Haritas\u0131\u201d<\/strong> ba\u015fl\u0131kl\u0131 raporuna g\u00f6re, <strong>\u0130slami finans kurulu\u015flar\u0131n<\/strong> konvansiyonel finanstan farkl\u0131 olarak i\u015flerinde uymas\u0131 gereken ilkeler, <strong>s\u00fcrd\u00fcr\u00fclebilirlik<\/strong> ve <strong>ye\u015fil d\u00f6n\u00fc\u015f\u00fcme<\/strong> y\u00f6nelik ama\u00e7larla \u00f6rt\u00fc\u015ft\u00fc\u011f\u00fc i\u00e7in gerekli \u00f6l\u00e7\u00fctlerin sa\u011flanmas\u0131nda avantaj yaratabiliyor. \u0130slami finans kurulu\u015flar\u0131n\u0131n giri\u015fimler yoluyla ye\u015fil d\u00f6n\u00fc\u015f\u00fcm\u00fcn finansal sistemdeki pay\u0131n\u0131 art\u0131rmas\u0131 gerekti\u011fi belirtilen raporda, bu ama\u00e7 do\u011frultusunda h\u00fck\u00fcmetlerin te\u015fvik politikalar\u0131, destekleyici ve kolayla\u015ft\u0131r\u0131c\u0131 d\u00fczenlemelerle \u0130slami finans kurumlar\u0131n\u0131n \u00f6n\u00fcn\u00fc a\u00e7mas\u0131n\u0131n beklendi\u011fine dikkat \u00e7ekiliyor<\/p>","protected":false},"excerpt":{"rendered":"<p>Sorry, this entry is only available in Turkish. For the sake of viewer convenience, the content is shown below in the alternative language. You may click the link to switch the active language. \u0130klim de\u011fi\u015fikli\u011finin etkileri her ge\u00e7en g\u00fcn artarken, \u00fclkemizin ye\u015fil d\u00f6n\u00fc\u015f\u00fcm s\u00fcrecindeki geli\u015fimine katk\u0131da bulunmak i\u00e7in harekete ge\u00e7en \u0130LKE Vakf\u0131, farkl\u0131 uzmanlar\u0131n ve [&hellip;]<\/p>\n","protected":false},"author":1,"featured_media":175592,"comment_status":"open","ping_status":"open","sticky":false,"template":"","format":"standard","meta":[],"categories":[51,53],"tags":[6817,109573,90,73240],"views":47,"_links":{"self":[{"href":"https:\/\/www.enerjigazetesi.ist\/en\/wp-json\/wp\/v2\/posts\/175590"}],"collection":[{"href":"https:\/\/www.enerjigazetesi.ist\/en\/wp-json\/wp\/v2\/posts"}],"about":[{"href":"https:\/\/www.enerjigazetesi.ist\/en\/wp-json\/wp\/v2\/types\/post"}],"author":[{"embeddable":true,"href":"https:\/\/www.enerjigazetesi.ist\/en\/wp-json\/wp\/v2\/users\/1"}],"replies":[{"embeddable":true,"href":"https:\/\/www.enerjigazetesi.ist\/en\/wp-json\/wp\/v2\/comments?post=175590"}],"version-history":[{"count":0,"href":"https:\/\/www.enerjigazetesi.ist\/en\/wp-json\/wp\/v2\/posts\/175590\/revisions"}],"wp:featuredmedia":[{"embeddable":true,"href":"https:\/\/www.enerjigazetesi.ist\/en\/wp-json\/wp\/v2\/media\/175592"}],"wp:attachment":[{"href":"https:\/\/www.enerjigazetesi.ist\/en\/wp-json\/wp\/v2\/media?parent=175590"}],"wp:term":[{"taxonomy":"category","embeddable":true,"href":"https:\/\/www.enerjigazetesi.ist\/en\/wp-json\/wp\/v2\/categories?post=175590"},{"taxonomy":"post_tag","embeddable":true,"href":"https:\/\/www.enerjigazetesi.ist\/en\/wp-json\/wp\/v2\/tags?post=175590"}],"curies":[{"name":"wp","href":"https:\/\/api.w.org\/{rel}","templated":true}]}}