{"id":17548,"date":"2013-11-13T10:20:09","date_gmt":"2013-11-13T07:20:09","guid":{"rendered":"https:\/\/www.enerjigazetesi.ist\/?p=17548"},"modified":"2013-11-13T10:20:09","modified_gmt":"2013-11-13T07:20:09","slug":"kayali-elektrikden-malatyaya-38-mwlik-hes","status":"publish","type":"post","link":"https:\/\/www.enerjigazetesi.ist\/en\/kayali-elektrikden-malatyaya-38-mwlik-hes\/","title":{"rendered":"(Turkish) Kayal\u0131 Elektrik\u2019den Malatya\u2019ya 3,8 MW\u2019l\u0131k HES"},"content":{"rendered":"<p class=\"qtranxs-available-languages-message qtranxs-available-languages-message-en\">Sorry, this entry is only available in <a href=\"https:\/\/www.enerjigazetesi.ist\/tr\/wp-json\/wp\/v2\/posts\/17548\" class=\"qtranxs-available-language-link qtranxs-available-language-link-tr\" title=\"Turkish\">Turkish<\/a>. For the sake of viewer convenience, the content is shown below in the alternative language. You may click the link to switch the active language.<\/p><p><strong>Kayal\u0131 Elektrik \u00dcretim Tic. Ve San. A.\u015e., Malatya\u2019da kurmay\u0131 hedefledi\u011fi Kayal\u0131 I Reg\u00fclat\u00f6r\u00fc, Kayal\u0131 II Reg\u00fclat\u00f6r\u00fc ve Kayal\u0131 HES Projesi i\u00e7in \u00e7al\u0131\u015fmalara ba\u015flad\u0131.<\/strong><\/p>\n<p>Proje i\u00e7in \u00c7evresel Etki De\u011ferlendirme (\u00c7ED) ba\u015fvurusunu yapan \u015firket, t\u00fcm izinleri almas\u0131 ile Enerji Piyasas\u0131 D\u00fczenleme Kurulu\u2019ndan (EPDK) lisans\u0131n\u0131 alarak, in\u015faat \u00e7al\u0131\u015fmalar\u0131na ba\u015flamay\u0131 hedefliyor.<\/p>\n<p><strong>HES\u2019\u0130N KURULU G\u00dcC\u00dc 3,8 MW OLACAK<\/strong><br \/>\nMalatya \u0130li, Do\u011fan\u015fehir \u0130l\u00e7esi, Kap\u0131d<a href=\"https:\/\/www.enerjigazetesi.ist\/wp-content\/uploads\/2013\/08\/guris-sarikavak-hes-i-satin-aldi.jpg\"><img loading=\"lazy\" class=\"alignleft size-medium wp-image-14207\" title=\"hes-projesi\" src=\"https:\/\/www.enerjigazetesi.ist\/wp-content\/uploads\/2013\/08\/guris-sarikavak-hes-i-satin-aldi-300x217.jpg\" alt=\"\" width=\"300\" height=\"217\" srcset=\"https:\/\/www.enerjigazetesi.ist\/wp-content\/uploads\/2013\/08\/guris-sarikavak-hes-i-satin-aldi-300x217.jpg 300w, https:\/\/www.enerjigazetesi.ist\/wp-content\/uploads\/2013\/08\/guris-sarikavak-hes-i-satin-aldi-500x362.jpg 500w, https:\/\/www.enerjigazetesi.ist\/wp-content\/uploads\/2013\/08\/guris-sarikavak-hes-i-satin-aldi-69x50.jpg 69w, https:\/\/www.enerjigazetesi.ist\/wp-content\/uploads\/2013\/08\/guris-sarikavak-hes-i-satin-aldi.jpg 650w\" sizes=\"(max-width: 300px) 100vw, 300px\" \/><\/a>ere K\u00f6y\u00fc, Sinekli \u2013 Asaf\u2019\u0131n Komu Mevkii, Kap\u0131 Deresi \u2013 S\u00fcrg\u00fc \u00c7ay\u0131 \u2013 Tatlar Deresi \u00fczerinde kurulacak Kayal\u0131 I Reg\u00fclat\u00f6r\u00fc, Kayal\u0131 II Reg\u00fclat\u00f6r\u00fc ve Kayal\u0131 HES 3.80 MWm, 3.64 MWe kurulu g\u00fcc\u00fcnde olacak.<\/p>\n<p>Kayal\u0131 I-II Reg\u00fclat\u00f6rleri ve HES projesi ile S\u00fcrg\u00fc \u00c7ay\u0131 \u00fczerinde yer alacak Kayal\u0131-1 Reg\u00fclat\u00f6r\u00fc, Kayal\u0131-1 Reg\u00fclat\u00f6r\u00fc\u2019nden \u00e7evrilen sular\u0131 Kayal\u0131-2 Reg\u00fclat\u00f6r\u00fc membas\u0131na aktaran bir iletim sistemi (kanal+t\u00fcnel+kanal), Tatlar \u00c7ay\u0131 \u00fczerinde bulunan Kayal\u0131-2 Reg\u00fclat\u00f6r\u00fc, Kayal\u0131-2 Reg\u00fclat\u00f6r\u00fc\u2019nden al\u0131nan sular\u0131 y\u00fckleme havuzuna g\u00f6t\u00fcren bir iletim kanal\u0131, Y\u00fckleme Havuzu ve Vana Odas\u0131, Cebri Boru ile Kap\u0131 Dere \u00fczerinde yer alan Kayal\u0131 HES\u2019in yap\u0131larak enerji \u00fcretimi planlan\u0131yor.<\/p>\n<p>Kayal\u0131 I-II Reg\u00fclat\u00f6rleri ve HES projesi ile 6,016 GWh\/y\u0131l firm enerji, 11,246 GWh\/y\u0131l sekonder enerji olmak \u00fczere y\u0131lda toplam 17,262 GWh\/y\u0131l enerji \u00fcretilmesi planlan\u0131yor.<\/p>\n<p>Kaynak: <a href=\"http:\/\/enerjigunlugu.net\/kayali-elektrikden-malatyaya-38-mwlik-hes_5601.html\" target=\"_blank\">Enerji G\u00fcnl\u00fc\u011f\u00fc<\/a><\/p>","protected":false},"excerpt":{"rendered":"<p>Sorry, this entry is only available in Turkish. For the sake of viewer convenience, the content is shown below in the alternative language. You may click the link to switch the active language.Kayal\u0131 Elektrik \u00dcretim Tic. Ve San. A.\u015e., Malatya\u2019da kurmay\u0131 hedefledi\u011fi Kayal\u0131 I Reg\u00fclat\u00f6r\u00fc, Kayal\u0131 II Reg\u00fclat\u00f6r\u00fc ve Kayal\u0131 HES Projesi i\u00e7in \u00e7al\u0131\u015fmalara ba\u015flad\u0131. [&hellip;]<\/p>\n","protected":false},"author":1,"featured_media":14207,"comment_status":"open","ping_status":"open","sticky":false,"template":"","format":"standard","meta":[],"categories":[53,47],"tags":[2878,4275,63,67,1009,749,165,750,35370,6979,1090,10301,10302,3489],"views":1840,"_links":{"self":[{"href":"https:\/\/www.enerjigazetesi.ist\/en\/wp-json\/wp\/v2\/posts\/17548"}],"collection":[{"href":"https:\/\/www.enerjigazetesi.ist\/en\/wp-json\/wp\/v2\/posts"}],"about":[{"href":"https:\/\/www.enerjigazetesi.ist\/en\/wp-json\/wp\/v2\/types\/post"}],"author":[{"embeddable":true,"href":"https:\/\/www.enerjigazetesi.ist\/en\/wp-json\/wp\/v2\/users\/1"}],"replies":[{"embeddable":true,"href":"https:\/\/www.enerjigazetesi.ist\/en\/wp-json\/wp\/v2\/comments?post=17548"}],"version-history":[{"count":1,"href":"https:\/\/www.enerjigazetesi.ist\/en\/wp-json\/wp\/v2\/posts\/17548\/revisions"}],"predecessor-version":[{"id":17549,"href":"https:\/\/www.enerjigazetesi.ist\/en\/wp-json\/wp\/v2\/posts\/17548\/revisions\/17549"}],"wp:featuredmedia":[{"embeddable":true,"href":"https:\/\/www.enerjigazetesi.ist\/en\/wp-json\/wp\/v2\/media\/14207"}],"wp:attachment":[{"href":"https:\/\/www.enerjigazetesi.ist\/en\/wp-json\/wp\/v2\/media?parent=17548"}],"wp:term":[{"taxonomy":"category","embeddable":true,"href":"https:\/\/www.enerjigazetesi.ist\/en\/wp-json\/wp\/v2\/categories?post=17548"},{"taxonomy":"post_tag","embeddable":true,"href":"https:\/\/www.enerjigazetesi.ist\/en\/wp-json\/wp\/v2\/tags?post=17548"}],"curies":[{"name":"wp","href":"https:\/\/api.w.org\/{rel}","templated":true}]}}