{"id":175367,"date":"2023-05-26T09:26:52","date_gmt":"2023-05-26T06:26:52","guid":{"rendered":"https:\/\/www.enerjigazetesi.ist\/?p=175367"},"modified":"2023-05-26T09:26:52","modified_gmt":"2023-05-26T06:26:52","slug":"enerjimiz-otizmli-cocuklar-icin","status":"publish","type":"post","link":"https:\/\/www.enerjigazetesi.ist\/en\/enerjimiz-otizmli-cocuklar-icin\/","title":{"rendered":"(Turkish) Enerjimiz Otizmli \u00c7ocuklar \u0130\u00e7in&#8230;"},"content":{"rendered":"<p class=\"qtranxs-available-languages-message qtranxs-available-languages-message-en\">Sorry, this entry is only available in <a href=\"https:\/\/www.enerjigazetesi.ist\/tr\/wp-json\/wp\/v2\/posts\/175367\" class=\"qtranxs-available-language-link qtranxs-available-language-link-tr\" title=\"Turkish\">Turkish<\/a>. For the sake of viewer convenience, the content is shown below in the alternative language. You may click the link to switch the active language.<\/p><p><\/p>\n<h2><strong>Sosyal sorumluluk projeleriyle hizmet verdi\u011fi b\u00f6lgede katma de\u011fer \u00fcreten Uluda\u011f Elektrik, otizmli \u00f6\u011frencilere at\u00f6lye etkinli\u011fi ger\u00e7ekle\u015ftirdi. Otizmli bireylerin enerji kaynaklar\u0131 hakk\u0131nda fark\u0131ndal\u0131\u011f\u0131n\u0131n ve \u00e7evre bilincinin de art\u0131r\u0131lmas\u0131n\u0131 ama\u00e7layan projeyle birlikte \u015firketin ula\u015ft\u0131\u011f\u0131 ki\u015fi say\u0131s\u0131 da g\u00fcn ge\u00e7tik\u00e7e art\u0131yor.<\/strong><\/h2>\n<p>\u015eirket, <strong>Nil\u00fcfer \u00d6zel E\u011fitim Meslek Okulu<\/strong> ile birlikte ger\u00e7ekle\u015ftirilen <strong>solar roket modeli at\u00f6lyesiyle<\/strong> otizm spektrum bozuklu\u011fu tan\u0131l\u0131 \u00f6\u011frencilerin, <strong>yenilenebilir enerji kaynaklar\u0131 hakk\u0131nda bilgi sahibi olmalar\u0131n\u0131<\/strong> sa\u011flad\u0131. D\u00fczenlenen at\u00f6lyede g\u00fcne\u015f enerjisiyle \u00e7al\u0131\u015fan roketler <img loading=\"lazy\" class=\"alignright wp-image-175371\" src=\"https:\/\/www.enerjigazetesi.ist\/wp-content\/uploads\/2023\/05\/enerjimiz-otizmli-cocuklar-icin-1.jpg\" alt=\"\" width=\"320\" height=\"218\" srcset=\"https:\/\/www.enerjigazetesi.ist\/wp-content\/uploads\/2023\/05\/enerjimiz-otizmli-cocuklar-icin-1.jpg 550w, https:\/\/www.enerjigazetesi.ist\/wp-content\/uploads\/2023\/05\/enerjimiz-otizmli-cocuklar-icin-1-300x205.jpg 300w, https:\/\/www.enerjigazetesi.ist\/wp-content\/uploads\/2023\/05\/enerjimiz-otizmli-cocuklar-icin-1-500x341.jpg 500w, https:\/\/www.enerjigazetesi.ist\/wp-content\/uploads\/2023\/05\/enerjimiz-otizmli-cocuklar-icin-1-73x50.jpg 73w\" sizes=\"(max-width: 320px) 100vw, 320px\" \/>\u00fcreten \u00e7ocuklar, \u00f6\u011fretmenlerinin de yard\u0131mlar\u0131yla \u00fcr\u00fcnlerini ortaya \u00e7\u0131kar\u0131rken<strong> g\u00fcne\u015f enerjisinin elektri\u011fe d\u00f6n\u00fc\u015f\u00fcm yolculu\u011funu da<\/strong> g\u00f6zlemleme f\u0131rsat\u0131 buldular. Etkinlikte \u00f6\u011frencilere yenilenebilir enerji temal\u0131 kitaplar da hediye edildi.<\/p>\n<p>Her y\u0131l d\u00fczenlenen bilim at\u00f6lyeleri i\u00e7in otizmli bireylerle de bir \u00e7al\u0131\u015fma ba\u015flatmak istediklerini vurgulayan <strong>Uluda\u011f Elektrik Genel M\u00fcd\u00fcr\u00fc Ali Erman Aytac,<\/strong> <em>\u201cBilimin toplumda yayg\u0131nla\u015ft\u0131r\u0131lmas\u0131n\u0131n yan\u0131 s\u0131ra dezavantajl\u0131 gruplar\u0131n da bilimle tan\u0131\u015ft\u0131r\u0131lmas\u0131 amac\u0131yla at\u00f6lye \u00e7al\u0131\u015fmalar\u0131m\u0131z\u0131 her kesime ula\u015ft\u0131rmaya \u00e7al\u0131\u015f\u0131yoruz. <strong>D\u00fczenledi\u011fimiz solar roket modeli at\u00f6lyemizde<\/strong> bu sefer otizmli \u00e7ocuklar\u0131m\u0131zla birlikte <strong>g\u00fcne\u015f panelli roketlerimizi<\/strong> \u00fcrettik. Biz istiyoruz ki, \u00e7ocuklar\u0131m\u0131z \u00fclkemizin zengin enerji kaynaklar\u0131 olan <strong>r\u00fczgar, g\u00fcne\u015f ve hidroelektrik enerji kaynaklar\u0131n\u0131<\/strong> yak\u0131ndan tan\u0131s\u0131n. Kendilerinin yapt\u0131klar\u0131 bu \u00fcr\u00fcnlerle konuya y\u00f6nelik fark\u0131ndal\u0131klar\u0131 arts\u0131n. Bu etkinlikle birlikte <strong>otizme y\u00f6nelik fark\u0131ndal\u0131k \u0131\u015f\u0131\u011f\u0131 yakarken<\/strong>, asl\u0131nda \u00e7ocuklar\u0131m\u0131z\u0131n da gerekli destek sunuldu\u011funda neler \u00fcretebilece\u011fini g\u00f6rm\u00fc\u015f olduk. <strong>Otizm<\/strong> i\u00e7in <strong>toplumsal fark\u0131ndal\u0131\u011f\u0131n<\/strong> ve <strong>duyarl\u0131l\u0131\u011f\u0131n art\u0131r\u0131lmas\u0131n\u0131 da<\/strong> ama\u00e7lad\u0131k\u201d<\/em> dedi.<\/p>\n<p>Uluda\u011f Elektrik, bug\u00fcne kadar ger\u00e7ekle\u015ftirdi\u011fi at\u00f6lyelerin yan\u0131 s\u0131ra yenilenebilir enerji kaynaklar\u0131 temal\u0131 kitaplar\u0131yla da \u00e7ocuklara dokunuyor. \u00c7ocuklar\u0131n temiz enerji kaynaklar\u0131yla \u00e7al\u0131\u015fan teknolojileri g\u00f6rebilmeleri ve gelecek i\u00e7in bu kaynaklar\u0131n ne kadar \u00f6nemli oldu\u011funun bilincine varmalar\u0131 sa\u011flan\u0131yor.<\/p>","protected":false},"excerpt":{"rendered":"<p>Sorry, this entry is only available in Turkish. For the sake of viewer convenience, the content is shown below in the alternative language. You may click the link to switch the active language. Sosyal sorumluluk projeleriyle hizmet verdi\u011fi b\u00f6lgede katma de\u011fer \u00fcreten Uluda\u011f Elektrik, otizmli \u00f6\u011frencilere at\u00f6lye etkinli\u011fi ger\u00e7ekle\u015ftirdi. Otizmli bireylerin enerji kaynaklar\u0131 hakk\u0131nda fark\u0131ndal\u0131\u011f\u0131n\u0131n [&hellip;]<\/p>\n","protected":false},"author":1,"featured_media":175370,"comment_status":"open","ping_status":"open","sticky":false,"template":"","format":"standard","meta":[],"categories":[51,53],"tags":[4546,109505,51984,104020,28709],"views":37,"_links":{"self":[{"href":"https:\/\/www.enerjigazetesi.ist\/en\/wp-json\/wp\/v2\/posts\/175367"}],"collection":[{"href":"https:\/\/www.enerjigazetesi.ist\/en\/wp-json\/wp\/v2\/posts"}],"about":[{"href":"https:\/\/www.enerjigazetesi.ist\/en\/wp-json\/wp\/v2\/types\/post"}],"author":[{"embeddable":true,"href":"https:\/\/www.enerjigazetesi.ist\/en\/wp-json\/wp\/v2\/users\/1"}],"replies":[{"embeddable":true,"href":"https:\/\/www.enerjigazetesi.ist\/en\/wp-json\/wp\/v2\/comments?post=175367"}],"version-history":[{"count":0,"href":"https:\/\/www.enerjigazetesi.ist\/en\/wp-json\/wp\/v2\/posts\/175367\/revisions"}],"wp:featuredmedia":[{"embeddable":true,"href":"https:\/\/www.enerjigazetesi.ist\/en\/wp-json\/wp\/v2\/media\/175370"}],"wp:attachment":[{"href":"https:\/\/www.enerjigazetesi.ist\/en\/wp-json\/wp\/v2\/media?parent=175367"}],"wp:term":[{"taxonomy":"category","embeddable":true,"href":"https:\/\/www.enerjigazetesi.ist\/en\/wp-json\/wp\/v2\/categories?post=175367"},{"taxonomy":"post_tag","embeddable":true,"href":"https:\/\/www.enerjigazetesi.ist\/en\/wp-json\/wp\/v2\/tags?post=175367"}],"curies":[{"name":"wp","href":"https:\/\/api.w.org\/{rel}","templated":true}]}}