{"id":175354,"date":"2023-05-25T13:46:58","date_gmt":"2023-05-25T10:46:58","guid":{"rendered":"https:\/\/www.enerjigazetesi.ist\/?p=175354"},"modified":"2023-05-25T13:46:58","modified_gmt":"2023-05-25T10:46:58","slug":"ab-den-uye-ulkelere-enerji-desteklerini-azaltin-cagrisi","status":"publish","type":"post","link":"https:\/\/www.enerjigazetesi.ist\/en\/ab-den-uye-ulkelere-enerji-desteklerini-azaltin-cagrisi\/","title":{"rendered":"(Turkish) AB&#8217;den \u00dcye \u00dclkelere &#8220;Enerji Desteklerini Azalt\u0131n&#8221; \u00c7a\u011fr\u0131s\u0131"},"content":{"rendered":"<p class=\"qtranxs-available-languages-message qtranxs-available-languages-message-en\">Sorry, this entry is only available in <a href=\"https:\/\/www.enerjigazetesi.ist\/tr\/wp-json\/wp\/v2\/posts\/175354\" class=\"qtranxs-available-language-link qtranxs-available-language-link-tr\" title=\"Turkish\">Turkish<\/a>. For the sake of viewer convenience, the content is shown below in the alternative language. You may click the link to switch the active language.<\/p><p><\/p>\n<h2 class=\"spot-title\">Avrupa Birli\u011fi (AB) Komisyonu, \u00fcye \u00fclkelerden birlik mali kurallar\u0131na uymalar\u0131 ve y\u00fcr\u00fcrl\u00fckteki enerji destek \u00f6nlemlerini bu y\u0131l sonuna kadar azaltmalar\u0131 talebinde bulundu.<\/h2>\n<p>AB Komisyonu, \u00fcye \u00fclkelerin ekonomik durumlar\u0131na ili\u015fkin tavsiyeler i\u00e7eren <strong>&#8220;Avrupa \u0130lkbahar <img loading=\"lazy\" class=\"alignright wp-image-175357\" src=\"https:\/\/www.enerjigazetesi.ist\/wp-content\/uploads\/2023\/05\/ab-den-uye-ulkelere-enerji-desteklerini-azaltin-cagrisi.jpg\" alt=\"\" width=\"320\" height=\"235\" srcset=\"https:\/\/www.enerjigazetesi.ist\/wp-content\/uploads\/2023\/05\/ab-den-uye-ulkelere-enerji-desteklerini-azaltin-cagrisi.jpg 550w, https:\/\/www.enerjigazetesi.ist\/wp-content\/uploads\/2023\/05\/ab-den-uye-ulkelere-enerji-desteklerini-azaltin-cagrisi-300x220.jpg 300w, https:\/\/www.enerjigazetesi.ist\/wp-content\/uploads\/2023\/05\/ab-den-uye-ulkelere-enerji-desteklerini-azaltin-cagrisi-500x367.jpg 500w, https:\/\/www.enerjigazetesi.ist\/wp-content\/uploads\/2023\/05\/ab-den-uye-ulkelere-enerji-desteklerini-azaltin-cagrisi-68x50.jpg 68w\" sizes=\"(max-width: 320px) 100vw, 320px\" \/>S\u00f6mestir Paketi&#8221;<\/strong> ba\u015fl\u0131kl\u0131 \u00e7al\u0131\u015fmas\u0131n\u0131 yay\u0131mlad\u0131. \u00c7al\u0131\u015fmada, b\u00fct\u00fcn \u00fcye \u00fclkelerden <strong>sa\u011flam mali pozisyonu s\u00fcrd\u00fcrmeleri<\/strong> ve <strong>net faiz d\u0131\u015f\u0131 harcamalardaki nominal art\u0131\u015f\u0131<\/strong> s\u0131n\u0131rlayan ihtiyatl\u0131 mali politikalar uygulamalar\u0131 istendi.<\/p>\n<p>\u00dcye \u00fclkelerin <strong>kamu desteklerini<\/strong> ve <strong>AB fonlar\u0131n\u0131<\/strong> \u00f6zellikle<strong> ye\u015fil<\/strong> ve<strong> dijital d\u00f6n\u00fc\u015f\u00fcm\u00fc<\/strong> te\u015fvik edecek bir \u015fekilde kullanmas\u0131 talep edilen \u00e7al\u0131\u015fmada, y\u00fcr\u00fcrl\u00fckteki enerji destek \u00f6nlemlerinin <strong>2023&#8217;\u00fcn sonuna kadar<\/strong> azaltmas\u0131 gerekti\u011fi belirtildi.<\/p>\n<h3>&#8220;Enerji Tasarrufu Te\u015fvik Edilmeli&#8221;<\/h3>\n<p>Enerji fiyatlar\u0131n\u0131n yeniden art\u0131\u015fa ge\u00e7mesi halinde <strong>desteklerin enerji tasarrufunu te\u015fvik edecek bi\u00e7imde olmas\u0131n\u0131n<\/strong> \u00f6nemine i\u015faret edilen \u00e7al\u0131\u015fmada, bu yard\u0131mlar\u0131n <strong>yoksullar\u0131<\/strong> ve <strong>firmalar\u0131 korumay\u0131 hedeflemesi<\/strong> gerekti\u011fi kaydedildi.<\/p>\n<p>\u00c7al\u0131\u015fmada, gelecek y\u0131l sonras\u0131ndaki d\u00f6nemde \u00fcye \u00fclkelerin, ihtiyatl\u0131 bir orta vadeli mali pozisyon i\u00e7in <strong>s\u00fcrd\u00fcr\u00fclebilir b\u00fcy\u00fcmeye elveri\u015fli yat\u0131r\u0131mlar<\/strong> ve <strong>reformlar<\/strong> i\u00e7eren orta vadeli mali strateji izlemesinin \u00f6nemine dikkat \u00e7ekildi.<\/p>\n<p><strong>Kamu a\u00e7\u0131\u011f\u0131<\/strong> ve<strong> bor\u00e7 kriterlerine uyumunu de\u011ferlendirmek<\/strong> \u00fczere <em>Bel\u00e7ika, Bulgaristan, \u00c7ekya, Almanya, Estonya, \u0130spanya, Fransa, \u0130talya, Letonya, Macaristan, Malta, Avusturya, Polonya, Slovenya, Slovakya ve Finlandiya<\/em> olmak \u00fczere <strong>16 \u00fcye \u00fclkeye<\/strong> y\u00f6nelik rapor haz\u0131rland\u0131\u011f\u0131 belirtilen \u00e7al\u0131\u015fmada, b\u00fct\u00e7e a\u00e7\u0131\u011f\u0131 kriterinin<em> Bel\u00e7ika, Bulgaristan, \u00c7ekya, Almanya, Estonya, \u0130spanya, Fransa, \u0130talya, Letonya, Macaristan, Malta, Polonya, Slovenya ve Slovakya<\/em> taraf\u0131ndan kar\u015f\u0131lanmad\u0131\u011f\u0131n\u0131n tespit edildi\u011fi bildirildi.<\/p>\n<p>Haberin Devam\u0131 \u0130\u00e7in <a href=\"https:\/\/www.haberturk.com\/ab-den-uye-ulkelere-enerji-desteklerini-azaltin-cagrisi-3594429-ekonomi\" target=\"_blank\" rel=\"noopener\">TIKLAYIN&gt;&gt;<\/a><\/p>\n<p>Kaynak: Habert\u00fcrk<\/p>","protected":false},"excerpt":{"rendered":"<p>Sorry, this entry is only available in Turkish. For the sake of viewer convenience, the content is shown below in the alternative language. You may click the link to switch the active language. Avrupa Birli\u011fi (AB) Komisyonu, \u00fcye \u00fclkelerden birlik mali kurallar\u0131na uymalar\u0131 ve y\u00fcr\u00fcrl\u00fckteki enerji destek \u00f6nlemlerini bu y\u0131l sonuna kadar azaltmalar\u0131 talebinde bulundu. [&hellip;]<\/p>\n","protected":false},"author":1,"featured_media":175357,"comment_status":"open","ping_status":"open","sticky":false,"template":"","format":"standard","meta":[],"categories":[53,52],"tags":[53509,109503,23311,109504],"views":42,"_links":{"self":[{"href":"https:\/\/www.enerjigazetesi.ist\/en\/wp-json\/wp\/v2\/posts\/175354"}],"collection":[{"href":"https:\/\/www.enerjigazetesi.ist\/en\/wp-json\/wp\/v2\/posts"}],"about":[{"href":"https:\/\/www.enerjigazetesi.ist\/en\/wp-json\/wp\/v2\/types\/post"}],"author":[{"embeddable":true,"href":"https:\/\/www.enerjigazetesi.ist\/en\/wp-json\/wp\/v2\/users\/1"}],"replies":[{"embeddable":true,"href":"https:\/\/www.enerjigazetesi.ist\/en\/wp-json\/wp\/v2\/comments?post=175354"}],"version-history":[{"count":0,"href":"https:\/\/www.enerjigazetesi.ist\/en\/wp-json\/wp\/v2\/posts\/175354\/revisions"}],"wp:featuredmedia":[{"embeddable":true,"href":"https:\/\/www.enerjigazetesi.ist\/en\/wp-json\/wp\/v2\/media\/175357"}],"wp:attachment":[{"href":"https:\/\/www.enerjigazetesi.ist\/en\/wp-json\/wp\/v2\/media?parent=175354"}],"wp:term":[{"taxonomy":"category","embeddable":true,"href":"https:\/\/www.enerjigazetesi.ist\/en\/wp-json\/wp\/v2\/categories?post=175354"},{"taxonomy":"post_tag","embeddable":true,"href":"https:\/\/www.enerjigazetesi.ist\/en\/wp-json\/wp\/v2\/tags?post=175354"}],"curies":[{"name":"wp","href":"https:\/\/api.w.org\/{rel}","templated":true}]}}