{"id":17535,"date":"2013-11-12T17:40:37","date_gmt":"2013-11-12T14:40:37","guid":{"rendered":"https:\/\/www.enerjigazetesi.ist\/?p=17535"},"modified":"2013-11-12T17:40:37","modified_gmt":"2013-11-12T14:40:37","slug":"japonya-fukusimada-dunyanin-en-buyuk-ruzgar-santralini-kuracak","status":"publish","type":"post","link":"https:\/\/www.enerjigazetesi.ist\/en\/japonya-fukusimada-dunyanin-en-buyuk-ruzgar-santralini-kuracak\/","title":{"rendered":"(Turkish) Japonya, Fuku\u015fima\u2019da D\u00fcnyan\u0131n En B\u00fcy\u00fck R\u00fczgar Santralini Kuracak&#8230;"},"content":{"rendered":"<p class=\"qtranxs-available-languages-message qtranxs-available-languages-message-en\">Sorry, this entry is only available in <a href=\"https:\/\/www.enerjigazetesi.ist\/tr\/wp-json\/wp\/v2\/posts\/17535\" class=\"qtranxs-available-language-link qtranxs-available-language-link-tr\" title=\"Turkish\">Turkish<\/a>. For the sake of viewer convenience, the content is shown below in the alternative language. You may click the link to switch the active language.<\/p><p><strong>N\u00fckleer enerjiden vazge\u00e7en Japonya d\u00fcnyan\u0131n en b\u00fcy\u00fck r\u00fczgar santralini kurmak i\u00e7in d\u00fc\u011fmeye bast\u0131. Santralin kurulaca\u011f\u0131 yer olarak ise 2011\u2019de n\u00fckleer felaketin ya\u015fand\u0131\u011f\u0131 Fuku\u015fima a\u00e7\u0131klar\u0131 se\u00e7ildi. A\u00e7\u0131l\u0131\u015f\u0131 yap\u0131lan 106 metre y\u00fcksekli\u011fe ve 80 metre <a href=\"https:\/\/www.enerjigazetesi.ist\/wp-content\/uploads\/2013\/11\/japonya-fukusimada-dunyanin-en-buyuk-ruzgar-santralini-kuracak.jpg\"><img loading=\"lazy\" class=\"alignleft size-medium wp-image-17536\" title=\"japonya-fukusimada-dunyanin-en-buyuk-ruzgar-santralini-kuracak\" src=\"https:\/\/www.enerjigazetesi.ist\/wp-content\/uploads\/2013\/11\/japonya-fukusimada-dunyanin-en-buyuk-ruzgar-santralini-kuracak-300x221.jpg\" alt=\"\" width=\"300\" height=\"221\" srcset=\"https:\/\/www.enerjigazetesi.ist\/wp-content\/uploads\/2013\/11\/japonya-fukusimada-dunyanin-en-buyuk-ruzgar-santralini-kuracak-300x221.jpg 300w, https:\/\/www.enerjigazetesi.ist\/wp-content\/uploads\/2013\/11\/japonya-fukusimada-dunyanin-en-buyuk-ruzgar-santralini-kuracak-67x50.jpg 67w, https:\/\/www.enerjigazetesi.ist\/wp-content\/uploads\/2013\/11\/japonya-fukusimada-dunyanin-en-buyuk-ruzgar-santralini-kuracak.jpg 414w\" sizes=\"(max-width: 300px) 100vw, 300px\" \/><\/a>\u00e7apa sahip ilk r\u00fczgar t\u00fcrbini elektrik \u00fcretmeye ba\u015flad\u0131. Bir dizi testten ard\u0131ndan 143 adet t\u00fcrbin daha in\u015fa edilecek. Santralin y\u0131lda 1 gigavat enerji \u00fcretmesi planlan\u0131yor.<\/strong><\/p>\n<p>End\u00fcstri Bakanl\u0131\u011f\u0131 yetkilileri projenin \u00e7ok \u00f6nemli oldu\u011funun alt\u0131n\u0131 \u00e7iziyor:<\/p>\n<p>\u201cFuku\u015fima\u2019da n\u00fckleer santraldeki kazadan bir\u00e7ok ki\u015fi a\u011f\u0131r etkilendi ve ma\u011fdur oldu. Bu y\u00fczden burada yenilenebilir bir enerji kayna\u011f\u0131na sahip olmak \u00e7ok b\u00fcy\u00fck bir anlam ifade ediyor. Projenin ba\u015far\u0131ya ula\u015fmas\u0131 h\u00fck\u00fcmetin g\u00f6revidir.\u201d<\/p>\n<p>2011\u2019de son 25 y\u0131l\u0131n en b\u00fcy\u00fck n\u00fckleer felaketini ya\u015fayan Japonya, b\u00fct\u00fcn n\u00fckleer tesislerini ge\u00e7ici olarak kapatm\u0131\u015ft\u0131. Ge\u00e7en yaz artan enerji ihtiyac\u0131 y\u00fcz\u00fcnden iki n\u00fckleer tesis yeniden devreye sokulmu\u015ftu.<\/p>\n<p>Kaynak: <a href=\"http:\/\/enerjienstitusu.com\/2013\/11\/12\/japonya-fukusimada-dunyanin-en-buyuk-ruzgar-santralini-kuracak\/\" target=\"_blank\">Enerji Enstit\u00fcs\u00fc<\/a><\/p>","protected":false},"excerpt":{"rendered":"<p>Sorry, this entry is only available in Turkish. For the sake of viewer convenience, the content is shown below in the alternative language. You may click the link to switch the active language.N\u00fckleer enerjiden vazge\u00e7en Japonya d\u00fcnyan\u0131n en b\u00fcy\u00fck r\u00fczgar santralini kurmak i\u00e7in d\u00fc\u011fmeye bast\u0131. Santralin kurulaca\u011f\u0131 yer olarak ise 2011\u2019de n\u00fckleer felaketin ya\u015fand\u0131\u011f\u0131 Fuku\u015fima [&hellip;]<\/p>\n","protected":false},"author":1,"featured_media":17536,"comment_status":"open","ping_status":"open","sticky":false,"template":"","format":"standard","meta":[],"categories":[53,50],"tags":[63,67,1009,165,3313,1547,69,16],"views":781,"_links":{"self":[{"href":"https:\/\/www.enerjigazetesi.ist\/en\/wp-json\/wp\/v2\/posts\/17535"}],"collection":[{"href":"https:\/\/www.enerjigazetesi.ist\/en\/wp-json\/wp\/v2\/posts"}],"about":[{"href":"https:\/\/www.enerjigazetesi.ist\/en\/wp-json\/wp\/v2\/types\/post"}],"author":[{"embeddable":true,"href":"https:\/\/www.enerjigazetesi.ist\/en\/wp-json\/wp\/v2\/users\/1"}],"replies":[{"embeddable":true,"href":"https:\/\/www.enerjigazetesi.ist\/en\/wp-json\/wp\/v2\/comments?post=17535"}],"version-history":[{"count":2,"href":"https:\/\/www.enerjigazetesi.ist\/en\/wp-json\/wp\/v2\/posts\/17535\/revisions"}],"predecessor-version":[{"id":17538,"href":"https:\/\/www.enerjigazetesi.ist\/en\/wp-json\/wp\/v2\/posts\/17535\/revisions\/17538"}],"wp:featuredmedia":[{"embeddable":true,"href":"https:\/\/www.enerjigazetesi.ist\/en\/wp-json\/wp\/v2\/media\/17536"}],"wp:attachment":[{"href":"https:\/\/www.enerjigazetesi.ist\/en\/wp-json\/wp\/v2\/media?parent=17535"}],"wp:term":[{"taxonomy":"category","embeddable":true,"href":"https:\/\/www.enerjigazetesi.ist\/en\/wp-json\/wp\/v2\/categories?post=17535"},{"taxonomy":"post_tag","embeddable":true,"href":"https:\/\/www.enerjigazetesi.ist\/en\/wp-json\/wp\/v2\/tags?post=17535"}],"curies":[{"name":"wp","href":"https:\/\/api.w.org\/{rel}","templated":true}]}}