{"id":175334,"date":"2023-05-25T12:16:02","date_gmt":"2023-05-25T09:16:02","guid":{"rendered":"https:\/\/www.enerjigazetesi.ist\/?p=175334"},"modified":"2023-05-25T12:16:02","modified_gmt":"2023-05-25T09:16:02","slug":"teksan-gencleri-sanayide-kariyere-davet-ediyor","status":"publish","type":"post","link":"https:\/\/www.enerjigazetesi.ist\/en\/teksan-gencleri-sanayide-kariyere-davet-ediyor\/","title":{"rendered":"(Turkish) &#8217;Teksan&#8217; Gen\u00e7leri Sanayide Kariyere Davet Ediyor"},"content":{"rendered":"<p class=\"qtranxs-available-languages-message qtranxs-available-languages-message-en\">Sorry, this entry is only available in <a href=\"https:\/\/www.enerjigazetesi.ist\/tr\/wp-json\/wp\/v2\/posts\/175334\" class=\"qtranxs-available-language-link qtranxs-available-language-link-tr\" title=\"Turkish\">Turkish<\/a>. For the sake of viewer convenience, the content is shown below in the alternative language. You may click the link to switch the active language.<\/p><p><\/p>\n<h2><strong>Kesintisiz enerji \u00e7\u00f6z\u00fcmleri alan\u0131nda sekt\u00f6r\u00fcn ihtiya\u00e7 duydu\u011fu nitelikli istihdam\u0131 sa\u011flamak \u00fczere 2021 y\u0131l\u0131nda Teknoloji S\u0131n\u0131f\u0131\u2019n\u0131 kuran Teksan, gen\u00e7leri kariyer yolculuklar\u0131nda desteklemeye devam ediyor. Teksan \u00e7al\u0131\u015fanlar\u0131, Kariyer G\u00fcnleri kapsam\u0131nda, gen\u00e7lerle bir \u00fcr\u00fcn\u00fcn planlanmas\u0131ndan geli\u015ftirilmesine ve piyasaya s\u00fcr\u00fclmesine kadar ge\u00e7en \u00fcr\u00fcn y\u00f6netimi s\u00fcrecini deneyimleriyle payla\u015ft\u0131.<\/strong><\/h2>\n<p>Enerji \u00e7\u00f6z\u00fcmleri sekt\u00f6r\u00fcn\u00fcn inovatif \u015firketi Teksan, yapt\u0131\u011f\u0131 ba\u015far\u0131l\u0131 projeler, geli\u015ftirdi\u011fi \u00fcr\u00fcnlerin yan\u0131 s\u0131ra sekt\u00f6re nitelikli eleman kazand\u0131rmak amac\u0131yla gen\u00e7lere destek olmaya devam ediyor. Teksan yetkilileri <strong>Kariyer G\u00fcnleri<\/strong> kapsam\u0131nda gen\u00e7lerle bir araya geldi. <strong>Teksan Pazarlama \u00dcr\u00fcn Uzman\u0131 G\u00f6rkem Evcin<\/strong>, Kariyer G\u00fcnleri\u2019nde gen\u00e7lere bir \u00fcr\u00fcn\u00fcn planlanmas\u0131ndan geli\u015ftirilmesine, piyasaya s\u00fcr\u00fclmesinden pazarlanmas\u0131na kadar ge\u00e7en <strong>\u00fcr\u00fcn y\u00f6netiminin<\/strong> \u015firketlerdeki <strong>i\u015fleyi\u015fi hakk\u0131nda <img loading=\"lazy\" class=\"alignright wp-image-175337\" src=\"https:\/\/www.enerjigazetesi.ist\/wp-content\/uploads\/2023\/05\/teksan-gencleri-sanayide-kariyere-davet-ediyor-1.jpg\" alt=\"\" width=\"320\" height=\"196\" srcset=\"https:\/\/www.enerjigazetesi.ist\/wp-content\/uploads\/2023\/05\/teksan-gencleri-sanayide-kariyere-davet-ediyor-1.jpg 550w, https:\/\/www.enerjigazetesi.ist\/wp-content\/uploads\/2023\/05\/teksan-gencleri-sanayide-kariyere-davet-ediyor-1-300x184.jpg 300w, https:\/\/www.enerjigazetesi.ist\/wp-content\/uploads\/2023\/05\/teksan-gencleri-sanayide-kariyere-davet-ediyor-1-500x306.jpg 500w, https:\/\/www.enerjigazetesi.ist\/wp-content\/uploads\/2023\/05\/teksan-gencleri-sanayide-kariyere-davet-ediyor-1-80x50.jpg 80w\" sizes=\"(max-width: 320px) 100vw, 320px\" \/>bilgiler<\/strong> verdi.<\/p>\n<p>\u00dcr\u00fcn ya\u015fam d\u00f6ng\u00fcs\u00fcn\u00fcn \u00f6neminin payla\u015f\u0131ld\u0131\u011f\u0131 ve gen\u00e7lere etkili \u00f6rneklerle anlat\u0131ld\u0131\u011f\u0131 etkinlikte Evcin, bu alanda kariyer sahibi olmak isteyen gen\u00e7lerle deneyimlerini payla\u015ft\u0131. Evcin, gen\u00e7lerle \u00fcr\u00fcn y\u00f6netiminin \u00fc\u00e7 \u00f6nemli unsuru olan<strong> M\u00fc\u015fteri\/M\u00fc\u015fteri Deneyimi, Teknoloji ve \u0130\u015f d\u00f6ng\u00fcs\u00fcn\u00fcn<\/strong> de \u00f6nemine de de\u011findi. Evcin, <em>\u201cGen\u00e7ler \u00fcr\u00fcnlerin hep son kullan\u0131c\u0131 a\u015famas\u0131ndaki hallerine tan\u0131k oluyor. Bug\u00fcn bu bulu\u015fmayla bir \u00fcr\u00fcn\u00fcn fikir a\u015famas\u0131ndaki durumundan <strong>planlanmas\u0131na, Ar-Ge ekiplerince geli\u015ftirilmesine, sonra piyasaya s\u00fcr\u00fclmesine<\/strong> ve<strong> en son m\u00fc\u015fteri deneyimine g<\/strong>iden s\u00fcre\u00e7teki \u00fcr\u00fcn y\u00f6netim d\u00f6ng\u00fcs\u00fcn\u00fc \u00f6\u011frendiler. Biz, <strong>\u00fcr\u00fcn y\u00f6neticileri<\/strong> olarak bir \u00fcr\u00fcn\u00fc, <strong>\u00fcr\u00fcn ya\u015fam d\u00f6ng\u00fcs\u00fcn\u00fcn t\u00fcm a\u015famalar\u0131nda y\u00f6netirken<\/strong>, hedef pazar\u0131n ihtiya\u00e7lar\u0131n\u0131 kar\u015f\u0131lamas\u0131 ve i\u015f stratejisine katk\u0131da bulunmas\u0131 gibi kriterleri de dikkate almam\u0131z gerekti\u011fini de gen\u00e7lerle payla\u015ft\u0131k. Teksan olarak bu t\u00fcr etkinliklerle gen\u00e7lerimizin <strong>kariyerlerine y\u00f6n verme s\u00fcre\u00e7lerinde<\/strong> yanlar\u0131nda olaca\u011f\u0131z.\u201d<\/em> dedi.<\/p>\n<h3><strong>Teksan Teknoloji S\u0131n\u0131f\u0131, TESS\u2019i inceledi<\/strong><\/h3>\n<p>Gen\u00e7leri e\u011fitim alan\u0131nda desteklemek amac\u0131yla Teksan\u2019\u0131n <strong>2001-2002 \u00f6\u011fretim y\u0131l\u0131ndan<\/strong> <strong>bu yana<\/strong> e\u011fitimlerine devam eden <strong>Teksan Teknoloji S\u0131n\u0131f\u0131<\/strong> \u00f6\u011frencilere sekt\u00f6rdeki \u00f6nemli \u00e7al\u0131\u015fmalar, \u00fcr\u00fcnler, \u00fcr\u00fcn d\u00f6ng\u00fcleri hakk\u0131nda sanayinin ihtiya\u00e7 duydu\u011fu <strong>\u2018yerinde e\u011fitim\u201di<\/strong> veriyor. Bu ama\u00e7la yak\u0131n zamanda <strong>Teksan Pazarlama \u00dcr\u00fcn Uzman\u0131 Cem Suku\u015fu<\/strong>, <strong>\u0130kitelli OSB Mesleki ve Teknik Anadolu Lisesi\u2019<\/strong>nde okuyan <strong>elektrik, elektronik, otomotiv ve makine b\u00f6l\u00fcm\u00fc<\/strong> \u00f6\u011frencileriyle Teksan\u2019\u0131n <strong>enerji depolama<\/strong> alan\u0131nda kendi<strong> Ar-Ge \u00fcr\u00fcn\u00fc<\/strong> olan <strong>TESS (Teksan Enerji Depolama Sistemleri)<\/strong> hakk\u0131nda bilgiler payla\u015ft\u0131. Suku\u015fu, <em>\u201cTeksan Teknoloji S\u0131n\u0131f\u0131, sekt\u00f6r\u00fcm\u00fcz\u00fcn en \u00f6nemli konular\u0131ndan olan nitelikli istihdama katk\u0131da bulunmak ad\u0131na olduk\u00e7a \u00f6nemli bir g\u00f6rev \u00fcstleniyor. \u00d6\u011frencilerimiz <strong>daha lise s\u0131ralar\u0131nda<\/strong>, T\u00fcrkiye\u2019de tamamen <strong>yerli sermaye<\/strong> ile geli\u015ftirilen <strong>TESS \u00fcr\u00fcn\u00fcm\u00fcz\u00fcn geli\u015fim<\/strong> ve <strong>kullan\u0131m alanlar\u0131<\/strong> yan\u0131 s\u0131ra<strong> teknik detaylar\u0131 hakk\u0131nda da<\/strong> bilgi sahibi olma \u015fans\u0131 yakal\u0131yor. Bu e\u011fitimler onlar\u0131n gelecekte yapacaklar\u0131 se\u00e7imlerde, geli\u015ftirecekleri \u00fcr\u00fcnlerde kilit rol\u00fcnde olacak. Teknoloji S\u0131n\u0131f\u0131 ile <strong>sanayide nitelikli istihdam\u0131 desteklemeye<\/strong> devam edece\u011fiz\u201d<\/em> diye konu\u015ftu.<\/p>","protected":false},"excerpt":{"rendered":"<p>Sorry, this entry is only available in Turkish. For the sake of viewer convenience, the content is shown below in the alternative language. You may click the link to switch the active language. Kesintisiz enerji \u00e7\u00f6z\u00fcmleri alan\u0131nda sekt\u00f6r\u00fcn ihtiya\u00e7 duydu\u011fu nitelikli istihdam\u0131 sa\u011flamak \u00fczere 2021 y\u0131l\u0131nda Teknoloji S\u0131n\u0131f\u0131\u2019n\u0131 kuran Teksan, gen\u00e7leri kariyer yolculuklar\u0131nda desteklemeye devam [&hellip;]<\/p>\n","protected":false},"author":1,"featured_media":175336,"comment_status":"open","ping_status":"open","sticky":false,"template":"","format":"standard","meta":[],"categories":[51,53],"tags":[35848,109495,27518,96177,106471],"views":28,"_links":{"self":[{"href":"https:\/\/www.enerjigazetesi.ist\/en\/wp-json\/wp\/v2\/posts\/175334"}],"collection":[{"href":"https:\/\/www.enerjigazetesi.ist\/en\/wp-json\/wp\/v2\/posts"}],"about":[{"href":"https:\/\/www.enerjigazetesi.ist\/en\/wp-json\/wp\/v2\/types\/post"}],"author":[{"embeddable":true,"href":"https:\/\/www.enerjigazetesi.ist\/en\/wp-json\/wp\/v2\/users\/1"}],"replies":[{"embeddable":true,"href":"https:\/\/www.enerjigazetesi.ist\/en\/wp-json\/wp\/v2\/comments?post=175334"}],"version-history":[{"count":0,"href":"https:\/\/www.enerjigazetesi.ist\/en\/wp-json\/wp\/v2\/posts\/175334\/revisions"}],"wp:featuredmedia":[{"embeddable":true,"href":"https:\/\/www.enerjigazetesi.ist\/en\/wp-json\/wp\/v2\/media\/175336"}],"wp:attachment":[{"href":"https:\/\/www.enerjigazetesi.ist\/en\/wp-json\/wp\/v2\/media?parent=175334"}],"wp:term":[{"taxonomy":"category","embeddable":true,"href":"https:\/\/www.enerjigazetesi.ist\/en\/wp-json\/wp\/v2\/categories?post=175334"},{"taxonomy":"post_tag","embeddable":true,"href":"https:\/\/www.enerjigazetesi.ist\/en\/wp-json\/wp\/v2\/tags?post=175334"}],"curies":[{"name":"wp","href":"https:\/\/api.w.org\/{rel}","templated":true}]}}