{"id":175311,"date":"2023-05-25T10:48:40","date_gmt":"2023-05-25T07:48:40","guid":{"rendered":"https:\/\/www.enerjigazetesi.ist\/?p=175311"},"modified":"2023-05-25T10:49:04","modified_gmt":"2023-05-25T07:49:04","slug":"varta-karbon-notr-uretime-ulasmayi-amacliyor","status":"publish","type":"post","link":"https:\/\/www.enerjigazetesi.ist\/en\/varta-karbon-notr-uretime-ulasmayi-amacliyor\/","title":{"rendered":"(Turkish) &#8217;VARTA&#8217; Karbon N\u00f6tr \u00dcretime Ula\u015fmay\u0131 Ama\u00e7l\u0131yor"},"content":{"rendered":"<p class=\"qtranxs-available-languages-message qtranxs-available-languages-message-en\">Sorry, this entry is only available in <a href=\"https:\/\/www.enerjigazetesi.ist\/tr\/wp-json\/wp\/v2\/posts\/175311\" class=\"qtranxs-available-language-link qtranxs-available-language-link-tr\" title=\"Turkish\">Turkish<\/a>. For the sake of viewer convenience, the content is shown below in the alternative language. You may click the link to switch the active language.<\/p><p><\/p>\n<h2><strong>Ge\u00e7ti\u011fimiz aylarda VARTA T\u00fcketici Pilleri T\u00fcrkiye, TEMA Vakf\u0131 ile bir i\u015f birli\u011fi ger\u00e7ekle\u015ftirerek \u00f6nemli bir kampanyaya imza att\u0131. \u2018VARTA ile At\u0131k Pilleriniz Fidana D\u00f6n\u00fc\u015fs\u00fcn\u2019 kampanyas\u0131 kapsam\u0131nda b\u00fcy\u00fck marketler arac\u0131l\u0131\u011f\u0131 ile at\u0131k piller toplanmaya ba\u015fland\u0131. At\u0131k pillerini toplama noktalar\u0131na getiren t\u00fcketiciler, K\u0131rklareli\u2019nde olu\u015fturulacak VARTA Hat\u0131ra Orman\u0131\u2019na katk\u0131 sa\u011flam\u0131\u015f olacak.<\/strong><\/h2>\n<p>Hem kampanya hakk\u0131nda hem de VARTA\u2019n\u0131n s\u00fcrd\u00fcr\u00fclebilirlik politikalar\u0131 hakk\u0131nda bas\u0131n mensuplar\u0131na <img loading=\"lazy\" class=\"alignright wp-image-175314\" src=\"https:\/\/www.enerjigazetesi.ist\/wp-content\/uploads\/2023\/05\/VARTA-TURKIYE-GENEL-MUDURU-KEREM-ACAR-1.jpg\" alt=\"\" width=\"320\" height=\"214\" srcset=\"https:\/\/www.enerjigazetesi.ist\/wp-content\/uploads\/2023\/05\/VARTA-TURKIYE-GENEL-MUDURU-KEREM-ACAR-1.jpg 550w, https:\/\/www.enerjigazetesi.ist\/wp-content\/uploads\/2023\/05\/VARTA-TURKIYE-GENEL-MUDURU-KEREM-ACAR-1-300x200.jpg 300w, https:\/\/www.enerjigazetesi.ist\/wp-content\/uploads\/2023\/05\/VARTA-TURKIYE-GENEL-MUDURU-KEREM-ACAR-1-500x334.jpg 500w, https:\/\/www.enerjigazetesi.ist\/wp-content\/uploads\/2023\/05\/VARTA-TURKIYE-GENEL-MUDURU-KEREM-ACAR-1-75x50.jpg 75w, https:\/\/www.enerjigazetesi.ist\/wp-content\/uploads\/2023\/05\/VARTA-TURKIYE-GENEL-MUDURU-KEREM-ACAR-1-450x300.jpg 450w\" sizes=\"(max-width: 320px) 100vw, 320px\" \/>bilgiler veren <strong>VARTA T\u00fcketici Pilleri T\u00fcrkiye Genel M\u00fcd\u00fcr\u00fc Kerem Acar<\/strong> konuya ili\u015fkin a\u00e7\u0131klamalarda bulundu.<\/p>\n<p>VARTA olarak s\u00fcrd\u00fcr\u00fclebilirli\u011fe \u00e7ok \u00f6nem veriyoruz. S\u00fcrd\u00fcr\u00fclebilirlik faaliyetlerini koordine etmek, uygulamak ve do\u011frudan y\u00f6netim kuruluna raporlamak i\u00e7in \u00f6zel bir s\u00fcrd\u00fcr\u00fclebilirlik departman\u0131m\u0131z bulunuyor. S\u00fcrd\u00fcr\u00fclebilirlik politikalar\u0131m\u0131z\u0131, \u015firketimizin t\u00fcm kademelerdeki \u00e7al\u0131\u015fmalar\u0131m\u0131za entegre ettik. Bu do\u011frultuda <strong>VARTA<\/strong> olarak<strong> s\u00fcrd\u00fcr\u00fclebilirlik<\/strong> ile ilgili geli\u015fim hedeflerimizi belirledik.<\/p>\n<p>Bu hedefler; <strong>Temiz enerji kullan\u0131m\u0131, Sorumlu \u00fcretim ve t\u00fcketim, \u0130nsan odakl\u0131 faaliyetler, Sanayi, yenilik ve altyap\u0131 hedefleri<\/strong> ile <strong>\u0130klim de\u011fi\u015fikli\u011fine y\u00f6nelik<\/strong> \u00e7al\u0131\u015fmalardan olu\u015fuyor.<\/p>\n<p>Bu hedeflerimizi ayr\u0131 ba\u015fl\u0131klar alt\u0131nda detayland\u0131rmak isterim.<\/p>\n<p><strong>YE\u015e\u0130L ENERJ\u0130YE YATIRIM, ELEKTR\u0130K \u0130HT\u0130YACININ %92\u2019S\u0130 YEN\u0130LENEB\u0130L\u0130R ENERJ\u0130 KAYNAKLARINDAN SA\u011eLANIYOR<\/strong><\/p>\n<p><strong>Temiz Enerji Kullan\u0131m\u0131 ve Sorumlu \u00fcretim-t\u00fcketim: <\/strong>Avrupa\u2019daki t\u00fcm \u00fcretim tesislerimizde <strong>ye\u015fil enerji<\/strong> kullan\u0131yoruz. Fabrikalar\u0131m\u0131zdaki elektrik ihtiyac\u0131n\u0131n <strong>92%<\/strong>\u2019sini <strong>yenilenebilir enerji kaynaklar\u0131ndan<\/strong> sa\u011fl\u0131yoruz. Ye\u015fil elektrik \u00fcretimini art\u0131rmak i\u00e7in \u00fcretim tesislerine <strong>daha fazla g\u00fcne\u015f paneli yat\u0131r\u0131m\u0131<\/strong> yap\u0131yoruz. Faaliyete ge\u00e7ecek <strong>yeni fotovoltaik sistemlerimiz<\/strong> ile <strong>yenilenebilir enerji \u00fcretimimizi artt\u0131rmay\u0131<\/strong> ve 2030 y\u0131l\u0131nda sadece Avrupa\u2019da de\u011fil t\u00fcm \u00fcretim tesislerimizdeki <strong>enerji ihtiyac\u0131m\u0131z\u0131n tamam\u0131n\u0131 yenilenebilir enerji kaynaklar\u0131ndan<\/strong> elde etmeyi hedefliyoruz.<\/p>\n<p>\u00dcretim tesislerimizi <strong>\u00e7evre y\u00f6netim standard\u0131 ISO 14001<\/strong>\u2019e g\u00f6re sertifikaland\u0131rd\u0131k, su t\u00fcketimimizi ve at\u0131k \u00fcretimimizi bu standarda g\u00f6re takip ediyoruz. <strong>At\u0131klar\u0131 en aza indirmek, \u00fcretim s\u00fcre\u00e7lerindeki malzemeleri azaltmak ve yeniden kullanmak<\/strong> i\u00e7in t\u00fcm s\u00fcre\u00e7lerimizi optimize ettik. 2022&#8217;de, \u00e7evresel etkiyi en aza indirmek ve <strong>s\u00fcrd\u00fcr\u00fclebilirlik performans\u0131n\u0131 art\u0131rmak<\/strong> konusunda \u00f6nemli ilerlemeler kaydettik. 2022 y\u0131l\u0131nda toplam <strong>4.648 ton<\/strong> at\u0131\u011f\u0131n <strong>3000 tonunu<\/strong> geri d\u00f6n\u00fc\u015ft\u00fcrmeyi ba\u015fard\u0131k. Ambalajlar\u0131m\u0131z\u0131, FSC sertifikal\u0131, <strong>%100 geri d\u00f6n\u00fc\u015ft\u00fcr\u00fclebilir kartondan<\/strong> ve <strong>%95&#8217;e<\/strong> kadar <strong>geri d\u00f6n\u00fc\u015ft\u00fcr\u00fclm\u00fc\u015f i\u00e7erikten<\/strong> \u00fcretiyoruz. Plastik i\u00e7ermeyen ambalajlar\u0131m\u0131z sayesinde 1000 adet pilde 2 kg plastik tasarrufu ve 4,4kg CO2 emisyonu tasarrufu sa\u011fl\u0131yoruz. Hedefimiz, <strong>PAS-2060&#8217;a<\/strong> g\u00f6re <strong>CO2 n\u00f6tr \u00fcretime<\/strong> ula\u015fmak.<\/p>\n<p>Daha fazla performans i\u00e7in yenilik\u00e7i ve birinci s\u0131n\u0131f malzemeler kullan\u0131larak t\u00fcm \u00fcr\u00fcn kategorilerinde \u00fcr\u00fcnlerimizin performanslar\u0131 geli\u015ftirildi, \u00fcr\u00fcnlerimiz daha uzun s\u00fcre kullan\u0131lmalar\u0131 sayesinde daha s\u00fcrd\u00fcr\u00fclebilir hale geldi.<\/p>\n<p>Yeni malzemelere ek olarak, art\u0131k her <strong>alkalin pil<\/strong> ve <strong>\u015farj edilebilir pil ambalaj\u0131nda<\/strong>, bir <strong>pil \u00e7\u0131kart\u0131ld\u0131ktan sonra ambalaj\u0131n tekrar kapat\u0131labilmesine<\/strong> olanak, tan\u0131yan <strong>ak\u0131ll\u0131 a\u00e7ma\/kapama mekanizmas\u0131<\/strong> bulunuyor. Ayn\u0131 zamanda \u00f6mr\u00fcn\u00fc tamamlayan pillerin, geri d\u00f6n\u00fc\u015f\u00fcme gidene kadar orijinal ambalaj\u0131n\u0131n i\u00e7inde saklanmas\u0131 da bir kolayl\u0131k olarak t\u00fcketiciye sunuluyor.<\/p>\n<h3><strong>\u0130NSANA YATIRIM, \u00c7ALI\u015eANA SAYGI<\/strong><\/h3>\n<p>VARTA\u2019 da \u00e7al\u0131\u015fanlar, \u015firketin ba\u015far\u0131s\u0131n\u0131n temelinde yer al\u0131r. VARTA olarak, \u00e7al\u0131\u015fanlar\u0131m\u0131z\u0131n ko\u015fullar\u0131n\u0131 iyile\u015ftirmeyi ve kendilerini daha da geli\u015ftirmeleri i\u00e7in desteklemeyi hedef olarak benimseriz. \u0130nsan haklar\u0131na sayg\u0131, kurumsal sorumlulu\u011fumuzun \u00f6nemli bir par\u00e7as\u0131d\u0131r. VARTA <strong>e\u015fit haklar, e\u015fit f\u0131rsatlar ve ho\u015fg\u00f6r\u00fcy\u00fc<\/strong> savunur. Uyumlu bir i\u015f birli\u011fi i\u00e7inde bu de\u011ferleri destekler.<\/p>\n<h3><strong>%100 GER\u0130 D\u00d6N\u00dc\u015eT\u00dcR\u00dcLEB\u0130L\u0130R AMBALAJLAR<\/strong><\/h3>\n<p><strong>Sanayi, yenilik ve altyap\u0131: <\/strong>\u00dcretim tesislerimizde kulland\u0131\u011f\u0131m\u0131z \u00e7evre dostu paketleme kapasitesine sahip makinelerimiz sayesinde uzun vadeli s\u00fcrd\u00fcr\u00fclebilir \u00fcretim stratejimizi ortaya koyuyoruz. Ambalajlar\u0131m\u0131z\u0131 %100 geri d\u00f6n\u00fc\u015ft\u00fcr\u00fclebilir FSC sertifikal\u0131 kartondan ve pillerimizi %95\u2019e kadar geri d\u00f6n\u00fc\u015ft\u00fcr\u00fclm\u00fc\u015f malzemeden \u00fcretiyoruz. Yeni ambalaj konseptimizle d\u00fc\u011fme pil ambalajlar\u0131m\u0131z\u0131n \u00e7ocuk g\u00fcvenli\u011fini iyile\u015ftirdik. \u00c7evre dostu ambalajlara yapt\u0131\u011f\u0131m\u0131z yat\u0131r\u0131mlar s\u00fcrecek ve \u00f6n\u00fcm\u00fczdeki y\u0131llarda <strong>plastik t\u00fcketimini minumum seviyelere<\/strong> \u00e7ekece\u011fiz.<\/p>\n<h3><strong>\u0130KL\u0130M DE\u011e\u0130\u015e\u0130KL\u0130\u011e\u0130 \u0130LE \u0130LG\u0130L\u0130 POTANS\u0130YEL R\u0130SKLER VE FIRSATLAR S\u00dcREKL\u0130 TAK\u0130P ED\u0130L\u0130YOR<\/strong><\/h3>\n<p><strong>\u0130klim Eylemi<\/strong>: VARTA, <strong>kurumsal y\u00f6netim sistemini iklim de\u011fi\u015fikli\u011fi y\u00f6netim sistemine entegre<\/strong> ederek iklim de\u011fi\u015fikli\u011fiyle ilgili riskleri ele almaktad\u0131r. Bir pil \u00fcreticisi olarak VARTA\u2019 n\u0131n daha s\u00fcrd\u00fcr\u00fclebilir \u00fcr\u00fcnler yaratma vizyonu d\u00fc\u015f\u00fck karbona ge\u00e7i\u015f i\u00e7in hayati \u00f6neme sahiptir. VARTA bu hedefe ula\u015fmak i\u00e7in, teknoloji ve ar-ge yat\u0131r\u0131mlar\u0131n\u0131 artt\u0131r\u0131yor.<\/p>\n<h3><strong>ATIK P\u0130LLER ORMANA D\u00d6N\u00dc\u015e\u00dcYOR<\/strong><\/h3>\n<p>VARTA olarak \u00fclkemizde 24 y\u0131ld\u0131r faaliyet g\u00f6sterdiklerini ifade eden Kerem ACAR,<strong> TEMA VAKFI ile yapt\u0131klar\u0131 i\u015f birli\u011fini anlatt\u0131<\/strong>. T\u00fcrkiye\u2019de at\u0131k pillerin toplanma oran\u0131n\u0131n olduk\u00e7a d\u00fc\u015f\u00fck oldu\u011funu ifade eden Acar, t\u00fcketici i\u00e7in fark\u0131ndal\u0131k yaratarak bu oran\u0131n y\u00fckselmesini ama\u00e7lad\u0131klar\u0131ndan bahsetti. Acar, <strong>TEMA ile i\u015f birliklerine<\/strong> y\u00f6nelik a\u00e7\u0131klamalar\u0131na \u015f\u00f6yle devam etti.<\/p>\n<p>\u2018\u00dclkemiz topraklar\u0131n\u0131 tehdit eden erozyon ve \u00e7\u00f6lle\u015fme ile m\u00fccadeleyi misyon edinen TEMA Vakf\u0131 ile <strong>at\u0131k pil toplama projemizde<\/strong> partnerlik yap\u0131yoruz. TEMA Vakf\u0131n\u0131n ama\u00e7lar\u0131 ile VARTA olarak s\u00fcrd\u00fcr\u00fclebilirlik alan\u0131nda yapt\u0131\u011f\u0131m\u0131z \u00e7al\u0131\u015fmalar do\u011faya sayg\u0131 temelinde birle\u015fiyor.<\/p>\n<h3><strong>BA\u015eLANGI\u00c7 HEDEF\u0130M\u0130Z: 5 TON ATIK P\u0130L, 10.000 F\u0130DAN! <\/strong><\/h3>\n<p>S\u00fcrd\u00fcr\u00fclebilirlik kapsam\u0131nda <strong>verimlilik<\/strong> ve<strong> temiz enerji kullan\u0131m\u0131n\u0131n<\/strong> \u00f6nemi kadar <strong>havada bulunan karbonun da temizlenmesi<\/strong> gerekiyor. A\u011fa\u00e7lar, do\u011fan\u0131n bunun i\u00e7in sundu\u011fu muhte\u015fem bir \u00e7\u00f6z\u00fcm. <strong>TEMA VAKFI<\/strong> i\u015f birli\u011fi ile ger\u00e7ekle\u015ftirdi\u011fimiz<strong> \u2018VARTA ile At\u0131k Pilleriniz Fidan\u2019a D\u00f6n\u00fc\u015fs\u00fcn\u2019<\/strong> kampanyas\u0131n\u0131n bizce iki ayr\u0131 \u00f6nemi var. Birincisi <strong>a\u011fa\u00e7land\u0131rma<\/strong> ile atmosferden daha fazla karbon temizlenmesine katk\u0131da bulunmak ikincisi ise <strong>t\u00fcketiciyi at\u0131k pillerin toplanmas\u0131 y\u00f6n\u00fcnde bilin\u00e7lendirerek, fark\u0131ndal\u0131k yaratmak.<\/strong><\/p>\n<p>T\u00fcrkiye genelinde s\u00fcpermarketlere yerle\u015ftirdi\u011fimiz at\u0131k pil \u00fcniteleri ile at\u0131k piller <strong>VARTA Hat\u0131ra Orman\u0131<\/strong>\u2019na d\u00f6n\u00fc\u015fecek. Bu kampanyaya <strong>TEMA Vakf\u0131<\/strong> ve <strong>VARTA T\u00fcrkiye<\/strong> \u00f6nc\u00fcl\u00fck ediyor ancak olu\u015facak orman, at\u0131k pil \u00fcnitelerine pillerini atan t\u00fcketicilerimizin katk\u0131s\u0131yla ye\u015ferecek. Yani en \u00f6nemli rol ve bu orman\u0131n olu\u015fmas\u0131ndaki en b\u00fcy\u00fck katk\u0131 t\u00fcketicilerimize ait olacak.<\/p>","protected":false},"excerpt":{"rendered":"<p>Sorry, this entry is only available in Turkish. For the sake of viewer convenience, the content is shown below in the alternative language. You may click the link to switch the active language. Ge\u00e7ti\u011fimiz aylarda VARTA T\u00fcketici Pilleri T\u00fcrkiye, TEMA Vakf\u0131 ile bir i\u015f birli\u011fi ger\u00e7ekle\u015ftirerek \u00f6nemli bir kampanyaya imza att\u0131. \u2018VARTA ile At\u0131k Pilleriniz [&hellip;]<\/p>\n","protected":false},"author":1,"featured_media":175315,"comment_status":"open","ping_status":"open","sticky":false,"template":"","format":"standard","meta":[],"categories":[53,52],"tags":[109490,29645,109489,2529,1999,1296,109488,109491],"views":28,"_links":{"self":[{"href":"https:\/\/www.enerjigazetesi.ist\/en\/wp-json\/wp\/v2\/posts\/175311"}],"collection":[{"href":"https:\/\/www.enerjigazetesi.ist\/en\/wp-json\/wp\/v2\/posts"}],"about":[{"href":"https:\/\/www.enerjigazetesi.ist\/en\/wp-json\/wp\/v2\/types\/post"}],"author":[{"embeddable":true,"href":"https:\/\/www.enerjigazetesi.ist\/en\/wp-json\/wp\/v2\/users\/1"}],"replies":[{"embeddable":true,"href":"https:\/\/www.enerjigazetesi.ist\/en\/wp-json\/wp\/v2\/comments?post=175311"}],"version-history":[{"count":1,"href":"https:\/\/www.enerjigazetesi.ist\/en\/wp-json\/wp\/v2\/posts\/175311\/revisions"}],"predecessor-version":[{"id":175312,"href":"https:\/\/www.enerjigazetesi.ist\/en\/wp-json\/wp\/v2\/posts\/175311\/revisions\/175312"}],"wp:featuredmedia":[{"embeddable":true,"href":"https:\/\/www.enerjigazetesi.ist\/en\/wp-json\/wp\/v2\/media\/175315"}],"wp:attachment":[{"href":"https:\/\/www.enerjigazetesi.ist\/en\/wp-json\/wp\/v2\/media?parent=175311"}],"wp:term":[{"taxonomy":"category","embeddable":true,"href":"https:\/\/www.enerjigazetesi.ist\/en\/wp-json\/wp\/v2\/categories?post=175311"},{"taxonomy":"post_tag","embeddable":true,"href":"https:\/\/www.enerjigazetesi.ist\/en\/wp-json\/wp\/v2\/tags?post=175311"}],"curies":[{"name":"wp","href":"https:\/\/api.w.org\/{rel}","templated":true}]}}