{"id":175262,"date":"2023-05-24T11:12:08","date_gmt":"2023-05-24T08:12:08","guid":{"rendered":"https:\/\/www.enerjigazetesi.ist\/?p=175262"},"modified":"2023-05-24T11:13:08","modified_gmt":"2023-05-24T08:13:08","slug":"bat-3uncu-kez-financial-times-2023-iklim-degisikligi-liderleri-arasinda","status":"publish","type":"post","link":"https:\/\/www.enerjigazetesi.ist\/en\/bat-3uncu-kez-financial-times-2023-iklim-degisikligi-liderleri-arasinda\/","title":{"rendered":"(Turkish) &#8217;BAT&#8217; 3&#8217;\u00fcnc\u00fc Kez &#8216;Financial Times 2023 \u0130klim De\u011fi\u015fikli\u011fi Liderleri&#8217; Aras\u0131nda"},"content":{"rendered":"<p class=\"qtranxs-available-languages-message qtranxs-available-languages-message-en\">Sorry, this entry is only available in <a href=\"https:\/\/www.enerjigazetesi.ist\/tr\/wp-json\/wp\/v2\/posts\/175262\" class=\"qtranxs-available-language-link qtranxs-available-language-link-tr\" title=\"Turkish\">Turkish<\/a>. For the sake of viewer convenience, the content is shown below in the alternative language. You may click the link to switch the active language.<\/p><p><\/p>\n<h2>Kapsay\u0131c\u0131 s\u00fcrd\u00fcr\u00fclebilirlik politikalar\u0131yla iklim kriziyle m\u00fccadelede \u00f6nc\u00fc ad\u0131mlar atmay\u0131 s\u00fcrd\u00fcren BAT, d\u00fcnyan\u0131n bu alandaki \u00f6nde gelen platformlar\u0131 taraf\u0131ndan \u00f6rnek g\u00f6sterilmeye devam ediyor. BAT, son olarak Financial Times ve Statista taraf\u0131ndan 4.000\u2019den fazla k\u00fcresel \u015firketin \u00e7evresel performans\u0131 \u00fczerine derlenen \u2018Avrupa&#8217;n\u0131n \u0130klim Liderleri\u2019 listesinde, ilk y\u00fczde 3&#8217;l\u00fck dilime girerek d\u00fcnya liderleri aras\u0131nda yer ald\u0131.<\/h2>\n<p>Kapsam 1 ve 2 sera gaz\u0131 emisyonlar\u0131n\u0131 <strong>2020&#8217;ye<\/strong> k\u0131yasla <strong>2021<\/strong> ve<strong> 2022&#8217;de<\/strong> <strong>y\u00fczde 22<\/strong> oran\u0131nda ba\u015far\u0131yla azaltarak <strong>iklim de\u011fi\u015fikli\u011fi de<\/strong> dahil olmak \u00fczere \u00e7evresel etkilerine y\u00f6nelik taahh\u00fcd\u00fcn\u00fc ger\u00e7ekle\u015ftirmi\u015f oldu.<\/p>\n<h3><strong>DJSI D\u00dcNYA ENDEKS<\/strong><strong>\u0130\u2019<\/strong><strong>NDE YER ALAN TEK SEKT\u00d6R TEMS<\/strong><strong>\u0130<\/strong><strong>LC<\/strong><strong>\u0130<\/strong><strong>S<\/strong><strong>\u0130<\/strong><\/h3>\n<p>Dow Jones S\u00fcrd\u00fcr\u00fclebilirlik Endeks\u2019inde 21 y\u0131l \u00fcst \u00fcste yer almas\u0131, 2022&#8217;de prestijli DJSI D\u00fcnya<img loading=\"lazy\" class=\"alignright wp-image-175265\" src=\"https:\/\/www.enerjigazetesi.ist\/wp-content\/uploads\/2023\/05\/batturkiye5.jpg\" alt=\"\" width=\"320\" height=\"214\" srcset=\"https:\/\/www.enerjigazetesi.ist\/wp-content\/uploads\/2023\/05\/batturkiye5.jpg 550w, https:\/\/www.enerjigazetesi.ist\/wp-content\/uploads\/2023\/05\/batturkiye5-300x200.jpg 300w, https:\/\/www.enerjigazetesi.ist\/wp-content\/uploads\/2023\/05\/batturkiye5-500x334.jpg 500w, https:\/\/www.enerjigazetesi.ist\/wp-content\/uploads\/2023\/05\/batturkiye5-75x50.jpg 75w, https:\/\/www.enerjigazetesi.ist\/wp-content\/uploads\/2023\/05\/batturkiye5-450x300.jpg 450w\" sizes=\"(max-width: 320px) 100vw, 320px\" \/> Endeksi\u2019nde yer alan<strong> tek t\u00fct\u00fcn \u015firketi olmas\u0131<\/strong> ve \u0130klim (A), Su (A-) ve Ormanlar (A-) genelinde CDP A-Listesi durumu ile <strong>BAT<\/strong>\u2019nin<strong> s\u00fcrd\u00fcr\u00fclebilirlik taahh\u00fcd\u00fc<\/strong> ve <strong>ba\u015far\u0131lar\u0131<\/strong>, bir kez daha takdir kazand\u0131.<\/p>\n<p>Bu ba\u015far\u0131 \u00fczerine <strong>BAT S\u00fcrd\u00fcr\u00fclebilirlik Direkt\u00f6r\u00fc Mike Nightingale;<\/strong> <em>\u201c\u0130klim de\u011fi\u015fikli\u011fiyle m\u00fccadele konusundaki kararl\u0131l\u0131\u011f\u0131m\u0131z ve performans\u0131m\u0131zla Financial Times Avrupa \u0130klim Liderleri listesinde ilk y\u00fczde 3&#8217;l\u00fck dilime girmekten mutluluk duyuyoruz. Bu liste hem kendi operasyonlar\u0131m\u0131zda hem de daha geni\u015f de\u011fer zincirimizde iklim risklerini ve f\u0131rsatlar\u0131n\u0131 ele almak i\u00e7in devam eden \u00e7al\u0131\u015fmalar\u0131m\u0131z\u0131 yans\u0131t\u0131yor. BAT olarak ayn\u0131 zamanda, <strong>2030 y\u0131l\u0131na<\/strong> kadar <strong>sera gaz\u0131 emisyonlar\u0131m\u0131zda y\u00fczde 50 azalma sa\u011flamay\u0131<\/strong> ve en ge\u00e7 <strong>2050 y\u0131l\u0131na kadar<\/strong> de\u011fer zincirimizde <strong>Karbon S\u0131f\u0131r olmay\u0131<\/strong> hedefliyoruz\u2019\u2019<\/em> dedi.<\/p>\n<h3><strong>BAT T\u00fcrkiye s\u00fcrd\u00fcr\u00fclebilirlik \u00e7al\u0131\u015fmalar\u0131na h\u0131z kesmeden devam ediyor&#8230;<\/strong><\/h3>\n<p>T\u00fcm fabrikalar\u0131nda y\u00fczde 100 yenilenebilir enerji kullanmay\u0131 oda\u011f\u0131na alan BAT\u2019nin Samsun fabrikas\u0131\u00a0<strong>\u201cS\u00fcrd\u00fcr\u00fclebilir Su Y\u00f6netimi Serfikas\u0131 &#8211; AWS Sertifikas\u0131\u201d ve \u2018\u2019I-REC Uluslararas\u0131 Yenilenebilir Enerji Sertifikas\u0131\u201d<\/strong> sahibi&#8230; Ayn\u0131 zamanda fabrikada kullan\u0131lan <strong>elektri\u011fi g\u00fcne\u015f enerjisinden elde etmek<\/strong> i\u00e7in \u00e7al\u0131\u015fmalar\u0131na devam eden BAT T\u00fcrkiye Samsun fabrikas\u0131, direkt enerji kullan\u0131m\u0131nda <strong>yenilenebilir kaynaklar kullanarak<\/strong> bu oran\u0131 <strong>2023\u2019e<\/strong> kadar <strong>%30<\/strong>\u2019a \u00e7\u0131karmay\u0131 planl\u0131yor.<\/p>\n<p>Samsun fabrikada ayn\u0131 zamanda at\u0131klar\u0131n %90\u2019\u0131 geri d\u00f6n\u00fc\u015ft\u00fcr\u00fclerek \u00e7evreye olan etki azalt\u0131l\u0131yor. Di\u011fer yandan <strong>BAT T\u00fcrkiye<\/strong>, \u0130stanbul Asya ve Avrupa\u2019da yer alan B\u00f6lge M\u00fcd\u00fcrl\u00fcklerinde de At\u0131k belgesi sahibi.<\/p>\n<p>BAT T\u00fcrkiye ayr\u0131ca ekosistemi de destekliyor, distrib\u00fct\u00f6rlerini<strong> yenilenebilir enerjiye ge\u00e7i\u015f<\/strong> i\u00e7in te\u015fvik ediyor. <strong>Antep, Afyon, Bal\u0131kesir, Band\u0131rma, Edremit, Mersin ve Zonguldak<\/strong> distrib\u00fct\u00f6r depolar\u0131nda<strong> g\u00fcne\u015f enerjisi panelleri kurulmu\u015f<\/strong> durumda&#8230; BAT T\u00fcrkiye ge\u00e7ti\u011fimiz y\u0131l ticari da\u011f\u0131t\u0131m filosuna da <strong>ilk elektrikli arac\u0131 katt\u0131.<\/strong><\/p>","protected":false},"excerpt":{"rendered":"<p>Sorry, this entry is only available in Turkish. For the sake of viewer convenience, the content is shown below in the alternative language. You may click the link to switch the active language. Kapsay\u0131c\u0131 s\u00fcrd\u00fcr\u00fclebilirlik politikalar\u0131yla iklim kriziyle m\u00fccadelede \u00f6nc\u00fc ad\u0131mlar atmay\u0131 s\u00fcrd\u00fcren BAT, d\u00fcnyan\u0131n bu alandaki \u00f6nde gelen platformlar\u0131 taraf\u0131ndan \u00f6rnek g\u00f6sterilmeye devam ediyor. [&hellip;]<\/p>\n","protected":false},"author":1,"featured_media":175264,"comment_status":"open","ping_status":"open","sticky":false,"template":"","format":"standard","meta":[],"categories":[53,52],"tags":[80853],"views":43,"_links":{"self":[{"href":"https:\/\/www.enerjigazetesi.ist\/en\/wp-json\/wp\/v2\/posts\/175262"}],"collection":[{"href":"https:\/\/www.enerjigazetesi.ist\/en\/wp-json\/wp\/v2\/posts"}],"about":[{"href":"https:\/\/www.enerjigazetesi.ist\/en\/wp-json\/wp\/v2\/types\/post"}],"author":[{"embeddable":true,"href":"https:\/\/www.enerjigazetesi.ist\/en\/wp-json\/wp\/v2\/users\/1"}],"replies":[{"embeddable":true,"href":"https:\/\/www.enerjigazetesi.ist\/en\/wp-json\/wp\/v2\/comments?post=175262"}],"version-history":[{"count":0,"href":"https:\/\/www.enerjigazetesi.ist\/en\/wp-json\/wp\/v2\/posts\/175262\/revisions"}],"wp:featuredmedia":[{"embeddable":true,"href":"https:\/\/www.enerjigazetesi.ist\/en\/wp-json\/wp\/v2\/media\/175264"}],"wp:attachment":[{"href":"https:\/\/www.enerjigazetesi.ist\/en\/wp-json\/wp\/v2\/media?parent=175262"}],"wp:term":[{"taxonomy":"category","embeddable":true,"href":"https:\/\/www.enerjigazetesi.ist\/en\/wp-json\/wp\/v2\/categories?post=175262"},{"taxonomy":"post_tag","embeddable":true,"href":"https:\/\/www.enerjigazetesi.ist\/en\/wp-json\/wp\/v2\/tags?post=175262"}],"curies":[{"name":"wp","href":"https:\/\/api.w.org\/{rel}","templated":true}]}}