{"id":175237,"date":"2023-05-23T14:31:22","date_gmt":"2023-05-23T11:31:22","guid":{"rendered":"https:\/\/www.enerjigazetesi.ist\/?p=175237"},"modified":"2023-05-23T14:35:49","modified_gmt":"2023-05-23T11:35:49","slug":"teksan-kirmizi-cati-ile-19-mayista-genclerin-yaninda","status":"publish","type":"post","link":"https:\/\/www.enerjigazetesi.ist\/en\/teksan-kirmizi-cati-ile-19-mayista-genclerin-yaninda\/","title":{"rendered":"(Turkish) &#8217;Teksan&#8217; K\u0131rm\u0131z\u0131 \u00c7at\u0131 ile 19 May\u0131s\u2019ta Gen\u00e7lerin Yan\u0131nda&#8230;"},"content":{"rendered":"<p class=\"qtranxs-available-languages-message qtranxs-available-languages-message-en\">Sorry, this entry is only available in <a href=\"https:\/\/www.enerjigazetesi.ist\/tr\/wp-json\/wp\/v2\/posts\/175237\" class=\"qtranxs-available-language-link qtranxs-available-language-link-tr\" title=\"Turkish\">Turkish<\/a>. For the sake of viewer convenience, the content is shown below in the alternative language. You may click the link to switch the active language.<\/p><p><\/p>\n<h2><strong>Deprem b\u00f6lgesindeki \u00e7ocuk ve gen\u00e7lere destek olmak amac\u0131yla olu\u015fturulan, Teksan\u2019\u0131n \u00e7at\u0131 sponsorlu\u011funu \u00fcstlendi\u011fi \u2018K\u0131rm\u0131z\u0131 \u00c7at\u0131\u2019 sosyal destek projesi 19 May\u0131s\u2019ta gen\u00e7lerle bulu\u015ftu. Teksan, b\u00f6lgede g\u00f6n\u00fcll\u00fcler, gen\u00e7ler ve uzmanlar\u0131n kat\u0131l\u0131m\u0131yla etkinlikler ger\u00e7ekle\u015ftirdi.<\/strong><\/h2>\n<h2><strong><img loading=\"lazy\" class=\"alignright wp-image-175239\" src=\"https:\/\/www.enerjigazetesi.ist\/wp-content\/uploads\/2023\/05\/teksan-kirmizi-cati-ile-19-mayista-genclerin-yaninda.jpg\" alt=\"\" width=\"320\" height=\"223\" srcset=\"https:\/\/www.enerjigazetesi.ist\/wp-content\/uploads\/2023\/05\/teksan-kirmizi-cati-ile-19-mayista-genclerin-yaninda.jpg 550w, https:\/\/www.enerjigazetesi.ist\/wp-content\/uploads\/2023\/05\/teksan-kirmizi-cati-ile-19-mayista-genclerin-yaninda-300x209.jpg 300w, https:\/\/www.enerjigazetesi.ist\/wp-content\/uploads\/2023\/05\/teksan-kirmizi-cati-ile-19-mayista-genclerin-yaninda-500x349.jpg 500w, https:\/\/www.enerjigazetesi.ist\/wp-content\/uploads\/2023\/05\/teksan-kirmizi-cati-ile-19-mayista-genclerin-yaninda-72x50.jpg 72w\" sizes=\"(max-width: 320px) 100vw, 320px\" \/><\/strong><\/h2>\n<p>Kesintisiz g\u00fc\u00e7 \u00e7\u00f6z\u00fcmleri sekt\u00f6r\u00fcn\u00fcn lider \u015firketlerinden olan Teksan, sivil toplum kurulu\u015fu <strong>K\u0131rm\u0131z\u0131 \u00c7ocuklar Derne\u011fi<\/strong> i\u015fbirli\u011fiyle deprem b\u00f6lgesindeki <strong>\u00e7ocuk<\/strong> ve<strong> gen\u00e7lere<\/strong> y\u00f6nelik yapt\u0131\u011f\u0131 \u00e7al\u0131\u015fmalara devam ediyor. B\u00f6lgede depremden etkilenen \u00e7ocuk ve gen\u00e7ler i\u00e7in harekete ge\u00e7en derne\u011fin<strong> \u2018K\u0131rm\u0131z\u0131 \u00c7at\u0131\u2019<\/strong> ad\u0131 verilen olu\u015fumuna \u00e7at\u0131 sponsor olan Teksan, <strong>19 May\u0131s Gen\u00e7lik ve Spor Bayram\u0131<\/strong> nedeniyle b\u00f6lgedeki <strong>gen\u00e7lerin kat\u0131l\u0131m\u0131yla etkinlikler<\/strong> ger\u00e7ekle\u015ftirdi.<\/p>\n<p><u>\u0130<\/u>lk olarak <strong>23 Nisan\u2019da<\/strong> d\u00fczenlenen <strong>\u00c7ocuk Festivali\u2019yla<\/strong> kap\u0131lar\u0131 a\u00e7an <strong>K\u0131rm\u0131z\u0131 \u00c7at\u0131<\/strong>, <strong>19 May\u0131s Gen\u00e7lik ve Spor Bayram\u0131<\/strong> nedeniyle d\u00fczenlenen etkinliklerde de b\u00fcy\u00fck ilgi g\u00f6rd\u00fc. Bir\u00e7ok sponsorun deste\u011fi ile ger\u00e7ekle\u015fen\u00a0etkinlikler kapsam\u0131nda gen\u00e7lerle<strong> foto\u011fraf \u00e7ekim, foto\u011fraf bas\u0131m ve tasar\u0131m etkinlikleri<\/strong> yap\u0131ld\u0131. Ayr\u0131ca etkinliklere kat\u0131l\u0131m g\u00f6sterenlerle <strong>m\u0131z\u0131ka, tetris, k\u0131zma birader, balon, ke\u00e7eli kalem, blok fl\u00fct<\/strong> gibi hediyeler payla\u015f\u0131ld\u0131. <strong>G\u00f6n\u00fcll\u00fc TEKSAN \u00e7al\u0131\u015fanlar\u0131 da<\/strong> b\u00f6lgedeki <strong>gen\u00e7lerle etkinliklere kat\u0131larak<\/strong> deste\u011fini g\u00f6sterdi.<\/p>","protected":false},"excerpt":{"rendered":"<p>Sorry, this entry is only available in Turkish. For the sake of viewer convenience, the content is shown below in the alternative language. You may click the link to switch the active language. Deprem b\u00f6lgesindeki \u00e7ocuk ve gen\u00e7lere destek olmak amac\u0131yla olu\u015fturulan, Teksan\u2019\u0131n \u00e7at\u0131 sponsorlu\u011funu \u00fcstlendi\u011fi \u2018K\u0131rm\u0131z\u0131 \u00c7at\u0131\u2019 sosyal destek projesi 19 May\u0131s\u2019ta gen\u00e7lerle bulu\u015ftu. [&hellip;]<\/p>\n","protected":false},"author":1,"featured_media":175239,"comment_status":"open","ping_status":"open","sticky":false,"template":"","format":"standard","meta":[],"categories":[51,53],"tags":[65642,42410,109462,109461,27518],"views":41,"_links":{"self":[{"href":"https:\/\/www.enerjigazetesi.ist\/en\/wp-json\/wp\/v2\/posts\/175237"}],"collection":[{"href":"https:\/\/www.enerjigazetesi.ist\/en\/wp-json\/wp\/v2\/posts"}],"about":[{"href":"https:\/\/www.enerjigazetesi.ist\/en\/wp-json\/wp\/v2\/types\/post"}],"author":[{"embeddable":true,"href":"https:\/\/www.enerjigazetesi.ist\/en\/wp-json\/wp\/v2\/users\/1"}],"replies":[{"embeddable":true,"href":"https:\/\/www.enerjigazetesi.ist\/en\/wp-json\/wp\/v2\/comments?post=175237"}],"version-history":[{"count":0,"href":"https:\/\/www.enerjigazetesi.ist\/en\/wp-json\/wp\/v2\/posts\/175237\/revisions"}],"wp:featuredmedia":[{"embeddable":true,"href":"https:\/\/www.enerjigazetesi.ist\/en\/wp-json\/wp\/v2\/media\/175239"}],"wp:attachment":[{"href":"https:\/\/www.enerjigazetesi.ist\/en\/wp-json\/wp\/v2\/media?parent=175237"}],"wp:term":[{"taxonomy":"category","embeddable":true,"href":"https:\/\/www.enerjigazetesi.ist\/en\/wp-json\/wp\/v2\/categories?post=175237"},{"taxonomy":"post_tag","embeddable":true,"href":"https:\/\/www.enerjigazetesi.ist\/en\/wp-json\/wp\/v2\/tags?post=175237"}],"curies":[{"name":"wp","href":"https:\/\/api.w.org\/{rel}","templated":true}]}}