{"id":175210,"date":"2023-05-23T12:15:39","date_gmt":"2023-05-23T09:15:39","guid":{"rendered":"https:\/\/www.enerjigazetesi.ist\/?p=175210"},"modified":"2023-05-23T12:16:32","modified_gmt":"2023-05-23T09:16:32","slug":"icci-2023-enerji-cevre-fuari-ve-konferansi-24-mayista-basliyor","status":"publish","type":"post","link":"https:\/\/www.enerjigazetesi.ist\/en\/icci-2023-enerji-cevre-fuari-ve-konferansi-24-mayista-basliyor\/","title":{"rendered":"(Turkish) ICCI 2023 Enerji &#038; \u00c7evre Fuar\u0131 ve Konferans\u0131 24 May\u0131s&#8217;ta Ba\u015fl\u0131yor!"},"content":{"rendered":"<p class=\"qtranxs-available-languages-message qtranxs-available-languages-message-en\">Sorry, this entry is only available in <a href=\"https:\/\/www.enerjigazetesi.ist\/tr\/wp-json\/wp\/v2\/posts\/175210\" class=\"qtranxs-available-language-link qtranxs-available-language-link-tr\" title=\"Turkish\">Turkish<\/a>. For the sake of viewer convenience, the content is shown below in the alternative language. You may click the link to switch the active language.<\/p><p><\/p>\n<h2><strong>\u201c\u0130klim De\u011fi\u015fikli\u011fine Duyarl\u0131 S\u00fcrd\u00fcr\u00fclebilir, Verimli Enerji D\u00f6n\u00fc\u015f\u00fcm\u00fc\u201d temas\u0131yla d\u00fczenlenecek olan ICCI Enerji ve \u00c7evre Fuar\u0131 ve Konferans\u0131 24 May\u0131s sabah 11.00\u2019da \u0130stanbul Fuar Merkezi, Hall 1-3, Ye\u015filk\u00f6y\u2019de kap\u0131lar\u0131n\u0131 a\u00e7acak. <\/strong><\/h2>\n<p>D\u00fcnyan\u0131n ve T\u00fcrkiye\u2019nin en \u00f6nemli g\u00fcndem maddeleri aras\u0131nda ilk s\u0131ralarda yer alan enerji sekt\u00f6r\u00fcn\u00fcn <img loading=\"lazy\" class=\"alignright wp-image-175215\" src=\"https:\/\/www.enerjigazetesi.ist\/wp-content\/uploads\/2023\/05\/icci-2023-enerji-cevre-fuari-ve-konferansi-24-mayista-basliyor-1.jpg\" alt=\"\" width=\"320\" height=\"213\" srcset=\"https:\/\/www.enerjigazetesi.ist\/wp-content\/uploads\/2023\/05\/icci-2023-enerji-cevre-fuari-ve-konferansi-24-mayista-basliyor-1.jpg 550w, https:\/\/www.enerjigazetesi.ist\/wp-content\/uploads\/2023\/05\/icci-2023-enerji-cevre-fuari-ve-konferansi-24-mayista-basliyor-1-300x200.jpg 300w, https:\/\/www.enerjigazetesi.ist\/wp-content\/uploads\/2023\/05\/icci-2023-enerji-cevre-fuari-ve-konferansi-24-mayista-basliyor-1-500x333.jpg 500w, https:\/\/www.enerjigazetesi.ist\/wp-content\/uploads\/2023\/05\/icci-2023-enerji-cevre-fuari-ve-konferansi-24-mayista-basliyor-1-75x50.jpg 75w, https:\/\/www.enerjigazetesi.ist\/wp-content\/uploads\/2023\/05\/icci-2023-enerji-cevre-fuari-ve-konferansi-24-mayista-basliyor-1-450x300.jpg 450w\" sizes=\"(max-width: 320px) 100vw, 320px\" \/>gelece\u011finin konu\u015fulaca\u011f\u0131 <span style=\"text-decoration: underline;\">ICCI Uluslararas\u0131 Enerji &amp; \u00c7evre Fuar ve Konferans\u0131nda;<\/span><\/p>\n<p>&#8211; Yenilenebilir Enerji,<\/p>\n<p>&#8211; R\u00fczgar Enerjisinde son teknolojiler<\/p>\n<p>&#8211; G\u00fcne\u015f Enerjisinde son teknolojiler<\/p>\n<p>&#8211; Elektrikli ara\u00e7lar\u0131 \u015farj etmenin karbonsuz ve h\u0131zl\u0131 yolu olarak d\u00fc\u015f\u00fcn\u00fclen Cyce \u015farj cihazlar\u0131<\/p>\n<p>&#8211; B\u00fcy\u00fcme i\u00e7in Enerji Otobanlar\u0131 gibi hem d\u00fcnyan\u0131n hem T\u00fcrkiye\u2019nin g\u00fcndeminde yer alan Enerji Sekt\u00f6r\u00fcn\u00fcn son teknolojileri g\u00f6r\u00fcc\u00fcye \u00e7\u0131kacak.<\/p>\n<p>Uluslararas\u0131 yeni yat\u0131r\u0131m ve i\u015f birlikteliklerinin ger\u00e7ekle\u015ftirilece\u011fi ICCI 2023\u2019de yerli ve yabanc\u0131 payda\u015flar\u0131n kat\u0131l\u0131m\u0131yla sekt\u00f6r bir araya gelecek. 65 \u00fclkeden kat\u0131l\u0131mc\u0131 ve \u0130talyan D\u0131\u015f Ticaret ve Tan\u0131t\u0131m Ajans\u0131 (ITA), Alman Enerji Ajans\u0131 (DENA), Alman T\u00fcrk Sanayi ve Ticaret Odas\u0131, Moskow Export Center gibi Uluslararas\u0131 kat\u0131l\u0131mc\u0131lar olacak.<\/p>\n<p>\u00d6n\u00fcm\u00fczdeki 10 y\u0131la damgas\u0131n\u0131 vuracak olan <strong>\u201cYenilenebilir Enerji\u201d<\/strong> ve T\u00fcrkiye\u2019nin son d\u00f6nemlerde h\u0131zla artan<strong> yerli enerji kaynaklar\u0131<\/strong>, ICCI 2023\u2019\u00fcn<strong> \u00f6nemli konular\u0131 aras\u0131nda<\/strong> yer al\u0131yor.<\/p>\n<p>Ana temas\u0131 <strong>\u201cEnerjide S\u00fcrd\u00fcr\u00fclebilir ve Ak\u0131ll\u0131 D\u00f6n\u00fc\u015f\u00fcm\u201d<\/strong> olarak belirlenen <strong>ICCI 2023<\/strong> Konferanslar\u0131nda 3 g\u00fcn boyunca <strong>4<\/strong> salonda <strong>40\u2019\u0131 a\u015fan oturum<\/strong> ger\u00e7ekle\u015ftirilecek. ICCI 2023\u2019e <strong>\u0130talya, Almanya, Rusya, \u00c7in, Hindistan, \u0130rlanda, \u00c7ek Cumhuriyeti, Bel\u00e7ika, Danimarka, \u0130ngiltere, Fransa, Avusturya, \u0130spanya, Kazakistan, Azerbaycan, Finlandiya, \u0130ran ve G\u00fcney Kore\u2019den<\/strong> <strong>firmalar<\/strong> ve<strong> \u00fcst d\u00fczey konuklar<\/strong> kat\u0131lacak. Enerji sekt\u00f6r\u00fcn\u00fcn uluslararas\u0131 ilk ve en b\u00fcy\u00fck etkinli\u011fi olan <strong>ICCI 2023<\/strong> her y\u0131l oldu\u011fu gibi yerli firmalar\u0131n yurt d\u0131\u015f\u0131 ile ba\u011flant\u0131lar kurmas\u0131na, yabanc\u0131 firmalar\u0131n ise T\u00fcrkiye pazar\u0131nda yer almas\u0131na katk\u0131da bulunmaya devam edecek.<\/p>\n<h3><strong>T\u00dcRK\u0130YE\u2019DE DO\u011eAL GAZDAN PETROLE, N\u00dcKLEERDEN YEN\u0130LENEB\u0130L\u0130R ENERJ\u0130YE B\u0130R\u00c7OK ALANDA PROJELER, ENERJ\u0130DE DI\u015eA BA\u011eIMLILI\u011eI AZALTACAK<\/strong><\/h3>\n<p>T\u00fcrkiye\u2019de, do\u011fal gazdan petrole, n\u00fckleerden yenilenebilir enerjiye bir\u00e7ok alanda ger\u00e7ekle\u015ftirilecek projelerle \u00f6n\u00fcm\u00fczdeki 5 y\u0131l\u0131n T\u00fcrkiye a\u00e7\u0131s\u0131ndan d\u00fcnyada \u00f6nemli bir oyuncu olma hedefini ortaya koyuyor ve ICCI 2023\u2019de bu projeler bir arada sergilenecek.<\/p>\n<h3><strong>ICCI 2023\u2019DE T\u00dcRK\u0130YE\u2019N\u0130N \u00d6NDE GELEN KAMU KURUMLARI VE DERNEKLER\u0130 DE YERLER\u0130N\u0130 ALDI<\/strong><\/h3>\n<p>ICCI 2023\u2019te T.C. Enerji ve Tabii Kaynaklar Bakanl\u0131\u011f\u0131\u2019na ba\u011fl\u0131; <em>E\u00dcA\u015e, TEDA\u015e, TE\u0130A\u015e, TENMAK, TEMSAN ve BOTA\u015e gibi kamu kurumlar\u0131 ile EPDK ve ETKB gibi yasa koyucular, sanayi odalar\u0131 ve organize sanayi b\u00f6lgeleri, sekt\u00f6r\u00fcn \u00f6nde gelen dernekleri (DE\u0130K, T\u00dcS\u0130AD ,ELDER, GEFF, GENSED, G\u00dcNDER, G\u00dcNE\u015eDER, G\u00dcYAD, \u0130SO, \u0130TO, JESDER, MUS\u0130AD, SHURA,\u00a0 TURSEFF, T\u00dcB\u0130TAK MAM, T\u00dcREB) <\/em>konferans ve fuara kat\u0131l\u0131yor veya destek veriyor.<\/p>\n<p><strong>TAR\u0130H :<\/strong> 24 May\u0131s 2023, \u00c7ar\u015famba<\/p>\n<p><strong>SAAT \u00a0 :<\/strong> 11.00 \u2013 Fuar A\u00e7\u0131l\u0131\u015f\u0131<\/p>\n<p><strong>YER\u00a0\u00a0\u00a0 :<\/strong> \u0130stanbul Fuar Merkezi, Hall 1-3 \u2013 Ye\u015filk\u00f6y\/Bak\u0131rk\u00f6y<\/p>\n<p>Konferans program\u0131na dair detayl\u0131 bilgiyi <a href=\"http:\/\/www.icci.com.tr\" target=\"_blank\" rel=\"noopener\">www.icci.com.tr<\/a> adresinde bulabilirsiniz.<\/p>","protected":false},"excerpt":{"rendered":"<p>Sorry, this entry is only available in Turkish. For the sake of viewer convenience, the content is shown below in the alternative language. You may click the link to switch the active language. \u201c\u0130klim De\u011fi\u015fikli\u011fine Duyarl\u0131 S\u00fcrd\u00fcr\u00fclebilir, Verimli Enerji D\u00f6n\u00fc\u015f\u00fcm\u00fc\u201d temas\u0131yla d\u00fczenlenecek olan ICCI Enerji ve \u00c7evre Fuar\u0131 ve Konferans\u0131 24 May\u0131s sabah 11.00\u2019da \u0130stanbul [&hellip;]<\/p>\n","protected":false},"author":1,"featured_media":175214,"comment_status":"open","ping_status":"open","sticky":false,"template":"","format":"standard","meta":[],"categories":[51,53,52],"tags":[108747,109458],"views":51,"_links":{"self":[{"href":"https:\/\/www.enerjigazetesi.ist\/en\/wp-json\/wp\/v2\/posts\/175210"}],"collection":[{"href":"https:\/\/www.enerjigazetesi.ist\/en\/wp-json\/wp\/v2\/posts"}],"about":[{"href":"https:\/\/www.enerjigazetesi.ist\/en\/wp-json\/wp\/v2\/types\/post"}],"author":[{"embeddable":true,"href":"https:\/\/www.enerjigazetesi.ist\/en\/wp-json\/wp\/v2\/users\/1"}],"replies":[{"embeddable":true,"href":"https:\/\/www.enerjigazetesi.ist\/en\/wp-json\/wp\/v2\/comments?post=175210"}],"version-history":[{"count":0,"href":"https:\/\/www.enerjigazetesi.ist\/en\/wp-json\/wp\/v2\/posts\/175210\/revisions"}],"wp:featuredmedia":[{"embeddable":true,"href":"https:\/\/www.enerjigazetesi.ist\/en\/wp-json\/wp\/v2\/media\/175214"}],"wp:attachment":[{"href":"https:\/\/www.enerjigazetesi.ist\/en\/wp-json\/wp\/v2\/media?parent=175210"}],"wp:term":[{"taxonomy":"category","embeddable":true,"href":"https:\/\/www.enerjigazetesi.ist\/en\/wp-json\/wp\/v2\/categories?post=175210"},{"taxonomy":"post_tag","embeddable":true,"href":"https:\/\/www.enerjigazetesi.ist\/en\/wp-json\/wp\/v2\/tags?post=175210"}],"curies":[{"name":"wp","href":"https:\/\/api.w.org\/{rel}","templated":true}]}}