{"id":175205,"date":"2023-05-23T11:59:59","date_gmt":"2023-05-23T08:59:59","guid":{"rendered":"https:\/\/www.enerjigazetesi.ist\/?p=175205"},"modified":"2023-05-23T12:00:14","modified_gmt":"2023-05-23T09:00:14","slug":"totalenergies-turkiye-de-yenilenebilir-enerji-yatirimlarini-artiriyor","status":"publish","type":"post","link":"https:\/\/www.enerjigazetesi.ist\/en\/totalenergies-turkiye-de-yenilenebilir-enerji-yatirimlarini-artiriyor\/","title":{"rendered":"(Turkish) &#8217;TotalEnergies&#8217; T\u00fcrkiye\u2019de Yenilenebilir Enerji Yat\u0131r\u0131mlar\u0131n\u0131 Art\u0131r\u0131yor"},"content":{"rendered":"<p class=\"qtranxs-available-languages-message qtranxs-available-languages-message-en\">Sorry, this entry is only available in <a href=\"https:\/\/www.enerjigazetesi.ist\/tr\/wp-json\/wp\/v2\/posts\/175205\" class=\"qtranxs-available-language-link qtranxs-available-language-link-tr\" title=\"Turkish\">Turkish<\/a>. For the sake of viewer convenience, the content is shown below in the alternative language. You may click the link to switch the active language.<\/p><p><\/p>\n<h2>Enerjinin daha ula\u015f\u0131labilir, daha temiz, daha g\u00fcvenilir olmas\u0131 ve daha \u00e7ok insana eri\u015fimi i\u00e7in \u00e7al\u0131\u015fan TotalEnergies, yenilenebilir enerji kurulu g\u00fcc\u00fcn\u00fc 2025 y\u0131l\u0131na kadar 17 GW\u2019tan 35 GW\u2019a \u00e7\u0131karmay\u0131 hedefliyor. Avrupa Birli\u011fi\u2019nin karbon n\u00f6tr olma hedefini destekleyen TotalEnergies, 2050 y\u0131l\u0131na kadar net s\u0131f\u0131r emisyona ula\u015fmay\u0131 taahh\u00fct ediyor.<\/h2>\n<p><strong>TotalEnergies Yenilenebilir Enerji T\u00fcrkiye M\u00fcd\u00fcr\u00fc Ahmet Hatipo\u011flu<\/strong>, Net S\u0131f\u0131r hedefine <img loading=\"lazy\" class=\"alignright wp-image-175207\" src=\"https:\/\/www.enerjigazetesi.ist\/wp-content\/uploads\/2023\/05\/totalenergies-turkiye-de-yenilenebilir-enerji-yatirimlarini-artiriyor.jpg\" alt=\"\" width=\"320\" height=\"376\" srcset=\"https:\/\/www.enerjigazetesi.ist\/wp-content\/uploads\/2023\/05\/totalenergies-turkiye-de-yenilenebilir-enerji-yatirimlarini-artiriyor.jpg 409w, https:\/\/www.enerjigazetesi.ist\/wp-content\/uploads\/2023\/05\/totalenergies-turkiye-de-yenilenebilir-enerji-yatirimlarini-artiriyor-256x300.jpg 256w, https:\/\/www.enerjigazetesi.ist\/wp-content\/uploads\/2023\/05\/totalenergies-turkiye-de-yenilenebilir-enerji-yatirimlarini-artiriyor-341x400.jpg 341w, https:\/\/www.enerjigazetesi.ist\/wp-content\/uploads\/2023\/05\/totalenergies-turkiye-de-yenilenebilir-enerji-yatirimlarini-artiriyor-43x50.jpg 43w\" sizes=\"(max-width: 320px) 100vw, 320px\" \/>ula\u015fmak i\u00e7in yo\u011funla\u015ft\u0131klar\u0131 pek \u00e7ok alan oldu\u011funu belirtti. Hatipo\u011flu, <em>\u201cBunlardan \u00f6nde geleni yenilenebilir enerji kaynaklar\u0131 ve d\u00fc\u015f\u00fck karbonlu yak\u0131tlar. 2050 vizyonumuz gere\u011fi, enerji \u00fcretimimizin yar\u0131s\u0131 yenilenebilir enerjiden, <strong>y\u00fczde 25<\/strong>\u2019i d\u00fc\u015f\u00fck karbonlu yak\u0131tlardan <strong>(hidrojen, biyogaz ve e-yak\u0131tlar),<\/strong> kalan <strong>y\u00fczde 25<\/strong>\u2019lik k\u0131s\u0131m da <strong>petrol<\/strong> ve<strong> do\u011fal gazdan<\/strong> sa\u011flanacak. Bu faaliyetlerimiz sonucu olu\u015fan emisyonlar; <strong>karbon d\u00f6n\u00fc\u015ft\u00fcrme, karbon yakalama ve karbon denkle\u015ftirme<\/strong> ile tamamen s\u0131f\u0131rlanacak\u201d<\/em> dedi.<\/p>\n<h3><strong>\u201cYenilenebilir enerji kaynaklar\u0131n\u0131n \u00fcretimdeki pay\u0131 artacak\u201d<\/strong><\/h3>\n<p>T\u00fcrkiye\u2019nin 55 GW\u2019\u0131n \u00fcst\u00fcnde olan yenilenebilir enerji kurulu g\u00fcc\u00fcn\u00fcn yak\u0131n zamanda 60 GW\u2019\u0131n \u00fcst\u00fcne \u00e7\u0131kmas\u0131 bekleniyor. Hatipo\u011flu, <em>\u201cTotalEnergies olarak T\u00fcrkiye\u2019de \u00f6zellikle <strong>r\u00fczgar<\/strong> ve <strong>g\u00fcne\u015f enerjisi<\/strong> yat\u0131r\u0131m\u0131 yapmak i\u00e7in yo\u011fun \u00e7al\u0131\u015fmalar\u0131m\u0131z var. Bu ama\u00e7la, \u00e7e\u015fitli yenilenebilir projelere ve operasyonel santrallere yat\u0131r\u0131m yapmak i\u00e7in \u00e7al\u0131\u015fmalar\u0131m\u0131z devam ediyor. \u00dclkemizin y\u00fcksek potansiyeli ve geli\u015fmi\u015f elektrik piyasas\u0131 farkl\u0131 i\u015f modellerinde yat\u0131r\u0131m olana\u011f\u0131 sundu\u011fundan \u00e7e\u015fitli alternatiflere s\u0131cak bak\u0131yoruz. Pandemi ve sonras\u0131nda ya\u015fanan geli\u015fmeler elektrik \u00fcretiminde d\u0131\u015fa ba\u011f\u0131ml\u0131 olmayan <strong>yenilenebilir enerji kaynaklar\u0131n\u0131n \u00f6nemini<\/strong> g\u00f6sterdi. \u00dclkemizde yenilenebilir enerji teknolojileri \u00e7evre dostu olmalar\u0131n\u0131n yan\u0131 s\u0131ra k\u00e2rl\u0131 bir yat\u0131r\u0131m arac\u0131, <strong>enerji g\u00fcvenli\u011fine<\/strong> katk\u0131 sa\u011flayan \u00f6nemli bir unsur ve mevcut ekipman \u00fcretim altyap\u0131s\u0131 ile bir sanayi sekt\u00f6r\u00fc olarak da g\u00f6r\u00fcl\u00fcyor. \u00d6n\u00fcm\u00fczdeki d\u00f6nemlerde <strong>yenilenebilir enerji kaynaklar\u0131n\u0131n<\/strong> \u00fcretimdeki pay\u0131n\u0131n daha da artmas\u0131n\u0131 \u00f6ng\u00f6r\u00fcyoruz. \u00d6nceli\u011fimiz T\u00fcrkiye\u2019de \u015firketimizin politikalar\u0131na uygun \u00f6zelliklerde, b\u00fcy\u00fck \u00f6l\u00e7ekli ve uzun vadede daha stabil getiri imkan\u0131 sunan yat\u0131r\u0131mlar\u0131 hayata ge\u00e7irmek\u201d<\/em> diye konu\u015ftu.<\/p>\n<h3><strong>\u201cDeniz \u00fcst\u00fc platformlar\u0131nda ciddi bilgi birikimimiz var\u201d<\/strong><\/h3>\n<p>T\u00fcrkiye\u2019nin \u00f6zellikle <strong>g\u00fcne\u015f enerjisinde memnuniyet verici bir ilerleme<\/strong> kaydetti\u011finin de alt\u0131n\u0131 \u00e7izen Hatipo\u011flu, \u015f\u00f6yle devam etti: <em>\u201cDeniz \u00fcst\u00fc do\u011fal gaz ve petrol arama ve \u00fcretme faaliyetlerimizden dolay\u0131 deniz \u00fcst\u00fc platformlar\u0131nda ciddi bir bilgi birikimimiz ve geli\u015ftirdi\u011fimiz teknolojiler var. Bu birikimimizi \u00f6zellikle <strong>y\u00fczer tip deniz \u00fcst\u00fc r\u00fczgar projelerimizde<\/strong> kullan\u0131yoruz. Geli\u015ftirilen, devrede olan ve \u00e7al\u0131\u015fan deniz \u00fcst\u00fc santrallerimizin toplam kapasitesi \u015fu an <strong>12 GW<\/strong>. <strong>T\u00fcrkiye\u2019de<\/strong> hayata ge\u00e7irilecek <strong>deniz \u00fcst\u00fc r\u00fczgar enerjisi santralinde de<\/strong> mevcut birikimimizle fark yaratabilece\u011fimize inan\u0131yoruz.\u201d<\/em><\/p>\n<p>Hatipo\u011flu, T\u00fcrkiye R\u00fczgar Enerjisi Birli\u011fi\u2019ne (T\u00dcREB) \u00fcye olduklar\u0131n\u0131 hat\u0131rlatarak <em>\u201cT\u00dcREB son derece aktif \u00e7al\u0131\u015fan, \u00fcyelerini ve payda\u015flar\u0131 \u00e7al\u0131\u015fmalar\u0131na dahil ederek sekt\u00f6rdeki geli\u015fime katk\u0131s\u0131 olan bir birlik. \u00c7al\u0131\u015fmalar\u0131ndan son derece memnunuz ve \u00f6n\u00fcm\u00fczdeki d\u00f6nemde T\u00dcREB\u2019in faaliyetlerine daha fazla katk\u0131 sa\u011flamak istiyoruz\u201d<\/em> dedi.<\/p>\n<h3><strong>Y\u00fczde 100 yenilenebilir yak\u0131t\u0131 Excellium Racing 100 ile motor yar\u0131\u015flar\u0131nda devrim<\/strong><\/h3>\n<p><strong>TotalEnergies Madeni Ya\u011flar<\/strong>, <strong>yenilenebilir enerji \u00fcreticileri ile i\u015f birli\u011fi<\/strong> i\u00e7inde yeni \u00fcr\u00fcnler geli\u015ftirmeye de devam ediyor. \u00dcreticilerin ekipmanlar\u0131n\u0131 koruyacak, <strong>enerji tasarrufu<\/strong> ve<strong> uzun \u00f6m\u00fcr imkan\u0131 sunan ya\u011flar\u0131<\/strong> bulunuyor. TotalEnergies\u2019in <strong>2050\u2019de net s\u0131f\u0131r emisyona ula\u015fma hedefinde<\/strong> \u00f6nemli bir kilometre ta\u015f\u0131 da, <strong>motor sporlar\u0131 yar\u0131\u015flar\u0131<\/strong> i\u00e7in geli\u015ftirilen <strong>y\u00fczde 100 yenilenebilir yak\u0131t\u0131 Excellium Racing 100<\/strong> olmu\u015ftu. <strong>FIA D\u00fcnya Dayan\u0131kl\u0131l\u0131k \u015eampiyonas\u0131<\/strong>\u2019n\u0131n tarihinde ilk defa, 2022 \u015fampiyonas\u0131n\u0131n \u00fc\u00e7\u00fcnc\u00fc turunda <strong>Le Mans 24 Saat Yar\u0131\u015flar\u0131\u2019nda<\/strong> t\u00fcm ara\u00e7lar\u0131n kulland\u0131\u011f\u0131 <strong>Excellium Racing 100;<\/strong> FIA\u2019n\u0131n, ara\u00e7 \u00fcreticilerinin,<strong> pilotlar\u0131n<\/strong> ve <strong>yenilenebilir enerjilere ili\u015fkin<\/strong> <strong>Avrupa y\u00f6nergelerinin (RED)<\/strong> t\u00fcm gereksinimlerini kar\u015f\u0131layan bir yar\u0131\u015f yak\u0131t\u0131. \u015earap tortular\u0131ndan yap\u0131lan bu <strong>biyoyak\u0131t\u0131 geli\u015ftirmek<\/strong> i\u00e7in <strong>18 aydan fazla Ar-Ge \u00e7al\u0131\u015fmas\u0131<\/strong> yap\u0131ld\u0131. \u0130\u00e7erisinde petrol bulundurmayan <strong>Excellium Racing 100<\/strong>, kullan\u0131m \u00f6mr\u00fc boyunca karbondioksit emisyonlar\u0131nda en az<strong> y\u00fczde 65\u2019lik<\/strong> bir azalma sa\u011fl\u0131yor.<\/p>","protected":false},"excerpt":{"rendered":"<p>Sorry, this entry is only available in Turkish. For the sake of viewer convenience, the content is shown below in the alternative language. You may click the link to switch the active language. Enerjinin daha ula\u015f\u0131labilir, daha temiz, daha g\u00fcvenilir olmas\u0131 ve daha \u00e7ok insana eri\u015fimi i\u00e7in \u00e7al\u0131\u015fan TotalEnergies, yenilenebilir enerji kurulu g\u00fcc\u00fcn\u00fc 2025 y\u0131l\u0131na [&hellip;]<\/p>\n","protected":false},"author":1,"featured_media":175209,"comment_status":"open","ping_status":"open","sticky":false,"template":"","format":"standard","meta":[],"categories":[51,53,49,50],"tags":[431,430,91401,105],"views":77,"_links":{"self":[{"href":"https:\/\/www.enerjigazetesi.ist\/en\/wp-json\/wp\/v2\/posts\/175205"}],"collection":[{"href":"https:\/\/www.enerjigazetesi.ist\/en\/wp-json\/wp\/v2\/posts"}],"about":[{"href":"https:\/\/www.enerjigazetesi.ist\/en\/wp-json\/wp\/v2\/types\/post"}],"author":[{"embeddable":true,"href":"https:\/\/www.enerjigazetesi.ist\/en\/wp-json\/wp\/v2\/users\/1"}],"replies":[{"embeddable":true,"href":"https:\/\/www.enerjigazetesi.ist\/en\/wp-json\/wp\/v2\/comments?post=175205"}],"version-history":[{"count":0,"href":"https:\/\/www.enerjigazetesi.ist\/en\/wp-json\/wp\/v2\/posts\/175205\/revisions"}],"wp:featuredmedia":[{"embeddable":true,"href":"https:\/\/www.enerjigazetesi.ist\/en\/wp-json\/wp\/v2\/media\/175209"}],"wp:attachment":[{"href":"https:\/\/www.enerjigazetesi.ist\/en\/wp-json\/wp\/v2\/media?parent=175205"}],"wp:term":[{"taxonomy":"category","embeddable":true,"href":"https:\/\/www.enerjigazetesi.ist\/en\/wp-json\/wp\/v2\/categories?post=175205"},{"taxonomy":"post_tag","embeddable":true,"href":"https:\/\/www.enerjigazetesi.ist\/en\/wp-json\/wp\/v2\/tags?post=175205"}],"curies":[{"name":"wp","href":"https:\/\/api.w.org\/{rel}","templated":true}]}}