{"id":175188,"date":"2023-05-23T10:25:56","date_gmt":"2023-05-23T07:25:56","guid":{"rendered":"https:\/\/www.enerjigazetesi.ist\/?p=175188"},"modified":"2023-05-23T10:25:56","modified_gmt":"2023-05-23T07:25:56","slug":"turkiyede-iklim-krizi-ile-mucadelede-orman-ekosistemleri-raporu","status":"publish","type":"post","link":"https:\/\/www.enerjigazetesi.ist\/en\/turkiyede-iklim-krizi-ile-mucadelede-orman-ekosistemleri-raporu\/","title":{"rendered":"(Turkish) &#8217;T\u00fcrkiye\u2019de \u0130klim Krizi ile M\u00fccadelede Orman Ekosistemleri&#8217; Raporu&#8230;"},"content":{"rendered":"<p class=\"qtranxs-available-languages-message qtranxs-available-languages-message-en\">Sorry, this entry is only available in <a href=\"https:\/\/www.enerjigazetesi.ist\/tr\/wp-json\/wp\/v2\/posts\/175188\" class=\"qtranxs-available-language-link qtranxs-available-language-link-tr\" title=\"Turkish\">Turkish<\/a>. For the sake of viewer convenience, the content is shown below in the alternative language. You may click the link to switch the active language.<\/p><p><\/p>\n<h2>T\u00dcS\u0130AD taraf\u0131ndan Do\u011fa Koruma Merkezi&#8217;nin i\u00e7erik payda\u015fl\u0131\u011f\u0131nda haz\u0131rlanan \u201cT\u00fcrkiye&#8217;de \u0130klim Krizi ile M\u00fccadelede Orman Ekosistemleri ve Yutak Alan Y\u00f6netimi\u201d Raporu, D\u00fcnya Biyo\u00e7e\u015fitlilik G\u00fcn\u00fc olan 22 May\u0131s&#8217;ta kamuoyu ile payla\u015f\u0131ld\u0131.<\/h2>\n<p style=\"text-align: center;\"><img loading=\"lazy\" class=\"aligncenter wp-image-175192\" src=\"https:\/\/www.enerjigazetesi.ist\/wp-content\/uploads\/2023\/05\/turkiyede-iklim-krizi-ile-mucadelede-orman-ekosistemleri-raporu-1.jpg\" alt=\"\" width=\"500\" height=\"257\" srcset=\"https:\/\/www.enerjigazetesi.ist\/wp-content\/uploads\/2023\/05\/turkiyede-iklim-krizi-ile-mucadelede-orman-ekosistemleri-raporu-1.jpg 550w, https:\/\/www.enerjigazetesi.ist\/wp-content\/uploads\/2023\/05\/turkiyede-iklim-krizi-ile-mucadelede-orman-ekosistemleri-raporu-1-300x154.jpg 300w, https:\/\/www.enerjigazetesi.ist\/wp-content\/uploads\/2023\/05\/turkiyede-iklim-krizi-ile-mucadelede-orman-ekosistemleri-raporu-1-500x257.jpg 500w, https:\/\/www.enerjigazetesi.ist\/wp-content\/uploads\/2023\/05\/turkiyede-iklim-krizi-ile-mucadelede-orman-ekosistemleri-raporu-1-80x41.jpg 80w\" sizes=\"(max-width: 500px) 100vw, 500px\" \/><\/p>\n<p>Alan\u0131nda uzman akademisyen ve ara\u015ft\u0131rmac\u0131lar taraf\u0131ndan haz\u0131rlanan raporda <strong>iklim krizi, biyo\u00e7e\u015fitlilik krizi ve orman ekosistemleri<\/strong> aras\u0131ndaki ili\u015fki ele al\u0131n\u0131rken; orman ekosistem hizmetleri ve arazi y\u00f6netimi uygulamalar\u0131n\u0131n <strong>yutak alan i\u015flevi<\/strong> \u00e7ok boyutlu bir perspektifle analiz ediliyor. Rapor, <strong>yutak alanlar\u0131n korunmas\u0131, geli\u015ftirilmesi ve art\u0131r\u0131lmas\u0131n\u0131n<\/strong> yan\u0131 s\u0131ra bu alanlar\u0131n <strong>karbon emisyonlar\u0131n\u0131 dengelemedeki rol\u00fcne<\/strong> de de\u011finiyor.<\/p>\n<p>T\u00dcS\u0130AD kurucu ku\u015fa\u011f\u0131ndan Ali Nihat G\u00f6kyi\u011fit&#8217;in an\u0131s\u0131na d\u00fczenlenen etkinli\u011fin a\u00e7\u0131l\u0131\u015f konu\u015fmalar\u0131 <strong>T\u00dcS\u0130AD Y\u00f6netim Kurulu Ba\u015fkan\u0131 Orhan Turan<\/strong> ve <strong>T\u00dcS\u0130AD Y\u00f6netim Kurulu \u00dcyesi, Enerji, \u00c7evre ve \u0130klim De\u011fi\u015fikli\u011fi Yuvarlak Masa Ba\u015fkan\u0131 Cevdet Alemdar <\/strong>taraf\u0131ndan ger\u00e7ekle\u015ftirildi.<\/p>\n<p><strong>T\u00dcS\u0130AD Y\u00f6netim Kurulu Ba\u015fkan\u0131 Orhan Turan<\/strong>, do\u011fal ekosistemleri ve sa\u011flad\u0131klar\u0131 hizmetleri korumak ve geli\u015ftirmenin t\u00fcm payda\u015flar\u0131n kritik\u00a0sorumluluklar\u0131 aras\u0131nda yer ald\u0131\u011f\u0131na dikkat \u00e7ekerek; <em>\u201c\u0130klim de\u011fi\u015fikli\u011fine ba\u011fl\u0131 olarak orman ekosistem dinamiklerinin ve\u00a0i\u015fleyi\u015finin de\u011fi\u015fti\u011fi g\u00f6z \u00f6n\u00fcne al\u0131nmal\u0131, orman y\u00f6netimi anlay\u0131\u015f\u0131m\u0131z da bu do\u011frultuda\u00a0d\u00f6n\u00fc\u015ft\u00fcr\u00fclmelidir. Bu ba\u011flamda, s\u00fcrd\u00fcr\u00fclebilir arazi ve iyile\u015ftirilmi\u015f orman y\u00f6netimi uygulamalar\u0131\u00a0karbon tutma \u00e7al\u0131\u015fmalar\u0131nda \u00f6ncelikli yakla\u015f\u0131mlar olarak de\u011ferlendirilmelidir. Ekolojik, sosyal ve\u00a0ekonomik faydalar\u0131 art\u0131racak bir karbon denkle\u015ftirme modeli hedeflenmelidir.\u00a0AKAKDO sekt\u00f6r\u00fcne\u00a0y\u00f6nelik olarak global\u00a0standartlarla uyumlu ve uluslararas\u0131 sistemlere entegre olabilecek\u00a0sertifikasyon\u00a0ve ticaret mekanizmalar\u0131na y\u00f6nelik\u00a0d\u00fczenlemelerin yap\u0131lmas\u0131 \u00f6nemli bir ad\u0131m olacakt\u0131r.\u00a0\u00d6zel sekt\u00f6r\u00fcn\u00a0yutak alanlar\u0131n korunmas\u0131, art\u0131r\u0131lmas\u0131 ve karbon denkle\u015ftirme \u00e7al\u0131\u015fmalar\u0131na katk\u0131s\u0131n\u0131 art\u0131racak; karbon\u00a0tutumu ama\u00e7l\u0131 yat\u0131r\u0131mlar\u0131 te\u015fvik edecek sistem ve mekanizmalar\u0131n kataliz\u00f6r rol oynayaca\u011f\u0131na\u00a0inan\u0131yoruz\u201d<\/em> dedi.<\/p>\n<p><strong>T\u00dcS\u0130AD Y\u00f6netim Kurulu \u00dcyesi, Enerji, \u00c7evre ve \u0130klim De\u011fi\u015fikli\u011fi Yuvarlak Masa Ba\u015fkan\u0131 Cevdet Alemdar <\/strong>ise konu\u015fmas\u0131nda \u015fu g\u00f6r\u00fc\u015flere yer verdi: <em>&#8220;Orman ve yutak alan ekosistemleri herhangi bir altyap\u0131 istemeyen, b\u00fcy\u00fck i\u015fletme masraflar\u0131 olmayan hizmetler sunuyorlar. Bu hizmetlerle beraber iklim krizinin y\u0131k\u0131c\u0131 etkilerini azaltmak m\u00fcmk\u00fcn. T\u00dcS\u0130AD olarak Do\u011fa Koruma Merkezi ile rapor \u00e7al\u0131\u015fmam\u0131z dahil olmak \u00fczere, bu konuda at\u0131lan ad\u0131mlar\u0131 destekliyoruz.&#8221;<\/em><\/p>\n<p>A\u00e7\u0131l\u0131\u015f\u0131n ard\u0131ndan rapor sunumunu<strong> Do\u011fa Koruma Merkezi Y\u00f6netim Kurulu Ba\u015fkan\u0131<\/strong> <strong>Dr. U\u011fur Zeydanl\u0131 <\/strong>yapt\u0131. Rapor bulgular\u0131n\u0131n payla\u015f\u0131lmas\u0131n\u0131n ard\u0131ndan program, rapora katk\u0131 sa\u011flayan bilim insanlar\u0131 <em>Prof. Dr. Murat T\u00fcrke\u015f, Prof. Dr. Do\u011fanay Tolunay, Do\u00e7. Dr. O\u011fuz Kurdo\u011flu, Prof. Dr. Can Bilgin, Do\u00e7. Dr. Cihan Erd\u00f6nmez ve Dr. P\u0131nar Pamuk\u00e7u Albers&#8217;in<\/em> konu\u015fmac\u0131 olarak kat\u0131ld\u0131klar\u0131 <strong>\u0130klim Krizine Yutak Alan ve Orman Ekosistemi Perspektifinden Bak\u0131\u015f <\/strong>paneli ile devam etti.<\/p>\n<p>Toplant\u0131n\u0131n kapan\u0131\u015f paneli ise <strong>\u0130klim Krizi ile M\u00fccadele Politikalar\u0131nda Yutak Alan ve Orman Ekosistemlerinin Rol\u00fc<\/strong> ba\u015fl\u0131\u011f\u0131 alt\u0131nda <strong>T\u00dcS\u0130AD<\/strong> ve<strong> kamu temsilcilerinin kat\u0131l\u0131m\u0131<\/strong> ile ger\u00e7ekle\u015fti. Bu b\u00f6l\u00fcmde, <strong>T\u00dcS\u0130AD Ormanlar ve Yutak Alanlar\u0131n Korunmas\u0131 Alt \u00c7al\u0131\u015fma Grubu Ba\u015fkan\u0131 Tamer Soylu, Tar\u0131m ve Orman Bakanl\u0131\u011f\u0131 Orman Genel M\u00fcd\u00fcrl\u00fc\u011f\u00fc Ekosistem Hizmetleri Daire Ba\u015fkan\u0131 \u00d6zg\u00fcr Balc\u0131<\/strong> <strong>ve \u00c7evre<\/strong>,<strong> \u015eehircilik ve \u0130klim De\u011fi\u015fikli\u011fi Bakanl\u0131\u011f\u0131 \u0130klim De\u011fi\u015fikli\u011fi Ba\u015fkan Yard\u0131mc\u0131s\u0131 Dr. Tu\u011fba Din\u00e7ba\u015f<\/strong> konu\u015fmac\u0131 olarak yer ald\u0131.<\/p>","protected":false},"excerpt":{"rendered":"<p>Sorry, this entry is only available in Turkish. For the sake of viewer convenience, the content is shown below in the alternative language. You may click the link to switch the active language. T\u00dcS\u0130AD taraf\u0131ndan Do\u011fa Koruma Merkezi&#8217;nin i\u00e7erik payda\u015fl\u0131\u011f\u0131nda haz\u0131rlanan \u201cT\u00fcrkiye&#8217;de \u0130klim Krizi ile M\u00fccadelede Orman Ekosistemleri ve Yutak Alan Y\u00f6netimi\u201d Raporu, D\u00fcnya Biyo\u00e7e\u015fitlilik [&hellip;]<\/p>\n","protected":false},"author":1,"featured_media":175191,"comment_status":"open","ping_status":"open","sticky":false,"template":"","format":"standard","meta":[],"categories":[53],"tags":[102102,51137,53412,109455,109453,109454],"views":37,"_links":{"self":[{"href":"https:\/\/www.enerjigazetesi.ist\/en\/wp-json\/wp\/v2\/posts\/175188"}],"collection":[{"href":"https:\/\/www.enerjigazetesi.ist\/en\/wp-json\/wp\/v2\/posts"}],"about":[{"href":"https:\/\/www.enerjigazetesi.ist\/en\/wp-json\/wp\/v2\/types\/post"}],"author":[{"embeddable":true,"href":"https:\/\/www.enerjigazetesi.ist\/en\/wp-json\/wp\/v2\/users\/1"}],"replies":[{"embeddable":true,"href":"https:\/\/www.enerjigazetesi.ist\/en\/wp-json\/wp\/v2\/comments?post=175188"}],"version-history":[{"count":0,"href":"https:\/\/www.enerjigazetesi.ist\/en\/wp-json\/wp\/v2\/posts\/175188\/revisions"}],"wp:featuredmedia":[{"embeddable":true,"href":"https:\/\/www.enerjigazetesi.ist\/en\/wp-json\/wp\/v2\/media\/175191"}],"wp:attachment":[{"href":"https:\/\/www.enerjigazetesi.ist\/en\/wp-json\/wp\/v2\/media?parent=175188"}],"wp:term":[{"taxonomy":"category","embeddable":true,"href":"https:\/\/www.enerjigazetesi.ist\/en\/wp-json\/wp\/v2\/categories?post=175188"},{"taxonomy":"post_tag","embeddable":true,"href":"https:\/\/www.enerjigazetesi.ist\/en\/wp-json\/wp\/v2\/tags?post=175188"}],"curies":[{"name":"wp","href":"https:\/\/api.w.org\/{rel}","templated":true}]}}