{"id":175179,"date":"2023-05-23T09:45:20","date_gmt":"2023-05-23T06:45:20","guid":{"rendered":"https:\/\/www.enerjigazetesi.ist\/?p=175179"},"modified":"2023-05-23T09:46:51","modified_gmt":"2023-05-23T06:46:51","slug":"bekonun-100uncu-kadin-bayisinin-acilisi-gerceklesti","status":"publish","type":"post","link":"https:\/\/www.enerjigazetesi.ist\/en\/bekonun-100uncu-kadin-bayisinin-acilisi-gerceklesti\/","title":{"rendered":"(Turkish) &#8217;Beko&#8217;nun 100\u2019\u00fcnc\u00fc Kad\u0131n Bayisinin A\u00e7\u0131l\u0131\u015f\u0131 Ger\u00e7ekle\u015fti"},"content":{"rendered":"<p class=\"qtranxs-available-languages-message qtranxs-available-languages-message-en\">Sorry, this entry is only available in <a href=\"https:\/\/www.enerjigazetesi.ist\/tr\/wp-json\/wp\/v2\/posts\/175179\" class=\"qtranxs-available-language-link qtranxs-available-language-link-tr\" title=\"Turkish\">Turkish<\/a>. For the sake of viewer convenience, the content is shown below in the alternative language. You may click the link to switch the active language.<\/p><p><\/p>\n<h2><strong>Sa\u011fl\u0131kl\u0131 bir toplum i\u00e7in f\u0131rsat e\u015fitli\u011fi ilkesiyle \u00e7al\u0131\u015fan Beko\u2019nun kad\u0131nlar\u0131n ekonomik varl\u0131\u011f\u0131n\u0131n g\u00fc\u00e7lendirilmesi ve istihdam\u0131n art\u0131r\u0131lmas\u0131 i\u00e7in 2019 y\u0131l\u0131ndan beri s\u00fcrd\u00fcrd\u00fc\u011f\u00fc 100 Kad\u0131n Bayi Projesi\u2019nde belirlenen ilk hedef ba\u015far\u0131larak bayi kad\u0131n say\u0131s\u0131 100\u2019e ula\u015ft\u0131.<\/strong><\/h2>\n<p style=\"text-align: center;\"><img loading=\"lazy\" class=\"aligncenter wp-image-175181\" src=\"https:\/\/www.enerjigazetesi.ist\/wp-content\/uploads\/2023\/05\/bekonun-100uncu-kadin-bayisinin-acilisi-gerceklesti.jpg\" alt=\"\" width=\"500\" height=\"289\" srcset=\"https:\/\/www.enerjigazetesi.ist\/wp-content\/uploads\/2023\/05\/bekonun-100uncu-kadin-bayisinin-acilisi-gerceklesti.jpg 550w, https:\/\/www.enerjigazetesi.ist\/wp-content\/uploads\/2023\/05\/bekonun-100uncu-kadin-bayisinin-acilisi-gerceklesti-300x173.jpg 300w, https:\/\/www.enerjigazetesi.ist\/wp-content\/uploads\/2023\/05\/bekonun-100uncu-kadin-bayisinin-acilisi-gerceklesti-500x289.jpg 500w, https:\/\/www.enerjigazetesi.ist\/wp-content\/uploads\/2023\/05\/bekonun-100uncu-kadin-bayisinin-acilisi-gerceklesti-80x46.jpg 80w\" sizes=\"(max-width: 500px) 100vw, 500px\" \/><\/p>\n<p>Beko\u2019nun 100\u2019\u00fcnc\u00fc kad\u0131n bayisi olan<strong> Aydan Akan\u2019\u0131n<\/strong> sahibi oldu\u011fu <strong>Akan Ticaret<\/strong>\u2019in a\u00e7\u0131l\u0131\u015f\u0131 <em>Ko\u00e7 Holding \u015eeref Ba\u015fkan\u0131 Rahmi M. Ko\u00e7, Ko\u00e7 Holding Y\u00f6netim Kurulu \u00dcyesi Semahat Arsel, Ko\u00e7 Holding Dayan\u0131kl\u0131 T\u00fcketim Grubu Ba\u015fkan\u0131 Fatih Kemal Ebi\u00e7lio\u011flu, Ko\u00e7 Holding Kurumsal \u0130leti\u015fim ve D\u0131\u015f \u0130li\u015fkiler Direkt\u00f6r\u00fc Bur\u00e7in Girit, Ar\u00e7elik T\u00fcrkiye Genel M\u00fcd\u00fcr\u00fc Can Din\u00e7er ve Beko T\u00fcrkiye Sat\u0131\u015f Direkt\u00f6r\u00fc Burak Bilgisel\u2019in<\/em> kat\u0131l\u0131m\u0131yla ger\u00e7ekle\u015fti.<\/p>\n<p><strong>Ko\u00e7 Holding Dayan\u0131kl\u0131 T\u00fcketim Grubu Ba\u015fkan\u0131 Fatih Kemal Ebi\u00e7lio\u011flu<\/strong> <em>\u201cKo\u00e7 Toplulu\u011fu olarak toplumsal cinsiyet e\u015fitli\u011finin; bayilerimiz, servislerimiz, tedarik\u00e7ilerimiz de dahil olmak \u00fczere t\u00fcm payda\u015flar\u0131m\u0131z\u0131 kapsayacak \u015fekilde sa\u011flanmas\u0131n\u0131 ama\u00e7l\u0131yoruz. 2019 y\u0131l\u0131nda<strong> \u201cBeko 100 Kad\u0131n Bayi\u201d projesini<\/strong> ba\u015flatt\u0131\u011f\u0131m\u0131zda<strong> %1\u2019i<\/strong> bile bulmayan bayi kad\u0131nlar\u0131n oran\u0131n\u0131<strong> %10\u2019a<\/strong> y\u00fckselttik. 2022\u2019de <strong>Birle\u015fmi\u015f Milletler Kad\u0131n Birimi&#8217;nin (UN Women) Nesiller Boyu E\u015fitlik Forumu Action Coalition taahh\u00fctleri<\/strong> kapsam\u0131nda belirledi\u011fimiz hedefle 2026 y\u0131l\u0131na kadar Beko Kad\u0131n Bayi oran\u0131n\u0131 <strong>%25\u2019e<\/strong> \u00e7\u0131karmay\u0131 ama\u00e7l\u0131yoruz. <strong>Beko 100 Kad\u0131n Bayi Projesi<\/strong> \u00f6nc\u00fcl\u00fc\u011f\u00fcnde bug\u00fcn <strong>100. bayisine<\/strong> ula\u015fan Beko\u2019yu ve bu yolculukta bize e\u015flik eden <strong>t\u00fcm kad\u0131n bayilerimizi<\/strong> kutluyor, ba\u015far\u0131lar\u0131n\u0131n devam\u0131n\u0131 diliyorum\u201d<\/em> dedi.<\/p>\n<p>Avrupa\u2019n\u0131n \u00f6nde gelen ev teknolojileri markalar\u0131ndan Beko, 100 Kad\u0131n Bayi Projesi kapsam\u0131nda <strong>110\u2019uncu<\/strong> ma\u011fazas\u0131n\u0131<strong> \u0130stanbul\u2019da<\/strong> a\u00e7t\u0131. Aydan Akan\u2019\u0131n sahibi oldu\u011fu Akan Ticaret\u2019e ait ma\u011fazan\u0131n a\u00e7\u0131l\u0131\u015f t\u00f6reni <em>Ko\u00e7 Holding \u015eeref Ba\u015fkan\u0131 Rahmi M. Ko\u00e7, Ko\u00e7 Holding Y\u00f6netim Kurulu \u00dcyesi Semahat Arsel, Ko\u00e7 Holding Dayan\u0131kl\u0131 T\u00fcketim Grubu Ba\u015fkan\u0131 Fatih Kemal Ebi\u00e7lio\u011flu, Ko\u00e7 Holding Kurumsal \u0130leti\u015fim ve D\u0131\u015f \u0130li\u015fkiler Direkt\u00f6r\u00fc Bur\u00e7in Girit, Ar\u00e7elik T\u00fcrkiye Genel M\u00fcd\u00fcr\u00fc Can Din\u00e7er, Beko T\u00fcrkiye Sat\u0131\u015f Direkt\u00f6r\u00fc Burak Bilgisel ile Ar\u00e7elik ve Beko \u00fcst y\u00f6netiminin kat\u0131l\u0131m\u0131yla<\/em> ger\u00e7ekle\u015fti.<\/p>\n<p><strong>Ko\u00e7 Holding Dayan\u0131kl\u0131 T\u00fcketim Grubu Ba\u015fkan\u0131 Fatih Kemal Ebi\u00e7lio\u011flu<\/strong>, \u015funlar\u0131 s\u00f6yledi: <em>\u201cKo\u00e7 Toplulu\u011fu olarak toplumsal cinsiyet e\u015fitli\u011finin; bayilerimiz, servislerimiz, tedarik\u00e7ilerimiz de dahil olmak \u00fczere t\u00fcm payda\u015flar\u0131m\u0131z\u0131 kapsayacak \u015fekilde sa\u011flanmas\u0131n\u0131 ama\u00e7l\u0131yoruz. 2019 y\u0131l\u0131nda \u2018Beko 100 Kad\u0131n Bayi\u2019 projesini ba\u015flatt\u0131\u011f\u0131m\u0131zda %1\u2019i bile bulmayan bayi kad\u0131nlar\u0131n oran\u0131n\u0131 %10\u2019a y\u00fckselttik. 2022\u2019de Birle\u015fmi\u015f Milletler Kad\u0131n Birimi&#8217;nin (UN Women) Nesiller Boyu E\u015fitlik Forumu Action Coalition taahh\u00fctleri kapsam\u0131nda belirledi\u011fimiz hedefle 2026 y\u0131l\u0131na kadar Beko Kad\u0131n Bayi oran\u0131n\u0131 %25\u2019e \u00e7\u0131karmay\u0131 ama\u00e7l\u0131yoruz. Beko 100 Kad\u0131n Bayi Projesi \u00f6nc\u00fcl\u00fc\u011f\u00fcnde bug\u00fcn 100. bayisine ula\u015fan Beko\u2019yu ve bu yolculukta bize e\u015flik eden t\u00fcm kad\u0131n bayilerimizi kutluyor, ba\u015far\u0131lar\u0131n\u0131n devam\u0131n\u0131 diliyorum\u201d<\/em> dedi.<\/p>\n<p>\u0130lerleyen d\u00f6nemde <strong>\u201cKad\u0131n\u0131n \u0130\u015fi, G\u00fcc\u00fc\u201d<\/strong> ismi ile devam edecek <strong>Beko 100 Kad\u0131n Bayi projesine<\/strong> <a href=\"https:\/\/www.beko.com.tr\/100kadinbayi\" target=\"_blank\" rel=\"noopener\">https:\/\/www.beko.com.tr\/100kadinbayi<\/a> adresinden ba\u015fvurular al\u0131n\u0131yor. Projeye ba\u015fvuran ve bayilik almak isteyen giri\u015fimci kad\u0131nlara <strong>kira yard\u0131m\u0131, uygun ma\u011faza lokasyonu bulma, dekorasyon, TOKEN finansal teknolojilerinden sa\u011flanan \u00fccretsiz yazarkasa<\/strong> ve<strong> ilave te\u015fhir paket indirimleri<\/strong> sa\u011flan\u0131rken;<strong> giri\u015fimciler, finans, \u00fcr\u00fcn ve sat\u0131\u015f e\u011fitimleri ve mentorluk \u00e7al\u0131\u015fmalar\u0131<\/strong> ile de g\u00fc\u00e7lendiriliyor.<\/p>","protected":false},"excerpt":{"rendered":"<p>Sorry, this entry is only available in Turkish. For the sake of viewer convenience, the content is shown below in the alternative language. You may click the link to switch the active language. Sa\u011fl\u0131kl\u0131 bir toplum i\u00e7in f\u0131rsat e\u015fitli\u011fi ilkesiyle \u00e7al\u0131\u015fan Beko\u2019nun kad\u0131nlar\u0131n ekonomik varl\u0131\u011f\u0131n\u0131n g\u00fc\u00e7lendirilmesi ve istihdam\u0131n art\u0131r\u0131lmas\u0131 i\u00e7in 2019 y\u0131l\u0131ndan beri s\u00fcrd\u00fcrd\u00fc\u011f\u00fc 100 [&hellip;]<\/p>\n","protected":false},"author":1,"featured_media":175181,"comment_status":"open","ping_status":"open","sticky":false,"template":"","format":"standard","meta":[],"categories":[53],"tags":[109451,109450,109448,109449],"views":17,"_links":{"self":[{"href":"https:\/\/www.enerjigazetesi.ist\/en\/wp-json\/wp\/v2\/posts\/175179"}],"collection":[{"href":"https:\/\/www.enerjigazetesi.ist\/en\/wp-json\/wp\/v2\/posts"}],"about":[{"href":"https:\/\/www.enerjigazetesi.ist\/en\/wp-json\/wp\/v2\/types\/post"}],"author":[{"embeddable":true,"href":"https:\/\/www.enerjigazetesi.ist\/en\/wp-json\/wp\/v2\/users\/1"}],"replies":[{"embeddable":true,"href":"https:\/\/www.enerjigazetesi.ist\/en\/wp-json\/wp\/v2\/comments?post=175179"}],"version-history":[{"count":0,"href":"https:\/\/www.enerjigazetesi.ist\/en\/wp-json\/wp\/v2\/posts\/175179\/revisions"}],"wp:featuredmedia":[{"embeddable":true,"href":"https:\/\/www.enerjigazetesi.ist\/en\/wp-json\/wp\/v2\/media\/175181"}],"wp:attachment":[{"href":"https:\/\/www.enerjigazetesi.ist\/en\/wp-json\/wp\/v2\/media?parent=175179"}],"wp:term":[{"taxonomy":"category","embeddable":true,"href":"https:\/\/www.enerjigazetesi.ist\/en\/wp-json\/wp\/v2\/categories?post=175179"},{"taxonomy":"post_tag","embeddable":true,"href":"https:\/\/www.enerjigazetesi.ist\/en\/wp-json\/wp\/v2\/tags?post=175179"}],"curies":[{"name":"wp","href":"https:\/\/api.w.org\/{rel}","templated":true}]}}