{"id":175172,"date":"2023-05-23T09:20:11","date_gmt":"2023-05-23T06:20:11","guid":{"rendered":"https:\/\/www.enerjigazetesi.ist\/?p=175172"},"modified":"2023-05-23T09:21:58","modified_gmt":"2023-05-23T06:21:58","slug":"sedas-seninleyiz-projesinin-ilk-etkinligini-gerceklestirdi","status":"publish","type":"post","link":"https:\/\/www.enerjigazetesi.ist\/en\/sedas-seninleyiz-projesinin-ilk-etkinligini-gerceklestirdi\/","title":{"rendered":"(Turkish) SEDA\u015e, &#8220;Seninleyiz&#8221; Projesinin \u0130lk Etkinli\u011fini Ger\u00e7ekle\u015ftirdi"},"content":{"rendered":"<p class=\"qtranxs-available-languages-message qtranxs-available-languages-message-en\">Sorry, this entry is only available in <a href=\"https:\/\/www.enerjigazetesi.ist\/tr\/wp-json\/wp\/v2\/posts\/175172\" class=\"qtranxs-available-language-link qtranxs-available-language-link-tr\" title=\"Turkish\">Turkish<\/a>. For the sake of viewer convenience, the content is shown below in the alternative language. You may click the link to switch the active language.<\/p><p><\/p>\n<h2><strong>SEDA\u015e, 2018 y\u0131l\u0131ndan beri y\u00fcr\u00fctt\u00fc\u011f\u00fc ve toplumsal cinsiyet e\u015fitli\u011fine dikkat \u00e7eken F\u0131rsat E\u015fitli\u011fi projesinin \u00e7al\u0131\u015fmalar\u0131na devam ediyor.<img loading=\"lazy\" class=\"alignright wp-image-175176\" src=\"https:\/\/www.enerjigazetesi.ist\/wp-content\/uploads\/2023\/05\/sedas-seninleyiz-projesinin-ilk-etkinligini-gerceklestirdi-2.jpg\" alt=\"\" width=\"320\" height=\"240\" srcset=\"https:\/\/www.enerjigazetesi.ist\/wp-content\/uploads\/2023\/05\/sedas-seninleyiz-projesinin-ilk-etkinligini-gerceklestirdi-2.jpg 550w, https:\/\/www.enerjigazetesi.ist\/wp-content\/uploads\/2023\/05\/sedas-seninleyiz-projesinin-ilk-etkinligini-gerceklestirdi-2-300x225.jpg 300w, https:\/\/www.enerjigazetesi.ist\/wp-content\/uploads\/2023\/05\/sedas-seninleyiz-projesinin-ilk-etkinligini-gerceklestirdi-2-500x375.jpg 500w, https:\/\/www.enerjigazetesi.ist\/wp-content\/uploads\/2023\/05\/sedas-seninleyiz-projesinin-ilk-etkinligini-gerceklestirdi-2-67x50.jpg 67w\" sizes=\"(max-width: 320px) 100vw, 320px\" \/><\/strong><\/h2>\n<p>SEDA\u015e \u00e7al\u0131\u015fanlar\u0131n\u0131n k\u0131z \u00e7ocuklar\u0131n\u0131n sportif ba\u015far\u0131lar\u0131n\u0131n desteklenmesi ve spor bran\u015flar\u0131nda k\u0131z \u00e7ocuklar\u0131n\u0131n g\u00f6r\u00fcn\u00fcr olmas\u0131 amac\u0131yla ba\u015flatt\u0131\u011f\u0131<strong> \u201cSeninleyiz\u201d projesinin<\/strong> ilk etkinli\u011fini<strong> Sakarya\u2019da<\/strong> d\u00fczenlenen <strong>ulusal spor m\u00fcsabakas\u0131nda<\/strong> ger\u00e7ekle\u015ftirdi.<\/p>\n<p>Serdivan kapal\u0131 spor salonunda ger\u00e7ekle\u015fen <strong>\u201cTA\u0130 CH\u0130 T\u00fcrkiye \u015eampiyonas\u0131\u201dna<\/strong> kat\u0131l\u0131m sa\u011flayan SEDA\u015e \u00e7al\u0131\u015fan\u0131 <strong>Serdar Karaca<\/strong>\u2019n\u0131n <strong>11<\/strong> ve <strong>14 ya\u015flar\u0131ndaki<\/strong> milli sporcu k\u0131zlar\u0131na, SEDA\u015e g\u00f6n\u00fcll\u00fcleri taraf\u0131ndan <strong>manevi<\/strong> ve <strong>taraftar deste\u011fi<\/strong> verildi.<\/p>\n<p><strong>T\u00fcrkiye Wushu Kung Fu Federasyonu<\/strong> taraf\u0131ndan d\u00fczenlenen ve <strong>81<\/strong> ildeki sporcular\u0131n k\u0131yas\u0131ya yar\u0131\u015ft\u0131\u011f\u0131 m\u00fcsabakalarda <strong>SEDA\u015el\u0131 Serdar Karaca\u2019n\u0131n milli sporcu k\u0131zlar\u0131 Ecrin<\/strong> ve <strong>Nisa Karaca&#8217;ya<\/strong> kar\u015f\u0131la\u015fma boyunca manevi destek veren SEDA\u015e g\u00f6n\u00fcll\u00fcleri; <strong>\u201cSpor E\u015fitliktir\u201d, \u201cK\u0131z <img loading=\"lazy\" class=\"alignleft wp-image-175174\" src=\"https:\/\/www.enerjigazetesi.ist\/wp-content\/uploads\/2023\/05\/sedas-seninleyiz-projesinin-ilk-etkinligini-gerceklestirdi-1.jpg\" alt=\"\" width=\"320\" height=\"215\" srcset=\"https:\/\/www.enerjigazetesi.ist\/wp-content\/uploads\/2023\/05\/sedas-seninleyiz-projesinin-ilk-etkinligini-gerceklestirdi-1.jpg 550w, https:\/\/www.enerjigazetesi.ist\/wp-content\/uploads\/2023\/05\/sedas-seninleyiz-projesinin-ilk-etkinligini-gerceklestirdi-1-300x202.jpg 300w, https:\/\/www.enerjigazetesi.ist\/wp-content\/uploads\/2023\/05\/sedas-seninleyiz-projesinin-ilk-etkinligini-gerceklestirdi-1-500x336.jpg 500w, https:\/\/www.enerjigazetesi.ist\/wp-content\/uploads\/2023\/05\/sedas-seninleyiz-projesinin-ilk-etkinligini-gerceklestirdi-1-74x50.jpg 74w\" sizes=\"(max-width: 320px) 100vw, 320px\" \/>\u00e7ocuklar\u0131m\u0131z\u0131n sportif ba\u015far\u0131lar\u0131 ile gurur duyuyor, toplumsal cinsiyet e\u015fitli\u011fini \u00f6nemsiyoruz\u201d<\/strong> ve <strong>\u201cMilli sporcular\u0131m\u0131za ba\u015far\u0131lar dileriz\u201d<\/strong> pankartlar\u0131 ile manevi destek verdiler.<\/p>\n<p>K\u0131z \u00e7ocuklar\u0131n\u0131n spor bran\u015flar\u0131nda daha fazla g\u00f6r\u00fcn\u00fcr olmas\u0131 ve desteklenmesi amac\u0131 ile \u201cSeninleyiz\u201d projesini hayata ge\u00e7irdiklerini belirten SEDA\u015e yetkilileri, ulusal ve uluslararas\u0131 m\u00fcsabakalarda yar\u0131\u015facak olan SEDA\u015e \u00e7al\u0131\u015fanlar\u0131n\u0131n<strong> k\u0131z \u00e7ocuklar\u0131na taraftar deste\u011fi<\/strong> vereceklerinin alt\u0131n\u0131 \u00e7izdi.<\/p>\n<p>Yakla\u015f\u0131k <strong>500 milli sporcunun<\/strong> kat\u0131ld\u0131\u011f\u0131 m\u00fcsabakalarda <strong>Nisa Karaca<\/strong> <strong>\u201cTA\u0130 CH\u0130 T\u00fcrkiye \u015eampiyonas\u0131\u201d<\/strong> Minikler Ta\u0131ch\u0131quan <strong>T\u00fcrkiye 1\u2019incisi<\/strong> ve <strong>Ecrin Karaca Y\u0131ld\u0131zlar Ta\u0131ch\u0131quan T\u00fcrkiye 2\u2019ncisi<\/strong> olarak podyumda yerini ald\u0131. T\u00fcrkiye Wushu Kung Fu Federasyonu Ba\u015fkan\u0131 Abdurrahman Aky\u00fcz, k\u0131z \u00e7ocuklar\u0131n\u0131 \u00f6nemseyen ve hassasiyet g\u00f6steren projeyi hayata ge\u00e7irdikleri i\u00e7in SEDA\u015e yetkililerine te\u015fekk\u00fcr etti.<\/p>","protected":false},"excerpt":{"rendered":"<p>Sorry, this entry is only available in Turkish. For the sake of viewer convenience, the content is shown below in the alternative language. You may click the link to switch the active language. SEDA\u015e, 2018 y\u0131l\u0131ndan beri y\u00fcr\u00fctt\u00fc\u011f\u00fc ve toplumsal cinsiyet e\u015fitli\u011fine dikkat \u00e7eken F\u0131rsat E\u015fitli\u011fi projesinin \u00e7al\u0131\u015fmalar\u0131na devam ediyor. SEDA\u015e \u00e7al\u0131\u015fanlar\u0131n\u0131n k\u0131z \u00e7ocuklar\u0131n\u0131n sportif [&hellip;]<\/p>\n","protected":false},"author":1,"featured_media":175175,"comment_status":"open","ping_status":"open","sticky":false,"template":"","format":"standard","meta":[],"categories":[51,53],"tags":[4546,59490,2444,109447,50858],"views":30,"_links":{"self":[{"href":"https:\/\/www.enerjigazetesi.ist\/en\/wp-json\/wp\/v2\/posts\/175172"}],"collection":[{"href":"https:\/\/www.enerjigazetesi.ist\/en\/wp-json\/wp\/v2\/posts"}],"about":[{"href":"https:\/\/www.enerjigazetesi.ist\/en\/wp-json\/wp\/v2\/types\/post"}],"author":[{"embeddable":true,"href":"https:\/\/www.enerjigazetesi.ist\/en\/wp-json\/wp\/v2\/users\/1"}],"replies":[{"embeddable":true,"href":"https:\/\/www.enerjigazetesi.ist\/en\/wp-json\/wp\/v2\/comments?post=175172"}],"version-history":[{"count":0,"href":"https:\/\/www.enerjigazetesi.ist\/en\/wp-json\/wp\/v2\/posts\/175172\/revisions"}],"wp:featuredmedia":[{"embeddable":true,"href":"https:\/\/www.enerjigazetesi.ist\/en\/wp-json\/wp\/v2\/media\/175175"}],"wp:attachment":[{"href":"https:\/\/www.enerjigazetesi.ist\/en\/wp-json\/wp\/v2\/media?parent=175172"}],"wp:term":[{"taxonomy":"category","embeddable":true,"href":"https:\/\/www.enerjigazetesi.ist\/en\/wp-json\/wp\/v2\/categories?post=175172"},{"taxonomy":"post_tag","embeddable":true,"href":"https:\/\/www.enerjigazetesi.ist\/en\/wp-json\/wp\/v2\/tags?post=175172"}],"curies":[{"name":"wp","href":"https:\/\/api.w.org\/{rel}","templated":true}]}}