{"id":17517,"date":"2013-11-12T16:43:14","date_gmt":"2013-11-12T13:43:14","guid":{"rendered":"https:\/\/www.enerjigazetesi.ist\/?p=17517"},"modified":"2013-11-12T16:44:30","modified_gmt":"2013-11-12T13:44:30","slug":"gunes-enerjisinden-lisanssiz-elektrik-uretimi-egitiminin-kayitlari-basladi","status":"publish","type":"post","link":"https:\/\/www.enerjigazetesi.ist\/en\/gunes-enerjisinden-lisanssiz-elektrik-uretimi-egitiminin-kayitlari-basladi\/","title":{"rendered":"(Turkish) G\u00fcne\u015f Enerjisi&#8217;nden Lisanss\u0131z Elektrik \u00dcretimi E\u011fitimi&#8217;nin Kay\u0131tlar\u0131 Ba\u015flad\u0131!"},"content":{"rendered":"<p class=\"qtranxs-available-languages-message qtranxs-available-languages-message-en\">Sorry, this entry is only available in <a href=\"https:\/\/www.enerjigazetesi.ist\/tr\/wp-json\/wp\/v2\/posts\/17517\" class=\"qtranxs-available-language-link qtranxs-available-language-link-tr\" title=\"Turkish\">Turkish<\/a>. For the sake of viewer convenience, the content is shown below in the alternative language. You may click the link to switch the active language.<\/p><p><strong>Enerji sekt\u00f6r\u00fcn\u00fcn insan kaynaklar\u0131 ve e\u011fitim dan\u0131\u015fmanl\u0131\u011f\u0131 \u015firketi Enerj\u0130K, sekt\u00f6r\u00fcn e\u011fitim ihtiya\u00e7lar\u0131n\u0131 kar\u015f\u0131lamaya devam ediyor. 16 &#8211; 17 Kas\u0131m tarihlerinde Ankara&#8217;da ger\u00e7ekle\u015fecek olan G\u00fcne\u015f Enerjisi&#8217;nden Lisanss\u0131z Elektrik \u00dcretimi E\u011fitimi&#8217;nin kay\u0131tlar\u0131 ba\u015flad\u0131.<\/strong><\/p>\n<p>Enerj\u0130K, bu e\u011fitim yoluyla,<a href=\"https:\/\/www.enerjigazetesi.ist\/wp-content\/uploads\/2013\/11\/gunes-enerjisinden-lisanssiz-elektrik-uretimi-egitiminin-kayitlari-basladi.jpg\"><img loading=\"lazy\" class=\"alignleft size-medium wp-image-17518\" title=\"gunes-enerjisinden-lisanssiz-elektrik-uretimi-egitiminin-kayitlari-basladi\" src=\"https:\/\/www.enerjigazetesi.ist\/wp-content\/uploads\/2013\/11\/gunes-enerjisinden-lisanssiz-elektrik-uretimi-egitiminin-kayitlari-basladi-300x176.jpg\" alt=\"\" width=\"300\" height=\"176\" srcset=\"https:\/\/www.enerjigazetesi.ist\/wp-content\/uploads\/2013\/11\/gunes-enerjisinden-lisanssiz-elektrik-uretimi-egitiminin-kayitlari-basladi-300x176.jpg 300w, https:\/\/www.enerjigazetesi.ist\/wp-content\/uploads\/2013\/11\/gunes-enerjisinden-lisanssiz-elektrik-uretimi-egitiminin-kayitlari-basladi-80x47.jpg 80w, https:\/\/www.enerjigazetesi.ist\/wp-content\/uploads\/2013\/11\/gunes-enerjisinden-lisanssiz-elektrik-uretimi-egitiminin-kayitlari-basladi.jpg 424w\" sizes=\"(max-width: 300px) 100vw, 300px\" \/><\/a><\/p>\n<p>\u201cFotovoltaik G\u00fcne\u015f Enerjisi Santralleriyle Lisanss\u0131z Elektrik \u00dcretimi\u201d konusuyla ilgilenen taraflara etkin \u00e7\u00f6z\u00fcmler sunmay\u0131 ama\u00e7lamaktad\u0131r.<\/p>\n<p><strong>G\u00fcne\u015f Enerjisi&#8217;nden Lisanss\u0131z Elektrik \u00dcretimi E\u011fitimi<\/strong><\/p>\n<p><span style=\"text-decoration: underline;\"><strong>16 -17 Kas\u0131m Cumartesi &#8211; Pazar, 09:30 &#8211; 17:30<\/strong><\/span><\/p>\n<p><span style=\"text-decoration: underline;\"><strong>Meyra Palace Hotel &#8211; ANKARA<\/strong><\/span><\/p>\n<p><strong>E\u011e\u0130T\u0130M\u0130N HEDEF\u0130<\/strong><\/p>\n<p>\u2022 Lisanss\u0131z elektrik \u00fcretimi kapsam\u0131nda g\u00fcne\u015f enerjisi santrali kurarak sekt\u00f6rde faaliyet g\u00f6stermek isteyen t\u00fczel ki\u015filere ve \u015fah\u0131slara mevzuat, teknoloji ve uygulamalar konular\u0131nda temel bilgi ve becerilerin kazand\u0131r\u0131lmas\u0131.<\/p>\n<p><strong>HEDEF-K\u0130TLE<\/strong><\/p>\n<p>\u2022 Lisanss\u0131z elektrik \u00fcretimi kapsam\u0131nda g\u00fcne\u015f enerjisinden kendi elektri\u011fini \u00fcretmek isteyen t\u00fczel ki\u015filer ve \u015fah\u0131slar.<br \/>\n\u2022 G\u00fcne\u015f enerjisi santrali uygulamalar\u0131nda \u00e7al\u0131\u015fmak isteyen m\u00fchendis, mimar vb. gibi teknik elemanlar.<\/p>\n<p><strong>E\u011e\u0130T\u0130M\u0130N \u0130\u00c7ER\u0130\u011e\u0130<\/strong><\/p>\n<p>1. Fotovoltaik G\u00fcne\u015f Enerjisi \u0130le \u0130lgili Temel Bilgiler<br \/>\na. Fotovoltaik Etki<br \/>\nb. H\u00fccre Teknolojileri ve \u00c7e\u015fitleri<br \/>\n2. \u015eebeke Ba\u011flant\u0131l\u0131 (on-grid) Fotovoltaik G\u00fcne\u015f Enerjisi Sistemleri<br \/>\n3. D\u00fcnya\u2019da ve T\u00fcrkiye\u2019de Sekt\u00f6r\u00fcn Mevcut Durumu (Te\u015fvikler, Fiyatlar, Kurulu G\u00fc\u00e7ler, Kapasiteler)<br \/>\n4. T\u00fcrkiye\u2019deki Mevzuat<br \/>\na. YEK Kanunu<br \/>\nb. \u0130lgili Y\u00f6netmelikler<br \/>\n5. Fotovoltaik G\u00fcne\u015f Enerjisi Temel Bile\u015fenleri (Panel, Evirici (\u0130nverter), Alt Konstr\u00fcksiyon, Kablo, Konnekt\u00f6r, Ba\u011flant\u0131 Elemanlar\u0131 vb.)<br \/>\n6. \u015eebeke Ba\u011flant\u0131l\u0131 Sistem Bile\u015fenleri ve Temel Hesaplama Y\u00f6ntemleri<br \/>\n7. Montaj ve Hesap Yap\u0131l\u0131rken Dikkat Edilmesi Gereken Hususlar<\/p>\n<p><a href=\"http:\/\/yp.enerjik.com.tr\/images\/347_LE.png\" target=\"_blank\">E\u011fitim Afi\u015fi i\u00e7in t\u0131klay\u0131n!<\/a><\/p>\n<p><strong>B\u0130LG\u0130, AYRINTI ve KAYIT<\/strong><\/p>\n<p>\u2022 <strong>Simay Engin 0536 074 36 46 &#8211; 0312 495 94 82<\/strong> \u2013 <a href=\"mailto:sengin@enerjik.com.tr\">sengin@enerjik.com.tr<\/a><br \/>\n\u2022 <strong>Derya Saka 0530 575 26 99 &#8211; 0212 278 48 40<\/strong> &#8211; <a href=\"mailto:dsaka@enerjik.com.tr\">dsaka@enerjik.com.tr<\/a><\/p>\n<p>\u2022 E\u011fitim \u00fccretine \u00f6\u011fle yeme\u011fi ve molalarda yap\u0131lacak t\u00fcm ikramlar ile t\u00fcm ders notlar\u0131 d\u00e2hildir.<br \/>\n\u2022 E\u011fitime \u00f6n kay\u0131t i\u00e7in E\u011fitim Kay\u0131t Formu\u2019nun eksiksiz ve okunakl\u0131 \u015fekilde doldurularak \u0131slak imzal\u0131 \u015fekilde <a href=\"mailto:sengin@enerjik.com.tr\">sengin@enerjik.com.tr<\/a> \u00a0elektronik posta adresine g\u00f6nderilmesi yeterlidir. Kesin kay\u0131t, e\u011fitim \u00fccretinin <strong>13 Kasim 2013<\/strong> tarihine kadar \u00f6denmesi halinde ger\u00e7ekle\u015ftirilecek ve kesin kay\u0131t ger\u00e7ekle\u015fti\u011finde ilgili ki\u015fiye e-posta g\u00f6nderilerek bilgi verilecektir.<\/p>\n<p>Yay\u0131nc\u0131: <a href=\"https:\/\/www.enerjigazetesi.ist\" target=\"_blank\">Enerji Gazetesi<\/a><\/p>","protected":false},"excerpt":{"rendered":"<p>Sorry, this entry is only available in Turkish. For the sake of viewer convenience, the content is shown below in the alternative language. You may click the link to switch the active language.Enerji sekt\u00f6r\u00fcn\u00fcn insan kaynaklar\u0131 ve e\u011fitim dan\u0131\u015fmanl\u0131\u011f\u0131 \u015firketi Enerj\u0130K, sekt\u00f6r\u00fcn e\u011fitim ihtiya\u00e7lar\u0131n\u0131 kar\u015f\u0131lamaya devam ediyor. 16 &#8211; 17 Kas\u0131m tarihlerinde Ankara&#8217;da ger\u00e7ekle\u015fecek olan [&hellip;]<\/p>\n","protected":false},"author":1,"featured_media":17518,"comment_status":"open","ping_status":"open","sticky":false,"template":"","format":"standard","meta":[],"categories":[53,49,4],"tags":[2674,63,67,1009,165,3226,502,10286,227,13,8722],"views":2259,"_links":{"self":[{"href":"https:\/\/www.enerjigazetesi.ist\/en\/wp-json\/wp\/v2\/posts\/17517"}],"collection":[{"href":"https:\/\/www.enerjigazetesi.ist\/en\/wp-json\/wp\/v2\/posts"}],"about":[{"href":"https:\/\/www.enerjigazetesi.ist\/en\/wp-json\/wp\/v2\/types\/post"}],"author":[{"embeddable":true,"href":"https:\/\/www.enerjigazetesi.ist\/en\/wp-json\/wp\/v2\/users\/1"}],"replies":[{"embeddable":true,"href":"https:\/\/www.enerjigazetesi.ist\/en\/wp-json\/wp\/v2\/comments?post=17517"}],"version-history":[{"count":5,"href":"https:\/\/www.enerjigazetesi.ist\/en\/wp-json\/wp\/v2\/posts\/17517\/revisions"}],"predecessor-version":[{"id":17523,"href":"https:\/\/www.enerjigazetesi.ist\/en\/wp-json\/wp\/v2\/posts\/17517\/revisions\/17523"}],"wp:featuredmedia":[{"embeddable":true,"href":"https:\/\/www.enerjigazetesi.ist\/en\/wp-json\/wp\/v2\/media\/17518"}],"wp:attachment":[{"href":"https:\/\/www.enerjigazetesi.ist\/en\/wp-json\/wp\/v2\/media?parent=17517"}],"wp:term":[{"taxonomy":"category","embeddable":true,"href":"https:\/\/www.enerjigazetesi.ist\/en\/wp-json\/wp\/v2\/categories?post=17517"},{"taxonomy":"post_tag","embeddable":true,"href":"https:\/\/www.enerjigazetesi.ist\/en\/wp-json\/wp\/v2\/tags?post=17517"}],"curies":[{"name":"wp","href":"https:\/\/api.w.org\/{rel}","templated":true}]}}