{"id":175136,"date":"2023-05-22T12:03:04","date_gmt":"2023-05-22T09:03:04","guid":{"rendered":"https:\/\/www.enerjigazetesi.ist\/?p=175136"},"modified":"2023-05-22T12:03:04","modified_gmt":"2023-05-22T09:03:04","slug":"dicle-elektrik-cevreyi-dijital-donusumle-koruyor","status":"publish","type":"post","link":"https:\/\/www.enerjigazetesi.ist\/en\/dicle-elektrik-cevreyi-dijital-donusumle-koruyor\/","title":{"rendered":"(Turkish) &#8217;Dicle Elektrik&#8217; \u00c7evreyi Dijital D\u00f6n\u00fc\u015f\u00fcmle Koruyor"},"content":{"rendered":"<p class=\"qtranxs-available-languages-message qtranxs-available-languages-message-en\">Sorry, this entry is only available in <a href=\"https:\/\/www.enerjigazetesi.ist\/tr\/wp-json\/wp\/v2\/posts\/175136\" class=\"qtranxs-available-language-link qtranxs-available-language-link-tr\" title=\"Turkish\">Turkish<\/a>. For the sake of viewer convenience, the content is shown below in the alternative language. You may click the link to switch the active language.<\/p><p><\/p>\n<h2><strong>Elektrik da\u011f\u0131t\u0131m hizmeti faaliyetleri y\u00fcr\u00fcten Dicle Elektrik, teknolojiyi merkeze alarak \u00e7evresel etkileri g\u00f6zetti\u011fi \u00e7al\u0131\u015fmalar\u0131na yenilerini eklemeye devam ediyor. Son olarak yeni bir s\u00fcrd\u00fcr\u00fclebilir uygulamaya imza atan Dicle Elektrik, \u201cDijital Ar\u015fiv\u201d projesiyle ar\u015fivindeki 30 milyonun \u00fczerindeki bas\u0131l\u0131 evrak\u0131 dijital ar\u015fivine ta\u015f\u0131yor. Yapay zek\u00e2 destekli \u00f6zel taray\u0131c\u0131larla ger\u00e7ekle\u015fen i\u015flemle birlikte bug\u00fcne kadar 3 milyon bas\u0131l\u0131 evrak\u0131 dijital ar\u015five ta\u015f\u0131nmas\u0131n\u0131 sa\u011flad\u0131.<\/strong><\/h2>\n<p>G\u00fcneydo\u011fu Anadolu B\u00f6lgesi\u2019nde 6 ilde elektrik da\u011f\u0131t\u0131m hizmeti sunan Dicle Elektrik, s\u0131f\u0131r at\u0131k prensibiyle yola \u00e7\u0131kt\u0131\u011f\u0131<strong> \u201cDijital Ar\u015fiv\u201d projesini<\/strong> hayata ge\u00e7irdi. Bu kapsamda \u015firket, <strong>30 milyonun \u00fczerindeki bas\u0131l\u0131 evrak\u0131n\u0131 dijital ar\u015fivine ta\u015f\u0131maya<\/strong> ba\u015flad\u0131. Yapay zek\u00e2 destekli \u00f6zel taray\u0131c\u0131larla ger\u00e7ekle\u015fen i\u015flem kapsam\u0131nda, \u015fu ana kadar <strong>3 milyonun \u00fczerinde bas\u0131l\u0131 evrak dijital d\u00f6n\u00fc\u015f\u00fcmle ar\u015fivlendi.<\/strong><\/p>\n<h3><strong>\u201cYapay zekadan yararland\u0131k\u201d<\/strong><\/h3>\n<p>Konuyu de\u011ferlendiren\u00a0<strong>Dicle Elektrik Genel M\u00fcd\u00fcr\u00fc Ya\u015far Arvas,<\/strong>\u00a0 Dicle Elektrik olarak <img loading=\"lazy\" class=\"alignright wp-image-175139\" src=\"https:\/\/www.enerjigazetesi.ist\/wp-content\/uploads\/2023\/05\/dicle-elektrik-cevreyi-dijital-donusumle-koruyor-1.jpg\" alt=\"\" width=\"320\" height=\"251\" srcset=\"https:\/\/www.enerjigazetesi.ist\/wp-content\/uploads\/2023\/05\/dicle-elektrik-cevreyi-dijital-donusumle-koruyor-1.jpg 550w, https:\/\/www.enerjigazetesi.ist\/wp-content\/uploads\/2023\/05\/dicle-elektrik-cevreyi-dijital-donusumle-koruyor-1-300x236.jpg 300w, https:\/\/www.enerjigazetesi.ist\/wp-content\/uploads\/2023\/05\/dicle-elektrik-cevreyi-dijital-donusumle-koruyor-1-500x393.jpg 500w, https:\/\/www.enerjigazetesi.ist\/wp-content\/uploads\/2023\/05\/dicle-elektrik-cevreyi-dijital-donusumle-koruyor-1-64x50.jpg 64w\" sizes=\"(max-width: 320px) 100vw, 320px\" \/>\u00e7al\u0131\u015fmalar\u0131n\u0131 teknolojik geli\u015ftirmelerle desteklediklerini ve Dijital Ar\u015fiv projesinin de bu yakla\u015f\u0131m\u0131n sonucu olarak ortaya \u00e7\u0131kt\u0131\u011f\u0131n\u0131 ifade etti. Arvas, <em>\u201cS\u00fcrd\u00fcr\u00fclebilir bir gelece\u011fe katk\u0131 sunmak i\u00e7in \u00e7al\u0131\u015fmalar\u0131m\u0131zda teknolojiden istifade ediyoruz. Ar\u015fivimizde <strong>bilgi formu, s\u00f6zle\u015fme, makbuz ve \u00e7e\u015fitli ba\u015fvurular\u0131 kapsayan<\/strong> <strong>abonelik hizmeti i\u00e7erikli evraklar\u0131n dijital ortamda saklanmas\u0131na<\/strong> y\u00f6nelik bir dijital d\u00f6n\u00fc\u015f\u00fcm projesine imza att\u0131k. Yer tasarrufunun yan\u0131 s\u0131ra \u00e7evre etkilerini de azaltacak bir uygulamaya olacak projemiz sosyal sorumluluk a\u00e7\u0131s\u0131ndan \u00f6rnek bir \u00e7al\u0131\u015fma olmas\u0131n\u0131 hedefliyoruz. Yasal olarak bas\u0131l\u0131 olmas\u0131 gerekenlerin d\u0131\u015f\u0131nda \u00e7o\u011fu evrak\u0131m\u0131z dijital olarak saklanabilir durumda. Bu y\u0131l ba\u015f\u0131nda hayata ge\u00e7irdi\u011fimiz <strong>Dijital Ar\u015fiv projemizde<\/strong> bug\u00fcne kadar <strong>3 milyon evraklar\u0131m\u0131z\u0131<\/strong> <strong>dijital ortama ta\u015f\u0131d\u0131k<\/strong>.\u00a0Kurumsal d\u00fcnyan\u0131n g\u00fcndemindeki s\u00fcrd\u00fcr\u00fclebilir \u00e7evre ve s\u0131f\u0131r at\u0131k konular\u0131nda ekosisteme katk\u0131 sunmaya devam edece\u011fiz.\u00a0Eme\u011fi ge\u00e7en \u00e7al\u0131\u015fma arkada\u015flar\u0131ma te\u015fekk\u00fcr ediyorum.\u201d<\/em> \u015feklinde konu\u015ftu.<\/p>\n<h3><strong>Dijital d\u00f6n\u00fc\u015f\u00fcm \u00e7evreyi koruyor<\/strong><\/h3>\n<p>\u00c7al\u0131\u015fmalar\u0131nda \u00e7evresel s\u00fcrd\u00fcr\u00fclebilirli\u011fi g\u00f6z \u00f6n\u00fcnde tutarak hareket ettiklerini belirten Arvas, <em>\u201cKurum olarak ham madde kullan\u0131m\u0131, d\u00fc\u015f\u00fck emisyon, at\u0131k y\u00f6netimi ve geri d\u00f6n\u00fc\u015f\u00fcm uygulamalar\u0131na yat\u0131r\u0131m yap\u0131yoruz. Bu projemizle birlikte ise dijitale aktard\u0131\u011f\u0131m\u0131z evraklar\u0131 geri d\u00f6n\u00fc\u015f\u00fcme kazand\u0131raca\u011f\u0131z. Ayr\u0131ca dijital ar\u015five entegre edece\u011fimiz Yeni Nesil Abonelik projemizle hedeflerimizi daha da b\u00fcy\u00fct\u00fcyoruz. \u00d6n\u00fcm\u00fczdeki bir y\u0131l i\u00e7erisinde de bas\u0131l\u0131 evraklar\u0131m\u0131z\u0131 y\u00fczde 90 azaltmay\u0131 ve her y\u0131l y\u00fczlerce a\u011fac\u0131n kesilmesinin \u00f6n\u00fcne ge\u00e7meyi hedefliyoruz.\u201d<\/em> ifadelerini kulland\u0131.<\/p>\n<h3><em>\u00a0<\/em><strong>Teknoloji, operasyonel verimlili\u011fi art\u0131rd\u0131<\/strong><\/h3>\n<p>Dicle Elektrik\u2019in yasal zorunluluk d\u0131\u015f\u0131nda kalan t\u00fcm evraklar\u0131n\u0131 dijitale ta\u015f\u0131makla verimlili\u011fin de y\u00fckseldi\u011fini belirten Ya\u015far Arvas, <em>\u201cTa\u015f\u0131nan t\u00fcm evraklar, uluslararas\u0131 standartlarla korunan veri merkezlerimizde saklan\u0131yor. Ayr\u0131ca projemiz sayesinde manuel olarak yap\u0131lan veri giri\u015fini, yani operasyonel s\u00fcre\u00e7leri k\u0131saltt\u0131k. Bu da verimlili\u011fi beraberinde getirdi\u201d<\/em> ifadelerini kulland\u0131.<\/p>","protected":false},"excerpt":{"rendered":"<p>Sorry, this entry is only available in Turkish. For the sake of viewer convenience, the content is shown below in the alternative language. You may click the link to switch the active language. Elektrik da\u011f\u0131t\u0131m hizmeti faaliyetleri y\u00fcr\u00fcten Dicle Elektrik, teknolojiyi merkeze alarak \u00e7evresel etkileri g\u00f6zetti\u011fi \u00e7al\u0131\u015fmalar\u0131na yenilerini eklemeye devam ediyor. Son olarak yeni bir [&hellip;]<\/p>\n","protected":false},"author":1,"featured_media":175138,"comment_status":"open","ping_status":"open","sticky":false,"template":"","format":"standard","meta":[],"categories":[51,53],"tags":[109282,12240,31910,15016,4546],"views":29,"_links":{"self":[{"href":"https:\/\/www.enerjigazetesi.ist\/en\/wp-json\/wp\/v2\/posts\/175136"}],"collection":[{"href":"https:\/\/www.enerjigazetesi.ist\/en\/wp-json\/wp\/v2\/posts"}],"about":[{"href":"https:\/\/www.enerjigazetesi.ist\/en\/wp-json\/wp\/v2\/types\/post"}],"author":[{"embeddable":true,"href":"https:\/\/www.enerjigazetesi.ist\/en\/wp-json\/wp\/v2\/users\/1"}],"replies":[{"embeddable":true,"href":"https:\/\/www.enerjigazetesi.ist\/en\/wp-json\/wp\/v2\/comments?post=175136"}],"version-history":[{"count":0,"href":"https:\/\/www.enerjigazetesi.ist\/en\/wp-json\/wp\/v2\/posts\/175136\/revisions"}],"wp:featuredmedia":[{"embeddable":true,"href":"https:\/\/www.enerjigazetesi.ist\/en\/wp-json\/wp\/v2\/media\/175138"}],"wp:attachment":[{"href":"https:\/\/www.enerjigazetesi.ist\/en\/wp-json\/wp\/v2\/media?parent=175136"}],"wp:term":[{"taxonomy":"category","embeddable":true,"href":"https:\/\/www.enerjigazetesi.ist\/en\/wp-json\/wp\/v2\/categories?post=175136"},{"taxonomy":"post_tag","embeddable":true,"href":"https:\/\/www.enerjigazetesi.ist\/en\/wp-json\/wp\/v2\/tags?post=175136"}],"curies":[{"name":"wp","href":"https:\/\/api.w.org\/{rel}","templated":true}]}}