{"id":175132,"date":"2023-05-22T11:43:02","date_gmt":"2023-05-22T08:43:02","guid":{"rendered":"https:\/\/www.enerjigazetesi.ist\/?p=175132"},"modified":"2023-05-22T11:44:22","modified_gmt":"2023-05-22T08:44:22","slug":"yakin-gelecekte-surdurulebilirlik-sart-olacak","status":"publish","type":"post","link":"https:\/\/www.enerjigazetesi.ist\/en\/yakin-gelecekte-surdurulebilirlik-sart-olacak\/","title":{"rendered":"(Turkish) Yak\u0131n Gelecekte S\u00fcrd\u00fcr\u00fclebilirlik \u015eart Olacak"},"content":{"rendered":"<p class=\"qtranxs-available-languages-message qtranxs-available-languages-message-en\">Sorry, this entry is only available in <a href=\"https:\/\/www.enerjigazetesi.ist\/tr\/wp-json\/wp\/v2\/posts\/175132\" class=\"qtranxs-available-language-link qtranxs-available-language-link-tr\" title=\"Turkish\">Turkish<\/a>. For the sake of viewer convenience, the content is shown below in the alternative language. You may click the link to switch the active language.<\/p><p><\/p>\n<h2>\u2018S\u00fcrd\u00fcr\u00fclebilir\u2019 tar\u0131m, enerji, turizm gibi bir\u00e7ok alanda kar\u015f\u0131m\u0131za \u00e7\u0131kan bir tan\u0131m. Son 10 y\u0131lda g\u00fcndelik hayata kadar indi, art\u0131k gard\u0131robumuzun veya tatilimizin bile s\u00fcrd\u00fcr\u00fclebilir olmas\u0131n\u0131 konu\u015fuyoruz\u2026 Pek \u00e7ok i\u015fkolunda da s\u00fcrd\u00fcr\u00fclebilirlik uzmanlar\u0131 g\u00f6rev yap\u0131yor. Peki bu uzmanlar\u0131n tam olarak i\u015fleri ne, ne yap\u0131yorlar?<\/h2>\n<p style=\"text-align: center;\"><img loading=\"lazy\" class=\"aligncenter wp-image-175134\" src=\"https:\/\/www.enerjigazetesi.ist\/wp-content\/uploads\/2023\/05\/yakin-gelecekte-surdurulebilirlik-sart-olacak.jpg\" alt=\"\" width=\"500\" height=\"428\" srcset=\"https:\/\/www.enerjigazetesi.ist\/wp-content\/uploads\/2023\/05\/yakin-gelecekte-surdurulebilirlik-sart-olacak.jpg 626w, https:\/\/www.enerjigazetesi.ist\/wp-content\/uploads\/2023\/05\/yakin-gelecekte-surdurulebilirlik-sart-olacak-300x257.jpg 300w, https:\/\/www.enerjigazetesi.ist\/wp-content\/uploads\/2023\/05\/yakin-gelecekte-surdurulebilirlik-sart-olacak-467x400.jpg 467w, https:\/\/www.enerjigazetesi.ist\/wp-content\/uploads\/2023\/05\/yakin-gelecekte-surdurulebilirlik-sart-olacak-58x50.jpg 58w, https:\/\/www.enerjigazetesi.ist\/wp-content\/uploads\/2023\/05\/yakin-gelecekte-surdurulebilirlik-sart-olacak-500x428.jpg 500w\" sizes=\"(max-width: 500px) 100vw, 500px\" \/><\/p>\n<p>Restoranlarda \u015fefler s\u00fcrd\u00fcr\u00fclebilir mutfaklar\u0131yla, <strong>\u2018fast fashion\u2019 (h\u0131zl\u0131 t\u00fcketim tekstil)<\/strong> markalar\u0131 <strong>do\u011faya zarar vermeyen pamuk \u00fcretimiyle<\/strong> rakipleri aras\u0131ndan s\u0131yr\u0131lmaya \u00e7al\u0131\u015f\u0131yor. D\u00fcnyan\u0131n alarm seviyesini s\u00fcrekli y\u00fckseltti\u011fi<strong> \u2018kaynaklar\u0131m\u0131z t\u00fckeniyor\u2019 uyar\u0131lar\u0131<\/strong> art\u0131k t\u00fcm i\u015fkollar\u0131nda ciddiye al\u0131n\u0131yor. Peki, bu talebin ortaya \u00e7\u0131kard\u0131\u011f\u0131 <strong>\u2018s\u00fcrd\u00fcr\u00fclebilirlik uzmanlar\u0131\u2019<\/strong> nerede yeti\u015fiyor ve nas\u0131l \u00e7al\u0131\u015f\u0131yor?<\/p>\n<h3><strong>\u2018Hayat\u0131n her alan\u0131nda&#8230;\u2019<\/strong><\/h3>\n<p>Son d\u00f6nemde insan kaynaklar\u0131 (\u0130K) sitelerinde s\u0131k\u00e7a \u00f6n\u00fcme d\u00fc\u015fen, depo sorumlusundan SPA \u00e7al\u0131\u015fan\u0131na bir\u00e7ok ilanda alt\u0131 \u00e7izilen <strong>\u2018s\u00fcrd\u00fcr\u00fclebilirlik\u2019<\/strong> talebindeki art\u0131\u015f\u0131 uluslararas\u0131 insan kaynaklar\u0131 \u015firketi Odgers Berndtson\u2019\u0131n T\u00fcrkiye kurucu orta\u011f\u0131 Ay\u015fe \u00d6ztuna Bozoklar\u2019a sordum. \u00d6ztuna Bozoklar, <strong>\u00e7evresel, ekonomik ve sosyal s\u00fcrd\u00fcr\u00fclebilirlik ilkelerine dayal\u0131 stratejiler<\/strong> geli\u015ftirilmesinin son y\u0131llarda daha kritik hale geldi\u011fini ve bu alanda giderek artan bir uzman ihtiyac\u0131 oldu\u011funu s\u00f6yl\u00fcyor.<strong> Enerji verimlili\u011fi, karbon ayak izinin azalt\u0131lmas\u0131, at\u0131k y\u00f6netimi, ye\u015fil bina tasar\u0131m\u0131, tedarik zinciri y\u00f6netimi<\/strong> gibi bir\u00e7ok farkl\u0131 konuya uzand\u0131\u011f\u0131 i\u00e7in de <strong>multidisipliner<\/strong> bir alan oldu\u011funun alt\u0131n\u0131 \u00e7iziyor.<\/p>\n<p>Yine bir <strong>uluslararas\u0131 insan kaynaklar\u0131 \u015firketi Egon Zehn-der\u2019in k\u0131demli orta\u011f\u0131 Murat Ye\u015fildere<\/strong>\u2019ye de d\u00fcnyada neler oldu\u011funu soruyorum, <em>\u201cDaha \u00f6nce s\u00fcrd\u00fcr\u00fclebilirlik (sustainability) ba\u015fl\u0131\u011f\u0131 alt\u0131nda ele al\u0131n\u0131p \u00f6zellikle ABD ve Avrupa merkezli \u015firketlerde \u2018s\u00fcrd\u00fcr\u00fclebilirlik ba\u015fkan\u0131\u2019 (Chief Sustainability Officer\/CSO) alt\u0131nda yap\u0131land\u0131r\u0131l\u0131yordu. Son birka\u00e7 y\u0131l i\u00e7inde <strong>\u2018\u00e7evresel, sosyal ve kurumsal y\u00f6neti\u015fim\u2019 (Environmental, Social and Governance\/ESG)<\/strong> ba\u015fl\u0131\u011f\u0131 alt\u0131nda y\u00f6netim kurulu ajandas\u0131na da ta\u015f\u0131nmaya ba\u015flad\u0131\u201d<\/em> diyor. Yani s\u00fcrd\u00fcr\u00fclebilirlik konusu art\u0131k sadece \u00e7evre ve iklimi i\u00e7ermiyor. \u0130\u015f hayat\u0131n\u0131n her alan\u0131na s\u0131z\u0131yor.<\/p>\n<p>Markalar d\u00fcnyaya ayak uydurmak i\u00e7in h\u0131zla bu konuda politikalar belirlerken bu i\u015fi teslim edecek uzman bulmak kolay m\u0131 peki? Ye\u015fildere kavram karma\u015fas\u0131n\u0131n h\u0131zla \u00e7\u00f6z\u00fclmesiyle mesle\u011fin \u00f6n\u00fcn\u00fcn a\u00e7\u0131laca\u011f\u0131n\u0131 d\u00fc\u015f\u00fcn\u00fcyor, ancak \u201cT\u00fcrkiye\u2019de <strong>holistik (b\u00fct\u00fcnc\u00fcl)<\/strong> bakabilen kurumlar\u0131n say\u0131s\u0131 s\u0131n\u0131rl\u0131\u201d diyor.<\/p>\n<p>Ay\u015fe \u00d6ztuna Bozoklar ise kurum i\u00e7indeki mevcut yetenekleri bu konuya kanalize ederek potansiyelleri de\u011ferlendirme yoluna gittiklerini anlat\u0131yor. Bu da s\u00fcrd\u00fcr\u00fclebilirlik bir anlamda&#8230;<\/p>\n<h3><strong>\u2018E\u011fitimi i\u015fte alabilirsiniz\u2019<\/strong><\/h3>\n<p>\u0130ki insan kaynaklar\u0131 uzman\u0131 da bu meslekte kazan\u00e7 aral\u0131\u011f\u0131 belirtmek istemedi. <strong>\u00d6ztuna Bozoklar<\/strong>\u2019a g\u00f6re bu alanda uzmanl\u0131k kazananlar yak\u0131n gelecekte daha de\u011ferli olacak. Kariyer de\u011fi\u015fikli\u011fi yapmak isteyenlere \u00f6nerisi de \u015fu: <em>\u201cS\u00fcrd\u00fcr\u00fclebilirli\u011fi organizasyonlar\u0131nda do\u011fru tan\u0131mlayan uluslararas\u0131 \u015firketleri ya da gruplar\u0131 ara\u015ft\u0131r\u0131n, do\u011fru mesleki e\u011fitimi i\u015fte alabilirsiniz.\u201d<\/em> \u00d6ztuna Bozoklar bu mesle\u011fe y\u00f6nelmek isteyenlereyse \u201c<em><strong>Kurs-E\u011fitim<\/strong><\/em>\u00a0gibi sertifikasyonlar\u0131 takip edin\u201d diyor. Ayr\u0131ca<strong> \u0130T\u00dc, Sabanc\u0131, Bo\u011fazi\u00e7i, ODT\u00dc,\u00a0Ko\u00e7, Ege<\/strong> gibi <strong>\u00fcniversitelerde s\u00fcrd\u00fcr\u00fclebilir enerji sistemleri m\u00fchendisli\u011fi b\u00f6l\u00fcmleri<\/strong> ya da <strong>s\u00fcrd\u00fcr\u00fclebilir kalk\u0131nma y\u00fcksek lisans programlar\u0131<\/strong> mevcut.<\/p>\n<p>Ye\u015fildere ESG konusunun birka\u00e7 y\u0131l i\u00e7inde T\u00fcrkiye\u2019nin d\u0131\u015f ticaret ve i\u015fbirli\u011fi imk\u00e2nlar\u0131n\u0131 etkileme potansiyeline sahip olaca\u011f\u0131ndan s\u00fcrd\u00fcr\u00fclebilirlik uzman\u0131 bulundurma konusunda belirli zorunluluklar\u0131n getirilece\u011fi g\u00f6r\u00fc\u015f\u00fcnde: <em>\u201cKonunun mesleki e\u011fitimden ziyade, b\u00fct\u00fcnc\u00fcl bir m\u00fcfredat de\u011fi\u015fikli\u011fiyle \u00e7\u00f6z\u00fclebilece\u011fine inan\u0131yorum.\u201d<\/em><\/p>\n<h3><strong>\u2018\u00c7evresel, ekonomik\u00a0<\/strong><strong>ve sosyal boyutlar\u0131 var\u2019 <\/strong><strong>Dr. Murtaza Ata, Kalyon Enerji Y\u00f6netim Kurulu \u00fcyesi ve CEO\u2019su<\/strong><\/h3>\n<p>S\u00fcrd\u00fcr\u00fclebilirlik b\u00fcy\u00fck a\u00e7\u0131dan bakt\u0131\u011f\u0131m\u0131zda, temiz teknoloji ve enerji kaynaklar\u0131yla \u00fcretilen \u00fcr\u00fcnlerin, ya\u015fam d\u00f6ng\u00fcs\u00fcndeki de\u011ferini yitirdikten sonra ba\u015fka bir sekt\u00f6rde de\u011ferlendirilebilirken; \u00e7evreye, insan sa\u011fl\u0131\u011f\u0131na olumsuz etki b\u0131rakmadan, ekonomik de\u011fer olu\u015fturmas\u0131 ve sosyal kalk\u0131nma i\u00e7in tetikleyici olmas\u0131d\u0131r.<\/p>\n<p>\u00dclkemiz y\u0131ll\u0131k enerji ihtiyac\u0131n\u0131n ortalama neredeyse<strong> y\u00fczde 40<\/strong>\u2019\u0131n\u0131 <strong>yenilenebilir enerji kaynaklar\u0131ndan<\/strong> temin ediyor, bu oran d\u00fcnya genelinde <strong>y\u00fczde 15<\/strong> d\u00fczeyinde. <strong>G\u00fcne\u015f ve r\u00fczg\u00e2r, net s\u0131f\u0131r ba\u011flam\u0131nda y\u00fczde 100 s\u00fcrd\u00fcr\u00fclebilir enerji kaynaklar\u0131.<\/strong><\/p>\n<h3>\u2018Hi\u00e7bir sekt\u00f6r yok ki at\u0131k\u00a0<strong>\u00fcretmesin, su t\u00fcketmesin!\u2019 <\/strong><strong><a class=\"inline-keyword\" href=\"https:\/\/www.hurriyet.com.tr\/haberleri\/ferdi-akarsu\" target=\"_blank\" rel=\"noopener\">Ferdi Akarsu<\/a>, s\u00fcrd\u00fcr\u00fclebilirlik uzman\u0131<\/strong><\/h3>\n<p>Uzman biyolog olarak <strong>biyolojik \u00e7e\u015fitlilik, alan koruma ve planlama<\/strong> gibi konularda \u00e7al\u0131\u015f\u0131yordum.<\/p>\n<p>2000-2010 aras\u0131 ekoturizme ilginin artmas\u0131 sebebiyle, s\u00fcrd\u00fcr\u00fclebilirlik kariyerim<strong> s\u00fcrd\u00fcr\u00fclebilir turizmle<\/strong> ba\u015flam\u0131\u015f oldu. Sonras\u0131nda sekt\u00f6rlere <strong>ekolojik \u00e7\u00f6z\u00fcmler<\/strong> sunan bir \u015firketin kurucular\u0131ndan oldum.<\/p>\n<p>Son 10 y\u0131lda Avrupa Birli\u011fi Ye\u015fil Mutabakat\u2019\u0131n etkisi ve \u00f6zel sekt\u00f6r\u00fcn s\u00fcrece girmesiyle s\u00fcrd\u00fcr\u00fclebilirlik uzmanl\u0131\u011f\u0131 artt\u0131. Zira hi\u00e7bir sekt\u00f6r yok ki <strong>at\u0131k \u00fcretmesin, su t\u00fcketmesin, do\u011fal kaynak kullanmas\u0131n, enerji sarfiyat\u0131 olmas\u0131n.<\/strong><\/p>\n<p>T\u00fcrkiye\u2019de s\u00fcrd\u00fcr\u00fclebilirlik uzmanl\u0131\u011f\u0131na y\u00f6nelik meslek standartlar\u0131 <strong>24.01.2022<\/strong> tarihli <strong>Resm\u00ee Gazete\u2019de<\/strong> yay\u0131mland\u0131. Ancak bu alan \u00f6n\u00fcm\u00fczdeki zamanlarda daha \u00e7ok d\u00fczenleme ve de\u011fi\u015fikli\u011fe gebe.<\/p>\n<p>Kaynak: <a href=\"https:\/\/www.hurriyet.com.tr\/kelebek\/hurriyet-pazar\/yakin-gelecekte-surdurulebilirlik-sart-olacak-42270593\" target=\"_blank\" rel=\"noopener\">H\u00fcrriyet<\/a><\/p>","protected":false},"excerpt":{"rendered":"<p>Sorry, this entry is only available in Turkish. For the sake of viewer convenience, the content is shown below in the alternative language. You may click the link to switch the active language. \u2018S\u00fcrd\u00fcr\u00fclebilir\u2019 tar\u0131m, enerji, turizm gibi bir\u00e7ok alanda kar\u015f\u0131m\u0131za \u00e7\u0131kan bir tan\u0131m. Son 10 y\u0131lda g\u00fcndelik hayata kadar indi, art\u0131k gard\u0131robumuzun veya tatilimizin [&hellip;]<\/p>\n","protected":false},"author":1,"featured_media":175134,"comment_status":"open","ping_status":"open","sticky":false,"template":"","format":"standard","meta":[],"categories":[53],"tags":[109440,1296],"views":48,"_links":{"self":[{"href":"https:\/\/www.enerjigazetesi.ist\/en\/wp-json\/wp\/v2\/posts\/175132"}],"collection":[{"href":"https:\/\/www.enerjigazetesi.ist\/en\/wp-json\/wp\/v2\/posts"}],"about":[{"href":"https:\/\/www.enerjigazetesi.ist\/en\/wp-json\/wp\/v2\/types\/post"}],"author":[{"embeddable":true,"href":"https:\/\/www.enerjigazetesi.ist\/en\/wp-json\/wp\/v2\/users\/1"}],"replies":[{"embeddable":true,"href":"https:\/\/www.enerjigazetesi.ist\/en\/wp-json\/wp\/v2\/comments?post=175132"}],"version-history":[{"count":0,"href":"https:\/\/www.enerjigazetesi.ist\/en\/wp-json\/wp\/v2\/posts\/175132\/revisions"}],"wp:featuredmedia":[{"embeddable":true,"href":"https:\/\/www.enerjigazetesi.ist\/en\/wp-json\/wp\/v2\/media\/175134"}],"wp:attachment":[{"href":"https:\/\/www.enerjigazetesi.ist\/en\/wp-json\/wp\/v2\/media?parent=175132"}],"wp:term":[{"taxonomy":"category","embeddable":true,"href":"https:\/\/www.enerjigazetesi.ist\/en\/wp-json\/wp\/v2\/categories?post=175132"},{"taxonomy":"post_tag","embeddable":true,"href":"https:\/\/www.enerjigazetesi.ist\/en\/wp-json\/wp\/v2\/tags?post=175132"}],"curies":[{"name":"wp","href":"https:\/\/api.w.org\/{rel}","templated":true}]}}