{"id":175112,"date":"2023-05-22T10:37:42","date_gmt":"2023-05-22T07:37:42","guid":{"rendered":"https:\/\/www.enerjigazetesi.ist\/?p=175112"},"modified":"2023-05-22T10:38:08","modified_gmt":"2023-05-22T07:38:08","slug":"yenilenebilir-enerji-zorunlulugu-1-ocakta-basliyor","status":"publish","type":"post","link":"https:\/\/www.enerjigazetesi.ist\/en\/yenilenebilir-enerji-zorunlulugu-1-ocakta-basliyor\/","title":{"rendered":"(Turkish) Yenilenebilir Enerji Zorunlulu\u011fu 1 Ocak&#8217;ta Ba\u015fl\u0131yor"},"content":{"rendered":"<p class=\"qtranxs-available-languages-message qtranxs-available-languages-message-en\">Sorry, this entry is only available in <a href=\"https:\/\/www.enerjigazetesi.ist\/tr\/wp-json\/wp\/v2\/posts\/175112\" class=\"qtranxs-available-language-link qtranxs-available-language-link-tr\" title=\"Turkish\">Turkish<\/a>. For the sake of viewer convenience, the content is shown below in the alternative language. You may click the link to switch the active language.<\/p><p><\/p>\n<h2 class=\"text-2222 mb-0 my-2 py-2 font-weight-normal\">\u00c7evre, \u015eehircilik ve \u0130klim De\u011fi\u015fikli\u011fi Bakanl\u0131\u011f\u0131nca, 1 Ocak&#8217;tan itibaren 5 bin metrekareden b\u00fcy\u00fck binalarda yenilenebilir enerji zorunlulu\u011fu getiren d\u00fczenleme kapsam\u0131nda 1400 bina, &#8220;Neredeyse S\u0131f\u0131r Enerjili Binalar&#8221; (nSEB) konseptine ge\u00e7i\u015f yapt\u0131.<\/h2>\n<p>Y\u00f6netmelik de\u011fi\u015fikli\u011fiyle normal binalara g\u00f6re <strong>enerji verimlili\u011fi daha fazla olan<\/strong> ve kulland\u0131\u011f\u0131 enerjinin belirli bir k\u0131sm\u0131n\u0131 <strong>yenilenebilir enerji kaynaklar\u0131ndan<\/strong> temin eden <strong>nSEB konseptine ge\u00e7i\u015f<\/strong>, a\u015famal\u0131 olarak <strong>1 Ocak&#8217;ta<\/strong> zorunlu hale getirildi.<strong><img loading=\"lazy\" class=\"alignright wp-image-175115\" src=\"https:\/\/www.enerjigazetesi.ist\/wp-content\/uploads\/2023\/05\/yenilenebilir-enerji-zorunlulugu-1-ocakta-basliyor.jpg\" alt=\"\" width=\"320\" height=\"212\" srcset=\"https:\/\/www.enerjigazetesi.ist\/wp-content\/uploads\/2023\/05\/yenilenebilir-enerji-zorunlulugu-1-ocakta-basliyor.jpg 550w, https:\/\/www.enerjigazetesi.ist\/wp-content\/uploads\/2023\/05\/yenilenebilir-enerji-zorunlulugu-1-ocakta-basliyor-300x199.jpg 300w, https:\/\/www.enerjigazetesi.ist\/wp-content\/uploads\/2023\/05\/yenilenebilir-enerji-zorunlulugu-1-ocakta-basliyor-500x332.jpg 500w, https:\/\/www.enerjigazetesi.ist\/wp-content\/uploads\/2023\/05\/yenilenebilir-enerji-zorunlulugu-1-ocakta-basliyor-75x50.jpg 75w, https:\/\/www.enerjigazetesi.ist\/wp-content\/uploads\/2023\/05\/yenilenebilir-enerji-zorunlulugu-1-ocakta-basliyor-450x300.jpg 450w\" sizes=\"(max-width: 320px) 100vw, 320px\" \/><\/strong><\/p>\n<p>B\u00f6ylece, 1 Ocak&#8217;tan itibaren, bir parseldeki toplam in\u015faat alan\u0131 5 bin metrekareden b\u00fcy\u00fck olan t\u00fcm binalar, enerji performans s\u0131n\u0131f\u0131 en az<strong> &#8220;B&#8221;<\/strong> olacak \u015fekilde in\u015fa edilecek ve bu binalar\u0131n, kulland\u0131\u011f\u0131 enerjinin en az<strong> y\u00fczde 5&#8217;ini<\/strong> <strong>g\u00fcne\u015f paneli, r\u00fczgar enerjisi, \u0131s\u0131 pompas\u0131<\/strong> gibi yenilenebilir enerji kaynaklar\u0131ndan kar\u015f\u0131layacak.<\/p>\n<p>Bu kapsamda, bug\u00fcne kadar<strong> 5 bin metrekareden<\/strong> b\u00fcy\u00fck <strong>1400 bina nSEB \u015fartlar\u0131na uygun projelendirilerek ruhsat<\/strong> ald\u0131.<\/p>\n<p>Bu binalar, normal bir binaya g\u00f6re yakla\u015f\u0131k <strong>y\u00fczde 25 enerji verimli<\/strong> olarak tasarland\u0131. \u0130n\u015faat\u0131 devam eden bu binalar\u0131n <strong>nSEB ko\u015fullar\u0131nda projelendirilmesiyle<\/strong> bina tamamland\u0131\u011f\u0131nda y\u0131ll\u0131k<strong> 24 gigawatt saati<\/strong> bulan enerji israf\u0131n\u0131n \u00f6n\u00fcne ge\u00e7ilecek.<\/p>\n<p>B\u00f6ylece, T\u00fcrkiye&#8217;nin enerji faturas\u0131nda <strong>y\u0131ll\u0131k 9,5 milyon liral\u0131k bir tasarruf<\/strong> sa\u011flanacak.<\/p>\n<p><strong>UYGULAMA 2025&#8217;TE 2 B\u0130N METREKARE \u00dcZER\u0130 B\u0130NALARDA DA YAYGINLA\u015eTIRILACAK<\/strong><\/p>\n<p>Ayr\u0131ca 1 Ocak 2025&#8217;ten itibaren bu uygulaman\u0131n <strong>2 bin metrekare \u00fczeri<\/strong> t\u00fcm binalara yayg\u0131nla\u015ft\u0131r\u0131lmas\u0131 ve kullan\u0131lan enerjinin <strong>en az y\u00fczde 10&#8217;unun<\/strong> yenilenebilir enerji kaynaklar\u0131ndan sa\u011flamas\u0131 zorunlu olacak.<\/p>\n<p>T\u00fcrkiye&#8217;nin <strong>&#8220;2053 net s\u0131f\u0131r emisyon&#8221;<\/strong> hedefine ula\u015f\u0131labilmesi i\u00e7in <strong>2030&#8217;dan itibaren uygulamada<\/strong> ikinci a\u015famaya ge\u00e7ilerek <strong>metrekare s\u0131n\u0131r\u0131 olmadan t\u00fcm binalar i\u00e7in zorunluluk getirilmesi<\/strong>, <strong>asgari enerji performans\u0131 s\u0131n\u0131f\u0131nda<\/strong> ve<strong> asgari yenilenebilir enerji kullan\u0131m\u0131n<\/strong> oran\u0131nda daha b\u00fcy\u00fck iyile\u015ftirmeler yap\u0131lmas\u0131 hedefleniyor.<\/p>\n<p>Kaynak: <a href=\"https:\/\/www.afyonturkeligazetesi.com\/yenilenebilir-enerji-zorunlulugu-1-ocak-ta-basliyor\/41411\/\" target=\"_blank\" rel=\"noopener\">afyont\u00fcrkeligazetesi<\/a><\/p>","protected":false},"excerpt":{"rendered":"<p>Sorry, this entry is only available in Turkish. For the sake of viewer convenience, the content is shown below in the alternative language. You may click the link to switch the active language. \u00c7evre, \u015eehircilik ve \u0130klim De\u011fi\u015fikli\u011fi Bakanl\u0131\u011f\u0131nca, 1 Ocak&#8217;tan itibaren 5 bin metrekareden b\u00fcy\u00fck binalarda yenilenebilir enerji zorunlulu\u011fu getiren d\u00fczenleme kapsam\u0131nda 1400 bina, [&hellip;]<\/p>\n","protected":false},"author":1,"featured_media":175115,"comment_status":"open","ping_status":"open","sticky":false,"template":"","format":"standard","meta":[],"categories":[51,53,52,49,50],"tags":[],"views":119,"_links":{"self":[{"href":"https:\/\/www.enerjigazetesi.ist\/en\/wp-json\/wp\/v2\/posts\/175112"}],"collection":[{"href":"https:\/\/www.enerjigazetesi.ist\/en\/wp-json\/wp\/v2\/posts"}],"about":[{"href":"https:\/\/www.enerjigazetesi.ist\/en\/wp-json\/wp\/v2\/types\/post"}],"author":[{"embeddable":true,"href":"https:\/\/www.enerjigazetesi.ist\/en\/wp-json\/wp\/v2\/users\/1"}],"replies":[{"embeddable":true,"href":"https:\/\/www.enerjigazetesi.ist\/en\/wp-json\/wp\/v2\/comments?post=175112"}],"version-history":[{"count":0,"href":"https:\/\/www.enerjigazetesi.ist\/en\/wp-json\/wp\/v2\/posts\/175112\/revisions"}],"wp:featuredmedia":[{"embeddable":true,"href":"https:\/\/www.enerjigazetesi.ist\/en\/wp-json\/wp\/v2\/media\/175115"}],"wp:attachment":[{"href":"https:\/\/www.enerjigazetesi.ist\/en\/wp-json\/wp\/v2\/media?parent=175112"}],"wp:term":[{"taxonomy":"category","embeddable":true,"href":"https:\/\/www.enerjigazetesi.ist\/en\/wp-json\/wp\/v2\/categories?post=175112"},{"taxonomy":"post_tag","embeddable":true,"href":"https:\/\/www.enerjigazetesi.ist\/en\/wp-json\/wp\/v2\/tags?post=175112"}],"curies":[{"name":"wp","href":"https:\/\/api.w.org\/{rel}","templated":true}]}}