{"id":175061,"date":"2023-05-20T13:08:46","date_gmt":"2023-05-20T10:08:46","guid":{"rendered":"https:\/\/www.enerjigazetesi.ist\/?p=175061"},"modified":"2023-05-20T13:08:46","modified_gmt":"2023-05-20T10:08:46","slug":"kadin-is-yeri-sahipleri-mobil-oilin-destegiyle-tedarik-zincirinde-guclenecek","status":"publish","type":"post","link":"https:\/\/www.enerjigazetesi.ist\/en\/kadin-is-yeri-sahipleri-mobil-oilin-destegiyle-tedarik-zincirinde-guclenecek\/","title":{"rendered":"(Turkish) Kad\u0131n \u0130\u015f Yeri Sahipleri &#8216;Mobil Oil&#8217;in Deste\u011fiyle Tedarik Zincirinde G\u00fc\u00e7lenecek"},"content":{"rendered":"<p class=\"qtranxs-available-languages-message qtranxs-available-languages-message-en\">Sorry, this entry is only available in <a href=\"https:\/\/www.enerjigazetesi.ist\/tr\/wp-json\/wp\/v2\/posts\/175061\" class=\"qtranxs-available-language-link qtranxs-available-language-link-tr\" title=\"Turkish\">Turkish<\/a>. For the sake of viewer convenience, the content is shown below in the alternative language. You may click the link to switch the active language.<\/p><p><\/p>\n<h2><strong>Kad\u0131nlar\u0131n i\u015f hayat\u0131ndaki etkinli\u011finin ve pay\u0131n\u0131n art\u0131r\u0131lmas\u0131 i\u00e7in \u00f6nemli \u00e7al\u0131\u015fmalara imza atan Mobil Oil T\u00fcrk A\u015e\u2019nin TEB, Renaissance \u0130stanbul Polat Bosphorus ve WEConnect International\u2019\u0131n hayata ge\u00e7irdi\u011fi Sat\u0131n Almac\u0131yla Tan\u0131\u015fma Toplant\u0131s\u0131 \u2013 \u0130stanbul ve \u00d6tesi\u201d, bu y\u0131l 7\u2019nci kez ger\u00e7ekle\u015ftirildi. <\/strong><\/h2>\n<p>D\u00fczenlenen toplant\u0131 kapsam\u0131nda kendi tedarik zincirine kad\u0131n i\u015f sahiplerini katmay\u0131 hedefleyen bir\u00e7ok global ve lokal \u015firketin \u00fcst d\u00fczey y\u00f6neticileri bu etkinlikte bir araya geldi. D\u00fcnyadaki toplam <img loading=\"lazy\" class=\"alignright wp-image-175066\" src=\"https:\/\/www.enerjigazetesi.ist\/wp-content\/uploads\/2023\/05\/Eda-Demir-2.jpg\" alt=\"\" width=\"320\" height=\"214\" srcset=\"https:\/\/www.enerjigazetesi.ist\/wp-content\/uploads\/2023\/05\/Eda-Demir-2.jpg 550w, https:\/\/www.enerjigazetesi.ist\/wp-content\/uploads\/2023\/05\/Eda-Demir-2-300x200.jpg 300w, https:\/\/www.enerjigazetesi.ist\/wp-content\/uploads\/2023\/05\/Eda-Demir-2-500x334.jpg 500w, https:\/\/www.enerjigazetesi.ist\/wp-content\/uploads\/2023\/05\/Eda-Demir-2-75x50.jpg 75w, https:\/\/www.enerjigazetesi.ist\/wp-content\/uploads\/2023\/05\/Eda-Demir-2-450x300.jpg 450w\" sizes=\"(max-width: 320px) 100vw, 320px\" \/>finansman\u0131n sadece y\u00fczde 1\u2019inin kad\u0131nlara sa\u011fland\u0131\u011f\u0131n\u0131 vurgulayan <strong>ExxonMobil Madeni Ya\u011flar Avrupa, Afrika, Orta Do\u011fu S\u00fcrd\u00fcr\u00fclebilirlik Y\u00f6neticisi Eda Demir<\/strong>, <em>\u201cDevlet ihalelerinde kad\u0131nlara verilen i\u015f yine ayn\u0131 y\u00fczdelerde. Bir finansal \u00e7al\u0131\u015fmaya g\u00f6re de bug\u00fcn kad\u0131nlara, erkeklere tan\u0131nan e\u015fit haklar verilse, d\u00fcnyan\u0131n gayrisafi milli has\u0131las\u0131 28 trilyon dolar b\u00fcy\u00fcyecek. Bug\u00fcn kullan\u0131lmayan korkun\u00e7 b\u00fcy\u00fck bir kaynaktan bahsediyoruz\u201d<\/em> dedi.<\/p>\n<p><strong>T\u00fcrkiye\u2019de kurulan ilk madeni ya\u011f ve akaryak\u0131t firmas\u0131<\/strong> olan <strong>Mobil Oil T\u00fcrk A\u015e,<\/strong> i\u015f d\u00fcnyas\u0131nda<strong> kad\u0131n n\u00fcfusunun art\u0131r\u0131lmas\u0131 i\u00e7in<\/strong> \u00e7al\u0131\u015fmalar\u0131na ara vermeden devam ediyor. Bu kapsamda Mobil Oil T\u00fcrk A\u015e, d\u00fcnyan\u0131n bir\u00e7ok \u00fclkesindeki kad\u0131n i\u015f sahiplerine, b\u00fcy\u00fck kurumlar\u0131n tedarik zincirine dahil olmalar\u0131 i\u00e7in f\u0131rsatlar sunan <strong>WEConnect International<\/strong> ile birlikte hayata ge\u00e7irdi\u011fi \u00f6rnek i\u015f birli\u011fiyle <strong>kad\u0131nlara networklerini geli\u015ftirme imk\u00e2n\u0131<\/strong> sa\u011fl\u0131yor. Bu y\u0131l<strong> 7\u2019ncisi<\/strong> d\u00fczenlenen <strong>\u201cSat\u0131n Almac\u0131yla Tan\u0131\u015fma Toplant\u0131s\u0131 \u2013 \u0130stanbul ve \u00d6tesi\u201d<\/strong> Renaissance Istanbul Polat Bosphorus Hotel\u2019de yo\u011fun bir kat\u0131l\u0131mla ger\u00e7ekle\u015ftirildi.<\/p>\n<h3><strong>B\u00fcy\u00fck bir kaynak kullan\u0131lm\u0131yor!<\/strong><\/h3>\n<p>Etkinlik kapsam\u0131nda d\u00fcnya \u00e7ap\u0131nda ve <strong>T\u00fcrkiye\u2019de kad\u0131n sahipli\u011findeki i\u015fletmelerin desteklenmesi<\/strong> ve <strong>\u201cKad\u0131n\u0131n tedarik zincirinde g\u00fc\u00e7lenmesi\u201d<\/strong> ama\u00e7lan\u0131yor. Etkinlikte,<strong> \u201cTedarikte \u00c7e\u015fitlilik\u201d<\/strong> ilkesini benimseyen ve kendi tedarik zincirine kad\u0131n i\u015f sahiplerini katmay\u0131 hedefleyen bir\u00e7ok global ve lokal \u015firketin \u00fcst d\u00fczey y\u00f6neticileri bir araya getirildi. \u0130\u015f hayat\u0131nda kad\u0131n\u0131n \u00f6nemine dikkat \u00e7eken <strong>ExxonMobil Madeni Ya\u011flar Avrupa, Afrika, Orta Do\u011fu S\u00fcrd\u00fcr\u00fclebilirlik Y\u00f6neticisi Eda Demir<\/strong>, <em>\u201cD\u00fcnya Bankas\u0131&#8217;n\u0131n yapt\u0131\u011f\u0131 bir \u00e7al\u0131\u015fmaya g\u00f6re, kad\u0131n i\u015f yeri sahiplerine ya da kad\u0131na ekonomik anlamda bir destek verildi\u011finde, kad\u0131n ald\u0131\u011f\u0131 o deste\u011fin y\u00fczde 90\u2019\u0131n\u0131 <strong>sa\u011fl\u0131\u011fa, e\u011fitme ve \u00e7evresine fayda olarak<\/strong> geri veriyor\u201d dedi. <\/em>D\u00fcnyadaki toplam finansman\u0131n sadece y\u00fczde 1\u2019inin kad\u0131nlara sa\u011fland\u0131\u011f\u0131n\u0131 vurgulayan Eda Demir,<em> \u201cDevlet ihalelerinde kad\u0131nlara verilen i\u015f yine ayn\u0131 y\u00fczdelerde. Bir finansal \u00e7al\u0131\u015fmaya g\u00f6re de bug\u00fcn kad\u0131nlara, erkeklere tan\u0131nan e\u015fit haklar verilse, d\u00fcnyan\u0131n gayrisafi milli has\u0131las\u0131 28 trilyon dolar b\u00fcy\u00fcyecek. Bug\u00fcn kullan\u0131lmayan korkun\u00e7 b\u00fcy\u00fck bir kaynaktan bahsediyoruz\u201d<\/em> diye konu\u015ftu.<\/p>\n<h3><strong>\u0130\u015f yerlerinin sadece y\u00fczde 1,3\u2019\u00fc kad\u0131nlar\u0131n!<\/strong><\/h3>\n<p>T\u00fcrkiye\u2019nin OECD\u2019ye g\u00f6re bile \u00e7ok geride oldu\u011funa i\u015faret eden <strong>Eda Demir,<\/strong> \u015f\u00f6yle devam etti: <em>\u201cKad\u0131n n\u00fcfusumuz, toplam n\u00fcfusun yar\u0131s\u0131 ama <strong>sadece y\u00fczde 25 civar\u0131nda kad\u0131n i\u015f hayat\u0131nda<\/strong>. \u0130\u015f hayat\u0131ndaki kad\u0131nlar\u0131m\u0131za bakt\u0131\u011f\u0131m\u0131zda bunlar <strong>sezonluk, a\u011f\u0131rl\u0131kl\u0131 tar\u0131m i\u015f\u00e7isi<\/strong>. Kad\u0131n i\u015f yeri sahipli\u011fi oran\u0131<strong> y\u00fczde 1,3<\/strong>. Bir tarafta tam olarak potansiyelini kullanamad\u0131\u011f\u0131m\u0131z korkun\u00e7 zeki, \u00fcretici, 1\u2019i 5 yapan bir cinsiyet grubu var. \u015eimdi Exxon Mobil bir kere bunun fark\u0131nda, global d\u00fczeyde de fark\u0131nda. Biz y\u0131llard\u0131r <strong>Women&#8217;s Economic Opportunity<\/strong> ad\u0131yla ba\u015flayan bir giri\u015fime destek veriyoruz. Biliyorsunuz; Birle\u015fmi\u015f Milletler\u2019in 17 s\u00fcrd\u00fcr\u00fclebilirlik hedefi var. Bunun 14\u2019\u00fc i\u00e7in u\u011fra\u015f g\u00f6steriyoruz ama bizim i\u00e7in sosyal anlamda a\u011f\u0131rl\u0131k noktas\u0131 <strong>sa\u011fl\u0131k, e\u011fitim ve kad\u0131nd\u0131r.<\/strong>\u201d<\/em><\/p>\n<h3><strong>Kad\u0131nlara f\u0131rsat yaratmaya devam edece\u011fiz!<\/strong><\/h3>\n<p>90\u2019dan fazla \u00fclkede 10 binlerce kad\u0131na farkl\u0131 STK\u2019lar \u00fczerinden ula\u015ft\u0131klar\u0131n\u0131 belirten<strong> Eda Demir<\/strong>, <em>\u201cWEConnect, 2009 y\u0131l\u0131nda kurulmu\u015f ve biz 2017\u2019den beri bu STK\u2019y\u0131 destekliyoruz. \u00c7\u00fcnk\u00fc \u015funu g\u00f6r\u00fcyoruz. Kad\u0131n i\u015f yeri sahiplerine biz destek verirsek \u015firket i\u00e7in de avantajl\u0131 \u00e7\u00fcnk\u00fc kad\u0131n i\u015f yerleri bir kere <strong>\u00e7evik, h\u0131zl\u0131, yarat\u0131c\u0131 ve tabii ki rekabet\u00e7i.<\/strong> O y\u00fczden bizim sat\u0131n almalar\u0131m\u0131z\u0131n 3 milyar dolar\u0131 bug\u00fcn itibar\u0131yla lokal ve kad\u0131n diye dedi\u011fimiz gruplardan yap\u0131l\u0131yor d\u00fcnyada. 2025 i\u00e7in de hedefimiz 6 milyar dolar. WEConnect bize kad\u0131n i\u015f yeri sahipleriyle bulu\u015fmam\u0131z\u0131 sa\u011fl\u0131yor. Hedefimiz bu i\u015f birli\u011fi ile ba\u015fka kurumlar\u0131 da bu f\u0131rsattan faydaland\u0131rmak. Aktiviteler yap\u0131yoruz, 7\u2019ncisini yaparak bug\u00fcne kadar<strong> 300\u2019den fazla de\u011ferli kad\u0131n i\u015f yeri sahibine<\/strong> ula\u015ft\u0131k\u201d<\/em> dedi. Organizasyon kapsam\u0131nda d\u00fczenlenen oturumlarda <strong>5 kad\u0131n giri\u015fimci projelerini tan\u0131tma f\u0131rsat\u0131 buldu<\/strong>. S\u00f6z konusu projeler, j\u00fcrinin oylar\u0131yla derecelendirildi. Bu kapsamda her bir kad\u0131n giri\u015fimci i\u00e7in bir j\u00fcri \u00fcyesi mentorluk deste\u011fi sa\u011flayacak.<\/p>\n<h3><strong>Kad\u0131nlar\u0131 tedarik zincirine dahil ediyor!<\/strong><\/h3>\n<p><strong>WEConnect International<\/strong>\u2019\u0131n, <strong>2009\u2019dan<\/strong> beri d\u00fcnyada, <strong>2013\u2019ten bu yana<\/strong> da T\u00fcrkiye\u2019de faaliyet g\u00f6sterdi\u011fini s\u00f6yleyen <strong>WEConnect T\u00fcrkiye Direkt\u00f6r\u00fc Nurdan G\u00fcndo\u011fdu<\/strong> ise, <em>\u201cHedefimiz 140\u2019tan fazla \u00fclkedeki kad\u0131n i\u015f sahiplerini global \u015firketlerin ve kurumlar\u0131n tedarik zincirine dahil etmek. Yapt\u0131\u011f\u0131m\u0131z \u00e7al\u0131\u015fmalarla <strong>WECommunity Platformu<\/strong>\u2019nda yer alan <strong>17 binden fazla<\/strong> kay\u0131tl\u0131 kad\u0131n giri\u015fimci,<strong> 180\u2019den fazla kurumsal \u00fcyeye<\/strong> ula\u015farak global pazarlara a\u00e7\u0131lma \u015fans\u0131 elde ediyor\u201d<\/em> dedi.<\/p>","protected":false},"excerpt":{"rendered":"<p>Sorry, this entry is only available in Turkish. For the sake of viewer convenience, the content is shown below in the alternative language. You may click the link to switch the active language. Kad\u0131nlar\u0131n i\u015f hayat\u0131ndaki etkinli\u011finin ve pay\u0131n\u0131n art\u0131r\u0131lmas\u0131 i\u00e7in \u00f6nemli \u00e7al\u0131\u015fmalara imza atan Mobil Oil T\u00fcrk A\u015e\u2019nin TEB, Renaissance \u0130stanbul Polat Bosphorus ve [&hellip;]<\/p>\n","protected":false},"author":1,"featured_media":175067,"comment_status":"open","ping_status":"open","sticky":false,"template":"","format":"standard","meta":[],"categories":[53,44],"tags":[109184,108897,109183,80176],"views":27,"_links":{"self":[{"href":"https:\/\/www.enerjigazetesi.ist\/en\/wp-json\/wp\/v2\/posts\/175061"}],"collection":[{"href":"https:\/\/www.enerjigazetesi.ist\/en\/wp-json\/wp\/v2\/posts"}],"about":[{"href":"https:\/\/www.enerjigazetesi.ist\/en\/wp-json\/wp\/v2\/types\/post"}],"author":[{"embeddable":true,"href":"https:\/\/www.enerjigazetesi.ist\/en\/wp-json\/wp\/v2\/users\/1"}],"replies":[{"embeddable":true,"href":"https:\/\/www.enerjigazetesi.ist\/en\/wp-json\/wp\/v2\/comments?post=175061"}],"version-history":[{"count":0,"href":"https:\/\/www.enerjigazetesi.ist\/en\/wp-json\/wp\/v2\/posts\/175061\/revisions"}],"wp:featuredmedia":[{"embeddable":true,"href":"https:\/\/www.enerjigazetesi.ist\/en\/wp-json\/wp\/v2\/media\/175067"}],"wp:attachment":[{"href":"https:\/\/www.enerjigazetesi.ist\/en\/wp-json\/wp\/v2\/media?parent=175061"}],"wp:term":[{"taxonomy":"category","embeddable":true,"href":"https:\/\/www.enerjigazetesi.ist\/en\/wp-json\/wp\/v2\/categories?post=175061"},{"taxonomy":"post_tag","embeddable":true,"href":"https:\/\/www.enerjigazetesi.ist\/en\/wp-json\/wp\/v2\/tags?post=175061"}],"curies":[{"name":"wp","href":"https:\/\/api.w.org\/{rel}","templated":true}]}}