{"id":175046,"date":"2023-05-20T11:40:35","date_gmt":"2023-05-20T08:40:35","guid":{"rendered":"https:\/\/www.enerjigazetesi.ist\/?p=175046"},"modified":"2023-05-20T11:45:05","modified_gmt":"2023-05-20T08:45:05","slug":"kayserili-gurbetciden-yuzde-30-enerji-tasarrufu-saglayan-icat","status":"publish","type":"post","link":"https:\/\/www.enerjigazetesi.ist\/en\/kayserili-gurbetciden-yuzde-30-enerji-tasarrufu-saglayan-icat\/","title":{"rendered":"(Turkish) Kayserili Gurbet\u00e7iden % 30 Enerji Tasarrufu Sa\u011flayan \u0130cat"},"content":{"rendered":"<p class=\"qtranxs-available-languages-message qtranxs-available-languages-message-en\">Sorry, this entry is only available in <a href=\"https:\/\/www.enerjigazetesi.ist\/tr\/wp-json\/wp\/v2\/posts\/175046\" class=\"qtranxs-available-language-link qtranxs-available-language-link-tr\" title=\"Turkish\">Turkish<\/a>. For the sake of viewer convenience, the content is shown below in the alternative language. You may click the link to switch the active language.<\/p><p><\/p>\n<h2><strong>Almanya\u2019da ya\u015fayan Kayserili gurbet\u00e7i O\u011fuzhan Albayrak, kendi geli\u015ftirdi\u011fi cihazla motorlar\u0131n daha verimli \u00e7al\u0131\u015ft\u0131r\u0131lmas\u0131 i\u00e7in tahrik g\u00fcc\u00fcn\u00fc art\u0131r\u0131c\u0131 bir sistem sayesinde % 30 enerji tasarrufuyla ayn\u0131 d\u00fczeyde \u00fcretim yapabilece\u011fi yeni bir cihaz icat etti.<\/strong><\/h2>\n<p>Yeni \u00fcretti\u011fi cihaz\u0131n\u0131n <strong>d\u00fcnyan\u0131n en yarat\u0131c\u0131 100 bulu\u015fundan biri oldu\u011funu<\/strong> s\u00f6yleyen Albayrak, <em>\u201c\u00d6zellikle yenilenebilir enerji \u00fcreten r\u00fczg\u00e2r t\u00fcrbinleri, su de\u011firmenleri ve ba\u015fka alanlarda bu bulu\u015f <img loading=\"lazy\" class=\"alignright wp-image-175051\" src=\"https:\/\/www.enerjigazetesi.ist\/wp-content\/uploads\/2023\/05\/kayserili-gurbetciden-30-enerji-tasarrufu-saglayan-buyuk-icat.jpg\" alt=\"\" width=\"320\" height=\"235\" srcset=\"https:\/\/www.enerjigazetesi.ist\/wp-content\/uploads\/2023\/05\/kayserili-gurbetciden-30-enerji-tasarrufu-saglayan-buyuk-icat.jpg 533w, https:\/\/www.enerjigazetesi.ist\/wp-content\/uploads\/2023\/05\/kayserili-gurbetciden-30-enerji-tasarrufu-saglayan-buyuk-icat-300x220.jpg 300w, https:\/\/www.enerjigazetesi.ist\/wp-content\/uploads\/2023\/05\/kayserili-gurbetciden-30-enerji-tasarrufu-saglayan-buyuk-icat-500x367.jpg 500w, https:\/\/www.enerjigazetesi.ist\/wp-content\/uploads\/2023\/05\/kayserili-gurbetciden-30-enerji-tasarrufu-saglayan-buyuk-icat-68x50.jpg 68w\" sizes=\"(max-width: 320px) 100vw, 320px\" \/>sayesinde b\u00fcy\u00fck \u00f6l\u00e7\u00fcde enerji tasarrufu yap\u0131labilece\u011fi gibi karbondioksit sal\u0131n\u0131m\u0131ndaki azalmayla iklim korumas\u0131na \u00f6nemli katk\u0131da bulunulacak\u201d<\/em> dedi.<\/p>\n<h3><strong>\u201cT\u00fcrk \u015firketler bana ula\u015fabilir\u201d<\/strong><\/h3>\n<p>Geli\u015ftirdi\u011fi sistemin jenerat\u00f6rlerde de kullan\u0131labilece\u011fini belirtirken, felaket d\u00f6nemlerinde elektrik tedariki i\u00e7in kolay bir bi\u00e7imde devreye sokulabilece\u011fini de s\u00f6yleyen Albayrak, \u201c\u0130cat etti\u011fim cihaz\u0131n tan\u0131t\u0131m\u0131n\u0131n <strong>25 May\u0131s\u2019ta \u2018Bildungscampus 1, 74076 Heilbronn\u2019 adresindeki Campus Founders\u2019te<\/strong> tan\u0131taca\u011f\u0131m. \u015eimdiden \u00e7ok heyecanl\u0131y\u0131m ilgi duyan T\u00fcrk \u015firketler bana ula\u015fabilir\u201d dedi.<\/p>\n<h3><strong>Kendi start up \u015firketini kurdu<\/strong><\/h3>\n<p class=\" aBigClassNameToAvoidCollisionInText\">1993 y\u0131l\u0131nda Neckarsulm\u2019daki Almanya\u2019n\u0131n otomotiv devlerinden Audi\u2019de end\u00fcstri teknisyenli\u011fi dal\u0131nda meslek e\u011fitimine ba\u015flayan Albayrak, Audi\u2019de bir s\u00fcre \u00e7al\u0131\u015ft\u0131ktan sonra 1999 y\u0131l\u0131nda Mercedes otomobillerin de \u00fcretildi\u011fi Daimler Benz AG\u2019in Sindelfingen\u2019deki tesislerinde 9 y\u0131l \u00e7al\u0131\u015ft\u0131ktan sonra<strong> start up \u015firketi kurarak<\/strong> k<strong>endini yeni \u00fcr\u00fcnler \u00fcretmeye<\/strong> adad\u0131.<\/p>\n<p>Kaynak: <a href=\"https:\/\/www.arti33.com\/kayserili-gurbetciden-buyuk-icat-dunyanin-en-yaratici-100-bulusundan-biri\/\" target=\"_blank\" rel=\"noopener\">art\u013133<\/a><\/p>","protected":false},"excerpt":{"rendered":"<p>Sorry, this entry is only available in Turkish. For the sake of viewer convenience, the content is shown below in the alternative language. You may click the link to switch the active language. Almanya\u2019da ya\u015fayan Kayserili gurbet\u00e7i O\u011fuzhan Albayrak, kendi geli\u015ftirdi\u011fi cihazla motorlar\u0131n daha verimli \u00e7al\u0131\u015ft\u0131r\u0131lmas\u0131 i\u00e7in tahrik g\u00fcc\u00fcn\u00fc art\u0131r\u0131c\u0131 bir sistem sayesinde % 30 [&hellip;]<\/p>\n","protected":false},"author":1,"featured_media":175051,"comment_status":"open","ping_status":"open","sticky":false,"template":"","format":"standard","meta":[],"categories":[51,53,52],"tags":[103,109414,109412,109413],"views":98,"_links":{"self":[{"href":"https:\/\/www.enerjigazetesi.ist\/en\/wp-json\/wp\/v2\/posts\/175046"}],"collection":[{"href":"https:\/\/www.enerjigazetesi.ist\/en\/wp-json\/wp\/v2\/posts"}],"about":[{"href":"https:\/\/www.enerjigazetesi.ist\/en\/wp-json\/wp\/v2\/types\/post"}],"author":[{"embeddable":true,"href":"https:\/\/www.enerjigazetesi.ist\/en\/wp-json\/wp\/v2\/users\/1"}],"replies":[{"embeddable":true,"href":"https:\/\/www.enerjigazetesi.ist\/en\/wp-json\/wp\/v2\/comments?post=175046"}],"version-history":[{"count":0,"href":"https:\/\/www.enerjigazetesi.ist\/en\/wp-json\/wp\/v2\/posts\/175046\/revisions"}],"wp:featuredmedia":[{"embeddable":true,"href":"https:\/\/www.enerjigazetesi.ist\/en\/wp-json\/wp\/v2\/media\/175051"}],"wp:attachment":[{"href":"https:\/\/www.enerjigazetesi.ist\/en\/wp-json\/wp\/v2\/media?parent=175046"}],"wp:term":[{"taxonomy":"category","embeddable":true,"href":"https:\/\/www.enerjigazetesi.ist\/en\/wp-json\/wp\/v2\/categories?post=175046"},{"taxonomy":"post_tag","embeddable":true,"href":"https:\/\/www.enerjigazetesi.ist\/en\/wp-json\/wp\/v2\/tags?post=175046"}],"curies":[{"name":"wp","href":"https:\/\/api.w.org\/{rel}","templated":true}]}}