{"id":175042,"date":"2023-05-20T11:22:05","date_gmt":"2023-05-20T08:22:05","guid":{"rendered":"https:\/\/www.enerjigazetesi.ist\/?p=175042"},"modified":"2023-05-20T11:22:42","modified_gmt":"2023-05-20T08:22:42","slug":"uea-baskani-fatih-birol-dunya-liderlerine-hitap-edecek","status":"publish","type":"post","link":"https:\/\/www.enerjigazetesi.ist\/en\/uea-baskani-fatih-birol-dunya-liderlerine-hitap-edecek\/","title":{"rendered":"(Turkish) UEA Ba\u015fkan\u0131 &#8216;Fatih Birol&#8217; D\u00fcnya Liderlerine Hitap Edecek"},"content":{"rendered":"<p class=\"qtranxs-available-languages-message qtranxs-available-languages-message-en\">Sorry, this entry is only available in <a href=\"https:\/\/www.enerjigazetesi.ist\/tr\/wp-json\/wp\/v2\/posts\/175042\" class=\"qtranxs-available-language-link qtranxs-available-language-link-tr\" title=\"Turkish\">Turkish<\/a>. For the sake of viewer convenience, the content is shown below in the alternative language. You may click the link to switch the active language.<\/p><p><\/p>\n<h2>Uluslararas\u0131 Enerji Ajans\u0131 Ba\u015fkan\u0131 Fatih Birol, Japonya\u2019n\u0131n Hiro\u015fima kentinde d\u00fcnyan\u0131n en b\u00fcy\u00fck ekonomilerinin liderlerini bir araya getiren G7 Zirvesi\u2019nde, liderlere hitap edecek.<\/h2>\n<p><img loading=\"lazy\" class=\"alignright wp-image-175044\" src=\"https:\/\/www.enerjigazetesi.ist\/wp-content\/uploads\/2023\/05\/uea-baskani-fatih-birol-dunya-liderlerine-hitap-edecek.jpg\" alt=\"\" width=\"320\" height=\"212\" srcset=\"https:\/\/www.enerjigazetesi.ist\/wp-content\/uploads\/2023\/05\/uea-baskani-fatih-birol-dunya-liderlerine-hitap-edecek.jpg 549w, https:\/\/www.enerjigazetesi.ist\/wp-content\/uploads\/2023\/05\/uea-baskani-fatih-birol-dunya-liderlerine-hitap-edecek-300x198.jpg 300w, https:\/\/www.enerjigazetesi.ist\/wp-content\/uploads\/2023\/05\/uea-baskani-fatih-birol-dunya-liderlerine-hitap-edecek-500x331.jpg 500w, https:\/\/www.enerjigazetesi.ist\/wp-content\/uploads\/2023\/05\/uea-baskani-fatih-birol-dunya-liderlerine-hitap-edecek-76x50.jpg 76w, https:\/\/www.enerjigazetesi.ist\/wp-content\/uploads\/2023\/05\/uea-baskani-fatih-birol-dunya-liderlerine-hitap-edecek-450x300.jpg 450w\" sizes=\"(max-width: 320px) 100vw, 320px\" \/>Uluslararas\u0131 Enerji Ajans\u0131 Ba\u015fkan\u0131 Fatih Birol, G7 liderlerine de\u011fi\u015fen jeopolitik dengeler \u0131\u015f\u0131\u011f\u0131nda <strong>enerji g\u00fcvenli\u011finin artan \u00f6nemi<\/strong> ve <strong>temiz enerji d\u00f6n\u00fc\u015f\u00fcm\u00fcn\u00fcn h\u0131zland\u0131r\u0131lmas\u0131<\/strong> i\u00e7in at\u0131lmas\u0131 gereken ad\u0131mlara ili\u015fkin \u00f6nemli mesajlar verecek.<\/p>\n<p>G7\u2019nin bu y\u0131l ba\u015fkanl\u0131\u011f\u0131n\u0131 y\u00fcr\u00fcten <strong>Japonya\u2019n\u0131n Ba\u015fbakan\u0131 Fumio Ki\u015fida<\/strong>\u2019n\u0131n davetiyle zirveye kat\u0131lan Birol, enerji g\u00fcvenli\u011fini sa\u011flarken <strong>k\u00fcresel s\u0131cakl\u0131k art\u0131\u015f\u0131n\u0131 1,5 dereceyle s\u0131n\u0131rland\u0131rmak<\/strong> i\u00e7in <strong>temiz enerji d\u00f6n\u00fc\u015f\u00fcm\u00fcn\u00fcn nas\u0131l h\u0131zland\u0131r\u0131labilece\u011fini<\/strong> anlatacak.<\/p>\n<h2>\u00d6nemli katk\u0131lar sa\u011flad\u0131<\/h2>\n<p><strong>Uluslararas\u0131 Enerji Ajans\u0131<\/strong>, son y\u0131llarda G7\u2019nin <strong>enerji<\/strong> ve<strong> iklim ajandas\u0131na<\/strong> \u00f6nemli katk\u0131lar sa\u011flad\u0131.<\/p>\n<p>Bu y\u0131l da<strong> yenilenebilir enerji, enerji verimlili\u011fi, hidrojen, \u00e7elik ve do\u011fal gaz<\/strong> gibi \u00e7e\u015fitli konularda analizler sunan Uluslararas\u0131 Enerji Ajans\u0131, ayn\u0131 zamanda<strong> kritik minerallerin tedarikinin g\u00fcvenli \u015fekilde sa\u011flanmas\u0131<\/strong> i\u00e7in ortaya konulan <strong>be\u015f maddelik plan\u0131n uygulanmas\u0131<\/strong> konusunda da aktif rol alacak.<\/p>","protected":false},"excerpt":{"rendered":"<p>Sorry, this entry is only available in Turkish. For the sake of viewer convenience, the content is shown below in the alternative language. You may click the link to switch the active language. Uluslararas\u0131 Enerji Ajans\u0131 Ba\u015fkan\u0131 Fatih Birol, Japonya\u2019n\u0131n Hiro\u015fima kentinde d\u00fcnyan\u0131n en b\u00fcy\u00fck ekonomilerinin liderlerini bir araya getiren G7 Zirvesi\u2019nde, liderlere hitap edecek. [&hellip;]<\/p>\n","protected":false},"author":1,"featured_media":175044,"comment_status":"open","ping_status":"open","sticky":false,"template":"","format":"standard","meta":[],"categories":[53,52],"tags":[23724,5291,12,23359,5637,45078,105],"views":49,"_links":{"self":[{"href":"https:\/\/www.enerjigazetesi.ist\/en\/wp-json\/wp\/v2\/posts\/175042"}],"collection":[{"href":"https:\/\/www.enerjigazetesi.ist\/en\/wp-json\/wp\/v2\/posts"}],"about":[{"href":"https:\/\/www.enerjigazetesi.ist\/en\/wp-json\/wp\/v2\/types\/post"}],"author":[{"embeddable":true,"href":"https:\/\/www.enerjigazetesi.ist\/en\/wp-json\/wp\/v2\/users\/1"}],"replies":[{"embeddable":true,"href":"https:\/\/www.enerjigazetesi.ist\/en\/wp-json\/wp\/v2\/comments?post=175042"}],"version-history":[{"count":0,"href":"https:\/\/www.enerjigazetesi.ist\/en\/wp-json\/wp\/v2\/posts\/175042\/revisions"}],"wp:featuredmedia":[{"embeddable":true,"href":"https:\/\/www.enerjigazetesi.ist\/en\/wp-json\/wp\/v2\/media\/175044"}],"wp:attachment":[{"href":"https:\/\/www.enerjigazetesi.ist\/en\/wp-json\/wp\/v2\/media?parent=175042"}],"wp:term":[{"taxonomy":"category","embeddable":true,"href":"https:\/\/www.enerjigazetesi.ist\/en\/wp-json\/wp\/v2\/categories?post=175042"},{"taxonomy":"post_tag","embeddable":true,"href":"https:\/\/www.enerjigazetesi.ist\/en\/wp-json\/wp\/v2\/tags?post=175042"}],"curies":[{"name":"wp","href":"https:\/\/api.w.org\/{rel}","templated":true}]}}