{"id":175032,"date":"2023-05-20T10:37:46","date_gmt":"2023-05-20T07:37:46","guid":{"rendered":"https:\/\/www.enerjigazetesi.ist\/?p=175032"},"modified":"2023-05-20T10:38:04","modified_gmt":"2023-05-20T07:38:04","slug":"denizbank-610-milyon-dolar-yurt-disi-ihrac-gerceklestirdi","status":"publish","type":"post","link":"https:\/\/www.enerjigazetesi.ist\/en\/denizbank-610-milyon-dolar-yurt-disi-ihrac-gerceklestirdi\/","title":{"rendered":"DenizBank 610 Milyon Dolar Yurt d\u0131\u015f\u0131 ihra\u00e7 ger\u00e7ekle\u015ftirdi"},"content":{"rendered":"<p class=\"qtranxs-available-languages-message qtranxs-available-languages-message-en\">Sorry, this entry is only available in <a href=\"https:\/\/www.enerjigazetesi.ist\/tr\/wp-json\/wp\/v2\/posts\/175032\" class=\"qtranxs-available-language-link qtranxs-available-language-link-tr\" title=\"Turkish\">Turkish<\/a>. For the sake of viewer convenience, the content is shown below in the alternative language. You may click the link to switch the active language.<\/p><p><\/p>\n<h2 class=\"category-detail-sub-title\" data-gtm-vis-first-on-screen-2765436_106=\"1876\" data-gtm-vis-total-visible-time-2765436_106=\"100\" data-gtm-vis-has-fired-2765436_106=\"1\">DenizBank, sek\u00fcritizasyon program\u0131 kapsam\u0131nda, yurt d\u0131\u015f\u0131ndan 7 y\u0131la varan vade ile 610 milyon dolar tutar\u0131nda finansman temin etti.<\/h2>\n<p>Bankadan yap\u0131lan a\u00e7\u0131klamaya g\u00f6re, DenizBank, elde edilen kayna\u011f\u0131, enerji verimlili\u011fi, yenilenebilir enerji ve iklim de\u011fi\u015fikli\u011fi risklerini ortadan kald\u0131rmaya y\u00f6nelik ye\u015fil\u00a0ekonomi\u00a0projelerinin, finansmana eri\u015fimi k\u0131s\u0131tl\u0131 olan kad\u0131n giri\u015fimcilerin ve stratejik \u00f6nem atfetti\u011fi <strong>tar\u0131m sekt\u00f6r\u00fcn\u00fcn finansman\u0131n\u0131n<\/strong> <img loading=\"lazy\" class=\"alignright wp-image-175034\" src=\"https:\/\/www.enerjigazetesi.ist\/wp-content\/uploads\/2023\/05\/denizbank-610-milyon-dolar-yurt-disi-ihrac-gerceklestirdi.jpg\" alt=\"\" width=\"320\" height=\"198\" srcset=\"https:\/\/www.enerjigazetesi.ist\/wp-content\/uploads\/2023\/05\/denizbank-610-milyon-dolar-yurt-disi-ihrac-gerceklestirdi.jpg 550w, https:\/\/www.enerjigazetesi.ist\/wp-content\/uploads\/2023\/05\/denizbank-610-milyon-dolar-yurt-disi-ihrac-gerceklestirdi-300x186.jpg 300w, https:\/\/www.enerjigazetesi.ist\/wp-content\/uploads\/2023\/05\/denizbank-610-milyon-dolar-yurt-disi-ihrac-gerceklestirdi-500x310.jpg 500w, https:\/\/www.enerjigazetesi.ist\/wp-content\/uploads\/2023\/05\/denizbank-610-milyon-dolar-yurt-disi-ihrac-gerceklestirdi-80x50.jpg 80w\" sizes=\"(max-width: 320px) 100vw, 320px\" \/>yan\u0131 s\u0131ra <strong>6 \u015eubat\u2019ta<\/strong> meydana gelen <strong>Kahramanmara\u015f merkezli depremlerden<\/strong> etkilenen birey ve i\u015fletmelerin desteklenmesi hedefiyle kullanacak.<\/p>\n<p>Kredinin s\u00fcrd\u00fcr\u00fclebilir finansmana konu olan \u00f6nemli b\u00f6l\u00fcm\u00fcnde, yat\u0131r\u0131m ve kalk\u0131nma kurulu\u015flar\u0131ndan Avrupa \u0130mar ve Kalk\u0131nma Bankas\u0131 (EBRD), Uluslararas\u0131 Finans Kurumu (IFC) ve Proparco yer ald\u0131.<\/p>\n<p>Bu fonlama ayn\u0131 zamanda EBRD ve Proparco\u2019nun T\u00fcrkiye\u2019de ger\u00e7ekle\u015fen <strong>deprem felaketinin yaralar\u0131n\u0131 sarmaya y\u00f6nelik sa\u011flad\u0131klar\u0131 ilk finansman deste\u011fi<\/strong> olma \u00f6zelli\u011fini ta\u015f\u0131yor. Edinilen yurt d\u0131\u015f\u0131 kaynak ile birlikte bankan\u0131n, Emirates NBD hissedarl\u0131\u011f\u0131nda ekonomiye sa\u011flad\u0131\u011f\u0131 s\u00fcrd\u00fcr\u00fclebilirlik ilintili finansman miktar\u0131 <strong>2,1 milyar dolara<\/strong> ula\u015ft\u0131.<\/p>\n<p>A\u00e7\u0131klamada g\u00f6r\u00fc\u015flerine yer verilen <strong>DenizBank Genel M\u00fcd\u00fcr\u00fc Hakan Ate\u015f<\/strong>, \u00fclke ekonomisini desteklemeyi milli g\u00f6rev addettiklerini, yurt d\u0131\u015f\u0131 fonlamalar ile bankaya uzun vadeli kaynak getirmeye devam etmenin kendileri i\u00e7in memnuniyet ve gurur vesilesi oldu\u011funu ifade etti.<\/p>\n<p>Ate\u015f, <span style=\"text-decoration: underline;\">\u015funlar\u0131 kaydetti:<\/span><\/p>\n<p><em>&#8220;\u015eubat 2021\u2019de ger\u00e7ekle\u015ftirdi\u011fimiz sek\u00fcritizasyon i\u015flemimiz ile uluslararas\u0131 piyasalardan<strong> 435 milyon dolar tutar\u0131nda fon<\/strong> sa\u011flam\u0131\u015ft\u0131k. \u015eimdi ger\u00e7ekle\u015ftirdi\u011fimiz <strong>610 milyon dolar tutar\u0131ndaki sek\u00fcritizasyon i\u015flemi<\/strong> ile ekonomimize katk\u0131m\u0131z\u0131 g\u00fc\u00e7l\u00fc \u015fekilde s\u00fcrd\u00fcr\u00fcyoruz. Temin etti\u011fimiz kayna\u011f\u0131n \u00f6nemli bir k\u0131sm\u0131n\u0131, gezegenimizin ve do\u011fal kaynaklar\u0131m\u0131z\u0131n gelece\u011fi a\u00e7\u0131s\u0131ndan yat\u0131r\u0131m yap\u0131lmas\u0131 bug\u00fcn zorunluluk haline gelen <strong>yenilenebilir enerji, enerji verimlili\u011fi ve iklim de\u011fi\u015fikli\u011fi risklerini<\/strong> ortadan kald\u0131rmaya y\u00f6nelik <strong>ye\u015fil ekonomi yat\u0131r\u0131mlar\u0131na<\/strong> ay\u0131raca\u011f\u0131z.<\/em><\/p>\n<p><em>Bir di\u011fer odak noktam\u0131z ise finansmana eri\u015fimi k\u0131s\u0131tl\u0131 olan kad\u0131n giri\u015fimcilerin i\u015flerini b\u00fcy\u00fctmeleri. Edindi\u011fimiz fonlama ile kad\u0131n giri\u015fimcili\u011fini destekleyerek s\u00fcrd\u00fcr\u00fclebilirlik hedeflerinin \u00f6nemli bir sacaya\u011f\u0131 olan <strong>toplumsal cinsiyet e\u015fitli\u011fi<\/strong> konusunda <strong>mesafe kat edilmesine katk\u0131lar\u0131m\u0131z\u0131 devam ettiriyoruz.&#8221;<\/strong><\/em><\/p>\n<p><em>&#8220;Tar\u0131m\u0131n \u00fclkemiz ve gelece\u011fimiz i\u00e7in ta\u015f\u0131d\u0131\u011f\u0131 hayati \u00f6neme binaen, <strong>\u00e7ift\u00e7ilerimizin finansman\u0131<\/strong> ve <strong>\u00fcretimin devaml\u0131l\u0131\u011f\u0131<\/strong> konusuna da hassasiyetle yakla\u015f\u0131yor; tar\u0131mla u\u011fra\u015fan <strong>k\u00fc\u00e7\u00fck ve orta \u00f6l\u00e7ekli i\u015fletmelere<\/strong> deste\u011fimizi temin etti\u011fimiz <strong>yeni kayna\u011f\u0131m\u0131zla s\u00fcrd\u00fcr\u00fcyoruz.<\/strong>&#8220;<\/em> diyen Ate\u015f \u015funlara <span style=\"text-decoration: underline;\">vurgu yapt\u0131:<\/span><\/p>\n<p><em>&#8221; T\u00fcrkiye tarihinin ya\u015fad\u0131\u011f\u0131 en b\u00fcy\u00fck do\u011fal afetin ard\u0131ndan, b\u00f6lgenin aya\u011fa kald\u0131r\u0131lmas\u0131 i\u00e7in sahan\u0131n ihtiya\u00e7lar\u0131 paralelinde uzun soluklu ve s\u00fcrd\u00fcr\u00fclebilir destek mekanizmalar\u0131 yaratman\u0131n \u00f6neminin fark\u0131nday\u0131z. Depremin ilk dakikalar\u0131ndan itibaren kurum olarak gerek maddi gerek insani yard\u0131mlar\u0131m\u0131zla ortaya koydu\u011fumuz seferberli\u011fin devam\u0131 niteli\u011finde, <strong>sa\u011flad\u0131\u011f\u0131m\u0131z finansman\u0131n \u00f6nemli bir b\u00f6l\u00fcm\u00fcn\u00fc<\/strong> <strong>depremden etkilenen vatanda\u015flar\u0131m\u0131z\u0131n ve i\u015fletmelerimizin yaralar\u0131n\u0131 sarmak i\u00e7in kullanaca\u011f\u0131z.<\/strong> \u0130\u015flemimizin \u00fclkemize ve ekonomimize hay\u0131rl\u0131 u\u011furlu olmas\u0131n\u0131 diliyorum.&#8221;<\/em><\/p>","protected":false},"excerpt":{"rendered":"<p>Sorry, this entry is only available in Turkish. For the sake of viewer convenience, the content is shown below in the alternative language. You may click the link to switch the active language. DenizBank, sek\u00fcritizasyon program\u0131 kapsam\u0131nda, yurt d\u0131\u015f\u0131ndan 7 y\u0131la varan vade ile 610 milyon dolar tutar\u0131nda finansman temin etti. Bankadan yap\u0131lan a\u00e7\u0131klamaya g\u00f6re, [&hellip;]<\/p>\n","protected":false},"author":1,"featured_media":175034,"comment_status":"open","ping_status":"open","sticky":false,"template":"","format":"standard","meta":[],"categories":[53,52],"tags":[109409,12,103921,105,109410],"views":24,"_links":{"self":[{"href":"https:\/\/www.enerjigazetesi.ist\/en\/wp-json\/wp\/v2\/posts\/175032"}],"collection":[{"href":"https:\/\/www.enerjigazetesi.ist\/en\/wp-json\/wp\/v2\/posts"}],"about":[{"href":"https:\/\/www.enerjigazetesi.ist\/en\/wp-json\/wp\/v2\/types\/post"}],"author":[{"embeddable":true,"href":"https:\/\/www.enerjigazetesi.ist\/en\/wp-json\/wp\/v2\/users\/1"}],"replies":[{"embeddable":true,"href":"https:\/\/www.enerjigazetesi.ist\/en\/wp-json\/wp\/v2\/comments?post=175032"}],"version-history":[{"count":0,"href":"https:\/\/www.enerjigazetesi.ist\/en\/wp-json\/wp\/v2\/posts\/175032\/revisions"}],"wp:featuredmedia":[{"embeddable":true,"href":"https:\/\/www.enerjigazetesi.ist\/en\/wp-json\/wp\/v2\/media\/175034"}],"wp:attachment":[{"href":"https:\/\/www.enerjigazetesi.ist\/en\/wp-json\/wp\/v2\/media?parent=175032"}],"wp:term":[{"taxonomy":"category","embeddable":true,"href":"https:\/\/www.enerjigazetesi.ist\/en\/wp-json\/wp\/v2\/categories?post=175032"},{"taxonomy":"post_tag","embeddable":true,"href":"https:\/\/www.enerjigazetesi.ist\/en\/wp-json\/wp\/v2\/tags?post=175032"}],"curies":[{"name":"wp","href":"https:\/\/api.w.org\/{rel}","templated":true}]}}