{"id":175019,"date":"2023-05-19T15:23:38","date_gmt":"2023-05-19T12:23:38","guid":{"rendered":"https:\/\/www.enerjigazetesi.ist\/?p=175019"},"modified":"2023-05-19T15:29:15","modified_gmt":"2023-05-19T12:29:15","slug":"duzenlenen-ulusal-cocuk-resi%cc%87m-yarismasinin-kazananlari-belli-oldu","status":"publish","type":"post","link":"https:\/\/www.enerjigazetesi.ist\/en\/duzenlenen-ulusal-cocuk-resi%cc%87m-yarismasinin-kazananlari-belli-oldu\/","title":{"rendered":"(Turkish) D\u00fczenlenen &#8216;Ulusal \u00c7ocuk Res\u0131\u0307m Yar\u0131\u015fmas\u0131\u2019n\u0131n Kazananlar\u0131 Belli Oldu"},"content":{"rendered":"<p class=\"qtranxs-available-languages-message qtranxs-available-languages-message-en\">Sorry, this entry is only available in <a href=\"https:\/\/www.enerjigazetesi.ist\/tr\/wp-json\/wp\/v2\/posts\/175019\" class=\"qtranxs-available-language-link qtranxs-available-language-link-tr\" title=\"Turkish\">Turkish<\/a>. For the sake of viewer convenience, the content is shown below in the alternative language. You may click the link to switch the active language.<\/p><p><\/p>\n<h2>AKKUYU N\u00dcKLEER A.\u015e taraf\u0131ndan 6-16 ya\u015f aras\u0131 \u00e7ocuklara y\u00f6nelik olarak d\u00fczenlenen Ulusal \u00c7ocuk Resim Yar\u0131\u015fmas\u0131\u2019n\u0131n kazananlar\u0131 belli oldu.<\/h2>\n<p style=\"text-align: center;\"><img loading=\"lazy\" class=\"aligncenter wp-image-175022\" src=\"https:\/\/www.enerjigazetesi.ist\/wp-content\/uploads\/2023\/05\/duzenlenen-ulusal-cocuk-resi\u0307m-yarismasinin-kazananlari-belli-oldu-01.jpg\" alt=\"\" width=\"500\" height=\"297\" srcset=\"https:\/\/www.enerjigazetesi.ist\/wp-content\/uploads\/2023\/05\/duzenlenen-ulusal-cocuk-resi\u0307m-yarismasinin-kazananlari-belli-oldu-01.jpg 550w, https:\/\/www.enerjigazetesi.ist\/wp-content\/uploads\/2023\/05\/duzenlenen-ulusal-cocuk-resi\u0307m-yarismasinin-kazananlari-belli-oldu-01-300x178.jpg 300w, https:\/\/www.enerjigazetesi.ist\/wp-content\/uploads\/2023\/05\/duzenlenen-ulusal-cocuk-resi\u0307m-yarismasinin-kazananlari-belli-oldu-01-500x297.jpg 500w, https:\/\/www.enerjigazetesi.ist\/wp-content\/uploads\/2023\/05\/duzenlenen-ulusal-cocuk-resi\u0307m-yarismasinin-kazananlari-belli-oldu-01-80x48.jpg 80w\" sizes=\"(max-width: 500px) 100vw, 500px\" \/><\/p>\n<p style=\"text-align: center;\"><img loading=\"lazy\" class=\"aligncenter wp-image-175021\" src=\"https:\/\/www.enerjigazetesi.ist\/wp-content\/uploads\/2023\/05\/duzenlenen-ulusal-cocuk-resi\u0307m-yarismasinin-kazananlari-belli-oldu-02.jpg\" alt=\"\" width=\"500\" height=\"295\" srcset=\"https:\/\/www.enerjigazetesi.ist\/wp-content\/uploads\/2023\/05\/duzenlenen-ulusal-cocuk-resi\u0307m-yarismasinin-kazananlari-belli-oldu-02.jpg 550w, https:\/\/www.enerjigazetesi.ist\/wp-content\/uploads\/2023\/05\/duzenlenen-ulusal-cocuk-resi\u0307m-yarismasinin-kazananlari-belli-oldu-02-300x177.jpg 300w, https:\/\/www.enerjigazetesi.ist\/wp-content\/uploads\/2023\/05\/duzenlenen-ulusal-cocuk-resi\u0307m-yarismasinin-kazananlari-belli-oldu-02-500x295.jpg 500w, https:\/\/www.enerjigazetesi.ist\/wp-content\/uploads\/2023\/05\/duzenlenen-ulusal-cocuk-resi\u0307m-yarismasinin-kazananlari-belli-oldu-02-80x47.jpg 80w\" sizes=\"(max-width: 500px) 100vw, 500px\" \/><\/p>\n<p>\u00c7evrimi\u00e7i olarak d\u00fczenlenen yar\u0131\u015fmaya, <strong>Mersin, \u0130stanbul, Ankara, Bursa, \u0130zmir, Antalya, Adana, Manisa, Gaziantep, Konya\u2019n\u0131n da<\/strong> aralar\u0131nda bulundu\u011fu T\u00fcrkiye&#8217;nin d\u00f6rt bir yan\u0131ndaki kentlerden 100&#8217;den fazla \u00e7ocuk kat\u0131ld\u0131. <em>AKKUYU N\u00dcKLEER A.\u015e. \u00dcretim ve \u0130n\u015faat Organizasyon Direkt\u00f6r\u00fc Denis Sezemin, AKKUYU N\u00dcKLEER A.\u015e Genel M\u00fcd\u00fcr Bas\u0131n Sekreteri ve \u0130leti\u015fim Direkt\u00f6r\u00fc Vasiliy Korelsky, AKKUYU N\u00dcKLEER A.\u015e Hukuk M\u00fc\u015faviri Naila Atmaca, AKKUYU N\u00dcKLEER A.\u015e Sat\u0131\u015f Ba\u015f Uzman\u0131 Fedora Dushkova ve T\u00fcrkiye N\u00fckleer Sanayi Derne\u011fi Y\u00f6netim Kurulu \u00dcyesi Nesrin Sevimli\u2019den<\/em> olu\u015fan j\u00fcri \u00fcyeleri, kat\u0131l\u0131mc\u0131lar\u0131n \u00e7al\u0131\u015fmalar\u0131n\u0131 <strong>teknik, \u00f6zg\u00fcnl\u00fck<\/strong> ve <strong>yar\u0131\u015fma temas\u0131na uygunluk<\/strong> a\u00e7\u0131lar\u0131ndan de\u011ferlendirdi.<\/p>\n<p>Yar\u0131\u015fman\u0131n sonu\u00e7lar\u0131na ili\u015fkin konu\u015fan AKKUYU N\u00dcKLEER A.\u015e Genel M\u00fcd\u00fcr\u00fc Anastasia Zoteeva \u015funlar\u0131 s\u00f6yledi: <em>&#8220;J\u00fcri, \u00e7ok say\u0131da parlak ve orijinal eser aras\u0131ndan en iyisini se\u00e7mekte zorland\u0131. Her bir yar\u0131\u015fmac\u0131ya aktif, yarat\u0131c\u0131 ve yaratmaya istekli olduklar\u0131 i\u00e7in \u00e7ok te\u015fekk\u00fcr ediyoruz! \u00c7ocuklar bu konuda te\u015fvik edilmelidir. Yar\u0131\u015fmam\u0131z art\u0131k bir gelenek haline geldi ve her y\u0131l kat\u0131l\u0131mc\u0131 co\u011frafyas\u0131n\u0131n geni\u015fledi\u011fi, \u00e7ocuklar taraf\u0131ndan g\u00f6sterilen ilginin artt\u0131\u011f\u0131n\u0131 g\u00f6zlemliyoruz. Kazananlar\u0131n, T\u00fcrkiye i\u00e7in \u00f6zel bir bayram olan <strong>19 May\u0131s Atat\u00fcrk&#8217;\u00fc Anma, Gen\u00e7lik ve Spor Bayram\u0131\u2019nda<\/strong> a\u00e7\u0131klanmas\u0131 <strong>sembolik bir anlam<\/strong> ta\u015f\u0131yor. T\u00fcrkiye Cumhuriyeti\u2019nin kurucusu<strong> Mustafa Kemal Atat\u00fcrk<\/strong>, yeni kurulan <strong>cumhuriyetin kalk\u0131nmas\u0131<\/strong> ve <strong>refah\u0131<\/strong> i\u00e7in umutlar\u0131n\u0131 gen\u00e7 nesle ba\u011flam\u0131\u015ft\u0131. N\u00fckleer enerji, T\u00fcrkiye ekonomisi i\u00e7in yaln\u0131zca yeni bir y\u00fcksek teknoloji kullanan end\u00fcstri ve b\u00fcy\u00fck miktarda elektri\u011fin g\u00fcvenilir ve temiz bir kayna\u011f\u0131 de\u011fil, ayn\u0131 zamanda gelecek nesillerin geli\u015fimi i\u00e7in de b\u00fcy\u00fck bir f\u0131rsat. <strong>AKKUYU N\u00dcKLEER A.\u015e,<\/strong> <strong>\u00e7e\u015fitli yar\u0131\u015fmalar ve e\u011fitim, bilin\u00e7lendirme ve sosyal giri\u015fimler<\/strong> yoluyla T\u00fcrkiye&#8217;deki gen\u00e7leri desteklemeye devam edecektir.\u201d\u00a0<\/em><\/p>\n<p>Resim yar\u0131\u015fmas\u0131n\u0131n kategorilere g\u00f6re kazananlar\u0131 <span style=\"text-decoration: underline;\">\u015f\u00f6yle:<\/span><\/p>\n<h3><strong>\u201cAtomik S\u00fcper Kahraman\u201d adayl\u0131\u011f\u0131<\/strong><\/h3>\n<p>6-10 ya\u015f kategorisi: birincilik &#8211; Karin Berra Karag\u00f6z, ikincilik &#8211; Yasmina Strizhova, \u00fc\u00e7\u00fcnc\u00fcl\u00fck &#8211; Varvara Kudryashova.<\/p>\n<p>11-16 ya\u015f kategorisi: birincilik &#8211; Cansu Ko\u00e7ak, ikincilik &#8211; Alvina Strizhova, \u00fc\u00e7\u00fcnc\u00fcl\u00fck &#8211; Eyl\u00fcl \u00c7elikk\u0131ran.<\/p>\n<h3><strong>\u201cD\u00fcnyay\u0131 De\u011fi\u015ftiren Enerji&#8221; adayl\u0131\u011f\u0131<\/strong><\/h3>\n<p>6-10 ya\u015f kategorisi: birincilik &#8211; Yarina Myakisheva, ikincilik &#8211; Varvara Khromikh, \u00fc\u00e7\u00fcnc\u00fcl\u00fck &#8211; Safiye Cesur.<\/p>\n<p>11-16 ya\u015f kategorisi: birincilik &#8211; Misha Martynova, ikincilik &#8211; Anastasia Derbenyova, \u00fc\u00e7\u00fcnc\u00fcl\u00fck &#8211; Ivan Korchmarik.<\/p>\n<h3><strong>&#8220;Enerjik Y\u00fcz\u00fcnc\u00fc Y\u0131l&#8221; adayl\u0131\u011f\u0131 (video klip).<\/strong><\/h3>\n<p>Birincilik &#8211; Mikhail Konakov, ikincilik &#8211; Varvara Khromykh, \u00fc\u00e7\u00fcnc\u00fcl\u00fck &#8211; Okay Ceylan.<\/p>\n<p>Kategorilerin kazananlar\u0131na AKKUYU N\u00dcKLEER taraf\u0131ndan hat\u0131ra olarak \u00e7e\u015fitli hediyeler verilecek.<\/p>","protected":false},"excerpt":{"rendered":"<p>Sorry, this entry is only available in Turkish. For the sake of viewer convenience, the content is shown below in the alternative language. You may click the link to switch the active language. AKKUYU N\u00dcKLEER A.\u015e taraf\u0131ndan 6-16 ya\u015f aras\u0131 \u00e7ocuklara y\u00f6nelik olarak d\u00fczenlenen Ulusal \u00c7ocuk Resim Yar\u0131\u015fmas\u0131\u2019n\u0131n kazananlar\u0131 belli oldu. \u00c7evrimi\u00e7i olarak d\u00fczenlenen yar\u0131\u015fmaya, [&hellip;]<\/p>\n","protected":false},"author":1,"featured_media":175022,"comment_status":"open","ping_status":"open","sticky":false,"template":"","format":"standard","meta":[],"categories":[53,43],"tags":[20867,19356,49294,105801],"views":67,"_links":{"self":[{"href":"https:\/\/www.enerjigazetesi.ist\/en\/wp-json\/wp\/v2\/posts\/175019"}],"collection":[{"href":"https:\/\/www.enerjigazetesi.ist\/en\/wp-json\/wp\/v2\/posts"}],"about":[{"href":"https:\/\/www.enerjigazetesi.ist\/en\/wp-json\/wp\/v2\/types\/post"}],"author":[{"embeddable":true,"href":"https:\/\/www.enerjigazetesi.ist\/en\/wp-json\/wp\/v2\/users\/1"}],"replies":[{"embeddable":true,"href":"https:\/\/www.enerjigazetesi.ist\/en\/wp-json\/wp\/v2\/comments?post=175019"}],"version-history":[{"count":0,"href":"https:\/\/www.enerjigazetesi.ist\/en\/wp-json\/wp\/v2\/posts\/175019\/revisions"}],"wp:featuredmedia":[{"embeddable":true,"href":"https:\/\/www.enerjigazetesi.ist\/en\/wp-json\/wp\/v2\/media\/175022"}],"wp:attachment":[{"href":"https:\/\/www.enerjigazetesi.ist\/en\/wp-json\/wp\/v2\/media?parent=175019"}],"wp:term":[{"taxonomy":"category","embeddable":true,"href":"https:\/\/www.enerjigazetesi.ist\/en\/wp-json\/wp\/v2\/categories?post=175019"},{"taxonomy":"post_tag","embeddable":true,"href":"https:\/\/www.enerjigazetesi.ist\/en\/wp-json\/wp\/v2\/tags?post=175019"}],"curies":[{"name":"wp","href":"https:\/\/api.w.org\/{rel}","templated":true}]}}