{"id":174999,"date":"2023-05-19T10:58:04","date_gmt":"2023-05-19T07:58:04","guid":{"rendered":"https:\/\/www.enerjigazetesi.ist\/?p=174999"},"modified":"2023-05-19T10:59:11","modified_gmt":"2023-05-19T07:59:11","slug":"pratik-onlemlerle-elektrik-faturasinda-tasarruf-saglamak-mumkun","status":"publish","type":"post","link":"https:\/\/www.enerjigazetesi.ist\/en\/pratik-onlemlerle-elektrik-faturasinda-tasarruf-saglamak-mumkun\/","title":{"rendered":"(Turkish) Pratik \u00d6nlemlerle Elektrik Faturas\u0131nda Tasarruf Sa\u011flamak M\u00fcmk\u00fcn"},"content":{"rendered":"<p class=\"qtranxs-available-languages-message qtranxs-available-languages-message-en\">Sorry, this entry is only available in <a href=\"https:\/\/www.enerjigazetesi.ist\/tr\/wp-json\/wp\/v2\/posts\/174999\" class=\"qtranxs-available-language-link qtranxs-available-language-link-tr\" title=\"Turkish\">Turkish<\/a>. For the sake of viewer convenience, the content is shown below in the alternative language. You may click the link to switch the active language.<\/p><p><\/p>\n<h2>Haziran ay\u0131yla birlikte klimalar da hayat\u0131n merkezinde yer almaya ba\u015fl\u0131yor. Havalar\u0131n \u0131s\u0131nmas\u0131yla dondurucular, buzdolaplar\u0131 gibi cihazlar kendi i\u00e7 s\u0131cakl\u0131\u011f\u0131n\u0131n d\u00fc\u015fmemesi ve ortam s\u0131cakl\u0131\u011f\u0131na uyum sa\u011flamak i\u00e7in daha \u00e7ok \u00e7al\u0131\u015f\u0131yor. Elektrik faturalar\u0131nda bir art\u0131\u015fla kar\u015f\u0131la\u015fmak istemeyen vatanda\u015flar nas\u0131l tasarruf yapabileceklerini ara\u015ft\u0131r\u0131yor. Kar\u015f\u0131la\u015ft\u0131rma sitesi\u00a0<a href=\"https:\/\/www.encazip.com\" target=\"_blank\" rel=\"noopener\">encazip.com<\/a>\u2019un ara\u015ft\u0131rmas\u0131na g\u00f6re, pratik \u00f6nlemlerle faturan\u0131zda ayda 746 TL\u2019ye varan tasarruf sa\u011flayabilirsiniz.<\/h2>\n<p>&nbsp;<\/p>\n<h3><strong>G\u00fcnde alt\u0131 saatlik klima kullan\u0131m\u0131 ayl\u0131k faturaya 102 TL olarak yans\u0131yor<\/strong><\/h3>\n<p>Yaz aylar\u0131n\u0131n en \u00e7ok kullan\u0131lan aletlerinden biri klimalar. Alt\u0131 saatlik klima kullan\u0131m\u0131 ayl\u0131k faturaya <img loading=\"lazy\" class=\"alignright wp-image-175006\" src=\"https:\/\/www.enerjigazetesi.ist\/wp-content\/uploads\/2023\/05\/pratik-onlemlerle-elektrik-faturasinda-tasarruf-saglamak-1.jpeg\" alt=\"\" width=\"320\" height=\"210\" srcset=\"https:\/\/www.enerjigazetesi.ist\/wp-content\/uploads\/2023\/05\/pratik-onlemlerle-elektrik-faturasinda-tasarruf-saglamak-1.jpeg 562w, https:\/\/www.enerjigazetesi.ist\/wp-content\/uploads\/2023\/05\/pratik-onlemlerle-elektrik-faturasinda-tasarruf-saglamak-1-300x197.jpeg 300w, https:\/\/www.enerjigazetesi.ist\/wp-content\/uploads\/2023\/05\/pratik-onlemlerle-elektrik-faturasinda-tasarruf-saglamak-1-500x328.jpeg 500w, https:\/\/www.enerjigazetesi.ist\/wp-content\/uploads\/2023\/05\/pratik-onlemlerle-elektrik-faturasinda-tasarruf-saglamak-1-76x50.jpeg 76w\" sizes=\"(max-width: 320px) 100vw, 320px\" \/>ortalama 102 TL olarak yans\u0131yor. Klima elektrik t\u00fcketimini azaltmak i\u00e7in\u00a0klima derecesini d\u00fc\u015f\u00fck tutarak \u00e7al\u0131\u015ft\u0131rabilir, vantilat\u00f6r sayesinde so\u011fuk havan\u0131n yay\u0131lmas\u0131n\u0131 sa\u011flayabilirsiniz. Odada klima \u00e7al\u0131\u015f\u0131rken pencereleri kapal\u0131 tutmakta da yarar var. Klima bak\u0131m\u0131n\u0131 yapt\u0131rmak da \u00f6nemli.\u00a0Bu gibi \u00f6nlemlerle 18000 BTU bir klimay\u0131 g\u00fcnde alt\u0131 saat de\u011fil de g\u00fcnde \u00fc\u00e7 saat \u00e7al\u0131\u015ft\u0131r\u0131rsan\u0131z, ayl\u0131k faturan\u0131zda 51 TL\u2019ye kadar tasarruf sa\u011flayabilirsiniz. Ayr\u0131ca hava nemliyken hissedilen s\u0131cakl\u0131k da y\u00fcksek oluyor. Kliman\u0131z\u0131 nem alma modunda \u00e7al\u0131\u015ft\u0131r\u0131rsan\u0131z hem hissedilen s\u0131cakl\u0131k azalacakt\u0131r hem de nem alma modu, so\u011futma modundan daha az elektrik t\u00fcketti\u011fi i\u00e7in tasarruf sa\u011flayabilirsiniz.<\/p>\n<h3><strong>Enerji tasarruflu sekiz ampul\u00fcn faturadaki kar\u015f\u0131l\u0131\u011f\u0131 ayl\u0131k 26 TL<\/strong><\/h3>\n<p>Yaz aylar\u0131nda havalar\u0131n ge\u00e7 kararmas\u0131yla birlikte ayd\u0131nlatma ihtiyac\u0131 da azal\u0131yor. Bu durumdan faydalanarak da elektrik faturan\u0131za olumlu bir katk\u0131 yapabilirsiniz. Hava kararken perdeleri a\u00e7arak \u0131\u015f\u0131\u011f\u0131 odaya alman\u0131z daha ge\u00e7 ayd\u0131nlatmay\u0131 kullanman\u0131z\u0131 sa\u011flayabilir. \u00d6rne\u011fin, ak\u015famlar\u0131 sekiz ampul yerine 4.5 saat boyunca enerji tasarruflu d\u00f6rt ampul kullan\u0131rsan\u0131z bu faturan\u0131za ayda 13 TL olarak yans\u0131r. Bu \u00f6nlemlerle yar\u0131 yar\u0131ya ayd\u0131nlatma tasarrufu sa\u011flayabilirsiniz.<\/p>\n<h3><strong>\u015earj i\u00e7in ta\u015f\u0131nabilir g\u00fcne\u015f panelleri kullanabilirsiniz<\/strong><\/h3>\n<p>Diz\u00fcst\u00fc bilgisayar\u0131n sekiz saatlik elektrik maliyeti faturalara 50 TL olarak yans\u0131yor. Hem tasarruf sa\u011flamak hem do\u011faya katk\u0131da bulunmak isterseniz laptop, cep telefonu gibi aletleri \u015farj etmek i\u00e7in ta\u015f\u0131nabilir g\u00fcne\u015f panelleri kullanabilirsiniz. Ayr\u0131ca g\u00fcnde sekiz saat yerine d\u00f6rt saat diz\u00fcst\u00fc bilgisayar kullanarak faturan\u0131zda ayda 25 TL\u2019ye kadar katk\u0131 sa\u011flaman\u0131za yard\u0131mc\u0131 olabilir.<\/p>\n<h3><strong>Mikrodalga f\u0131r\u0131n\u0131n haftada bir saatlik elektrik maliyeti 8 TL<\/strong><\/h3>\n<p>Yeme\u011fi \u0131s\u0131tmak i\u00e7in f\u0131r\u0131n\u0131 \u00e7al\u0131\u015ft\u0131rmak yerine mikrodalga f\u0131r\u0131n kullanabilirsiniz. \u00c7\u00fcnk\u00fc f\u0131r\u0131n hem daha uzun s\u00fcre \u00e7al\u0131\u015f\u0131r hem de bulundu\u011fu ortam\u0131 \u0131s\u0131t\u0131r. Mikrodalga f\u0131r\u0131n\u0131n bir saatlik elektrik maliyeti faturaya 8 TL olarak yans\u0131yor, her hafta bir saat kullan\u0131ld\u0131\u011f\u0131 d\u00fc\u015f\u00fcn\u00fcl\u00fcrse ayda 32 TL olarak faturaya yans\u0131r. Elektrikli oca\u011f\u0131n g\u00fcnde bir saatlik elektrik maliyeti ise faturalara ayl\u0131k ortalama 466 TL olarak ekleniyor. Bu nedenle k\u0131sa s\u00fcreli i\u015fler i\u00e7in mikrodalga f\u0131r\u0131n\u0131 kullanmak daha karl\u0131. Mikrodalga f\u0131r\u0131nda kendi porsiyonunuz kadar\u0131n\u0131 2-3 dakika gibi k\u0131sa s\u00fcrede \u0131s\u0131tabilir,\u00a0<strong>enerji tasarrufu<\/strong>\u00a0sa\u011flayabilirsiniz. Bu \u00f6nlemlerin faturaya ayl\u0131k katk\u0131s\u0131 ise 434 TL\u2019yi bulabiliyor.<\/p>\n<h3><strong>\u00c7ama\u015f\u0131r kurutma makinesini ayda 18 saat kullan\u0131ld\u0131\u011f\u0131nda elektrik maliyeti 70 TL<\/strong><\/h3>\n<p>\u00c7ama\u015f\u0131r kurutma makinesinin ayda sadece iki saat kullan\u0131m\u0131nda elektrik t\u00fcketimi faturalara 70 TL olarak yans\u0131yor. \u00c7ama\u015f\u0131rlar\u0131 yaz aylar\u0131nda do\u011fal kurumaya b\u0131rakmak faturadan\u00a0<strong>tasarruf<\/strong>\u00a0etmenizi sa\u011flar. Haftada \u00fc\u00e7 kez \u00e7ama\u015f\u0131r y\u0131karsan\u0131z kurutma makinesini kullanmad\u0131\u011f\u0131n\u0131zda ayda 70 TL tasarruf sa\u011flars\u0131n\u0131z. Bir plazma TV g\u00fcnde yedi saat \u00e7al\u0131\u015ft\u0131\u011f\u0131nda 153 TL\u2019lik elektrik kullan\u0131r. Bu nedenle kullan\u0131lmad\u0131\u011f\u0131nda TV\u2019yi kapatmakta fayda var. Plazma TV g\u00fcnde d\u00f6rt saat \u00e7al\u0131\u015ft\u0131\u011f\u0131nda 88 TL olarak faturaya yans\u0131r. Bu gibi ufak \u00f6nlemler ayda 135 TL\u2019ye kadar tasarruf etmenize katk\u0131 sa\u011flar.<\/p>\n<h3><strong>K\u00fc\u00e7\u00fck ev aletlerinden minik tasarruflar elde edebilirsiniz<\/strong><\/h3>\n<p>Bir tak\u0131m elektrikli aletlerin kullan\u0131m\u0131n\u0131 azaltarak da tasarruf sa\u011flayabilirsiniz. Bunlardan bir tanesi son d\u00f6nemde pop\u00fcler olan airfryer. Airfryer\u2019in haftada alt\u0131 saatlik elektrik t\u00fcketimi faturaya 130 TL olarak yans\u0131yor, haftal\u0131k kullan\u0131m\u0131 \u00fc\u00e7 saate d\u00fc\u015f\u00fcr\u00fcld\u00fc\u011f\u00fcnde ay sonunda faturaya 65 TL olarak yans\u0131r. Bu nedenle g\u00fcnde bir\u00e7ok kez \u00e7al\u0131\u015ft\u0131rmak yerine tam kapasite \u00e7al\u0131\u015ft\u0131rarak kullan\u0131m s\u00fcresini azaltabilirsiniz. Su \u0131s\u0131t\u0131c\u0131s\u0131n\u0131n (kettle) haftada 2,5 saatlik kullan\u0131m\u0131n\u0131n ayl\u0131k elektrik maliyeti ise 39 TL. Bu nedenle ihtiyac\u0131n\u0131z kadar suyu \u0131s\u0131tmakta fayda var. Kettle kullan\u0131m\u0131n\u0131 haftada 1 saate d\u00fc\u015f\u00fcrerek 23 TL tasarruf edebilirsiniz.<\/p>","protected":false},"excerpt":{"rendered":"<p>Sorry, this entry is only available in Turkish. For the sake of viewer convenience, the content is shown below in the alternative language. You may click the link to switch the active language. Haziran ay\u0131yla birlikte klimalar da hayat\u0131n merkezinde yer almaya ba\u015fl\u0131yor. Havalar\u0131n \u0131s\u0131nmas\u0131yla dondurucular, buzdolaplar\u0131 gibi cihazlar kendi i\u00e7 s\u0131cakl\u0131\u011f\u0131n\u0131n d\u00fc\u015fmemesi ve ortam [&hellip;]<\/p>\n","protected":false},"author":1,"featured_media":175005,"comment_status":"open","ping_status":"open","sticky":false,"template":"","format":"standard","meta":[],"categories":[51,53],"tags":[4546,1229,103,109402],"views":36,"_links":{"self":[{"href":"https:\/\/www.enerjigazetesi.ist\/en\/wp-json\/wp\/v2\/posts\/174999"}],"collection":[{"href":"https:\/\/www.enerjigazetesi.ist\/en\/wp-json\/wp\/v2\/posts"}],"about":[{"href":"https:\/\/www.enerjigazetesi.ist\/en\/wp-json\/wp\/v2\/types\/post"}],"author":[{"embeddable":true,"href":"https:\/\/www.enerjigazetesi.ist\/en\/wp-json\/wp\/v2\/users\/1"}],"replies":[{"embeddable":true,"href":"https:\/\/www.enerjigazetesi.ist\/en\/wp-json\/wp\/v2\/comments?post=174999"}],"version-history":[{"count":2,"href":"https:\/\/www.enerjigazetesi.ist\/en\/wp-json\/wp\/v2\/posts\/174999\/revisions"}],"predecessor-version":[{"id":175001,"href":"https:\/\/www.enerjigazetesi.ist\/en\/wp-json\/wp\/v2\/posts\/174999\/revisions\/175001"}],"wp:featuredmedia":[{"embeddable":true,"href":"https:\/\/www.enerjigazetesi.ist\/en\/wp-json\/wp\/v2\/media\/175005"}],"wp:attachment":[{"href":"https:\/\/www.enerjigazetesi.ist\/en\/wp-json\/wp\/v2\/media?parent=174999"}],"wp:term":[{"taxonomy":"category","embeddable":true,"href":"https:\/\/www.enerjigazetesi.ist\/en\/wp-json\/wp\/v2\/categories?post=174999"},{"taxonomy":"post_tag","embeddable":true,"href":"https:\/\/www.enerjigazetesi.ist\/en\/wp-json\/wp\/v2\/tags?post=174999"}],"curies":[{"name":"wp","href":"https:\/\/api.w.org\/{rel}","templated":true}]}}