{"id":174894,"date":"2023-05-17T12:05:38","date_gmt":"2023-05-17T09:05:38","guid":{"rendered":"https:\/\/www.enerjigazetesi.ist\/?p=174894"},"modified":"2023-05-17T12:05:53","modified_gmt":"2023-05-17T09:05:53","slug":"canakcilar-sirketler-grubundan-yesil-enerjiye-dogru-buyuk-adim","status":"publish","type":"post","link":"https:\/\/www.enerjigazetesi.ist\/en\/canakcilar-sirketler-grubundan-yesil-enerjiye-dogru-buyuk-adim\/","title":{"rendered":"(Turkish) &#8217;\u00c7anakc\u0131lar \u015eirketler Grubu&#8217;ndan Ye\u015fil Enerjiye Do\u011fru B\u00fcy\u00fck Ad\u0131m"},"content":{"rendered":"<p class=\"qtranxs-available-languages-message qtranxs-available-languages-message-en\">Sorry, this entry is only available in <a href=\"https:\/\/www.enerjigazetesi.ist\/tr\/wp-json\/wp\/v2\/posts\/174894\" class=\"qtranxs-available-language-link qtranxs-available-language-link-tr\" title=\"Turkish\">Turkish<\/a>. For the sake of viewer convenience, the content is shown below in the alternative language. You may click the link to switch the active language.<\/p><p><\/p>\n<h2><strong>\u00dclkemizin, do\u011faya en sayg\u0131l\u0131 \u015firketlerinden olan \u00c7anakc\u0131lar \u015eirketler Grubu, \u00fcretim tesislerinde \u00e7at\u0131 \u00fcst\u00fc g\u00fcne\u015f enerjisi santrali projesini hayata ge\u00e7iriyor. Enerji ihtiyac\u0131n\u0131n \u00f6nemli bir b\u00f6l\u00fcm\u00fcn\u00fc g\u00fcne\u015ften kar\u015f\u0131layacak olan \u00c7anakc\u0131lar \u015eirketler Grubu, yenilenebilir enerji kaynaklar\u0131na dayal\u0131 \u00fcretim modeli ile karbon ayak izini azaltmay\u0131 hedefliyor.<\/strong><\/h2>\n<p>B\u00fcnyesinde, faaliyet g\u00f6steren T\u00fcrkiye\u2019nin global banyo markas\u0131 Creavit ve ofis mobilyas\u0131 sekt\u00f6r\u00fcn\u00fcn \u00f6nc\u00fc markas\u0131 Doxa\u2019y\u0131 bar\u0131nd\u0131ran \u00c7anakc\u0131lar \u015eirketler Grubu, <strong>200 bin m\u00b2<\/strong>\u2019lik \u00fcretim alan\u0131yla sekt\u00f6r\u00fcnde tek lokasyonda kurulu en b\u00fcy\u00fck tesislerden birisi olan G\u00f6k\u00e7ebey ve <strong>80 bin m\u00b2<\/strong>\u2019lik Devrek tesislerinin \u00e7at\u0131s\u0131na kurulacak olan GES ile <strong>6.020.800 (kWh)<\/strong> yenilenebilir elektrik g\u00fcc\u00fcne ula\u015facak. <img loading=\"lazy\" class=\"alignright wp-image-174896\" src=\"https:\/\/www.enerjigazetesi.ist\/wp-content\/uploads\/2023\/05\/canakcilar-sirketler-grubundan-yesil-enerjiye-dogru-buyuk-adim.jpg\" alt=\"\" width=\"320\" height=\"207\" srcset=\"https:\/\/www.enerjigazetesi.ist\/wp-content\/uploads\/2023\/05\/canakcilar-sirketler-grubundan-yesil-enerjiye-dogru-buyuk-adim.jpg 550w, https:\/\/www.enerjigazetesi.ist\/wp-content\/uploads\/2023\/05\/canakcilar-sirketler-grubundan-yesil-enerjiye-dogru-buyuk-adim-300x194.jpg 300w, https:\/\/www.enerjigazetesi.ist\/wp-content\/uploads\/2023\/05\/canakcilar-sirketler-grubundan-yesil-enerjiye-dogru-buyuk-adim-500x323.jpg 500w, https:\/\/www.enerjigazetesi.ist\/wp-content\/uploads\/2023\/05\/canakcilar-sirketler-grubundan-yesil-enerjiye-dogru-buyuk-adim-77x50.jpg 77w\" sizes=\"(max-width: 320px) 100vw, 320px\" \/><strong>Ye\u015fil enerji d\u00f6n\u00fc\u015f\u00fcm\u00fc<\/strong> bug\u00fcne kadar T\u00fcrkiye&#8217;nin t\u00fcm b\u00f6lgelerinde toplam <strong>370 MW \u00fczeri g\u00fcne\u015f enerjisi santrali kurulum<\/strong> g\u00fcc\u00fcne sahip sekt\u00f6r\u00fcn\u00fcn \u00f6nc\u00fc <strong>EPC firmas\u0131 G\u00f6ktekin Enerji<\/strong> i\u015f birli\u011fiyle ger\u00e7ekle\u015ftirilecek.<\/p>\n<p>\u0130ki \u00fcretim tesislerinin \u00e7at\u0131s\u0131na kurulacak olan<strong> 10.272 adet<\/strong> g\u00fcne\u015f paneliyle <strong>1.984 hanenin ihtiyac\u0131na e\u015fde\u011fer enerji sa\u011flayacak<\/strong> olan \u00c7anakc\u0131lar \u015eirketler Grubu, yenilenebilir ve temiz enerji kaynaklar\u0131na dayal\u0131 \u00fcretimle birlikte y\u0131ll\u0131k <strong>2.829.500 kg sera gaz\u0131n\u0131n<\/strong> atmosfere kar\u0131\u015fmas\u0131n\u0131 engelleyerek <strong>134.738 a\u011fac\u0131n<\/strong> y\u0131lda yapt\u0131\u011f\u0131 <strong>CO2 absorbe edici i\u015flemin e\u015fde\u011ferini<\/strong> <strong>sa\u011flam\u0131\u015f<\/strong> olacak.<\/p>\n<p><strong>\u00c7anakc\u0131lar \u015eirketler Grubu&#8217;nun<\/strong> ye\u015fil enerji kullan\u0131m\u0131na y\u00f6nelik yat\u0131r\u0131mlar\u0131 ile g\u00fcc\u00fcn\u00fc ye\u015fil enerjiden kar\u015f\u0131layacak <strong>Creavit<\/strong> ve <strong>Doxa markalar\u0131<\/strong> kendi sekt\u00f6rlerinde d\u00fcnyan\u0131n \u00f6nemli \u00e7evre dostu \u00fcreticileri haline gelecek.<\/p>\n<p>\u00c7anakc\u0131lar Yap\u0131 Malzemeleri A.\u015e. Y\u00f6netim Kurulu Ba\u015fkan\u0131 Sezai \u00c7anakc\u0131, <em>\u201cUzun y\u0131llard\u0131r \u00e7al\u0131\u015fmalar\u0131m\u0131z\u0131 s\u00fcrd\u00fcr\u00fclebilirlik ekseninde geli\u015ftiriyor, d\u00fcnyan\u0131n 65\u2019i a\u015fk\u0131n \u00fclkesindeki t\u00fcketicilerimizi suyun k\u0131ymetini bilen, \u00e7evre dostu ve gezegenimizi koruyacak \u00fcr\u00fcnlerle bulu\u015fturmaya gayret ediyoruz.<\/em><\/p>\n<p><em><strong>G\u00fcne\u015f enerjisi projemizi<\/strong> hayata ge\u00e7irmeden evvel bile sekt\u00f6r\u00fcm\u00fczde, Creavit markam\u0131z\u0131n \u00fcretiminde Avrupa ortalamas\u0131n\u0131n alt\u0131nda bir karbon sal\u0131n\u0131m\u0131na sahibiz, bununla birlikte \u00fcretimde ortaya \u00e7\u0131kan <strong>at\u0131k \u0131s\u0131y\u0131 enerjiye d\u00f6n\u00fc\u015ft\u00fcrerek<\/strong> tekrar \u00fcretime dahil ediyoruz. Bu y\u00f6n\u00fcm\u00fczle T\u00fcrkiye\u2019de ilk markay\u0131z. Ayr\u0131ca,<strong> Doxa<\/strong> markam\u0131z ile ba\u015flatt\u0131\u011f\u0131m\u0131z<strong> Doxa ormanlar\u0131 projemiz<\/strong> ile <strong>ye\u015fil bir d\u00fcnya yaratma prensibiyle<\/strong> hareket ediyoruz.<\/em><\/p>\n<p><em><strong>S\u00fcrd\u00fcr\u00fclebilirlik<\/strong> g\u00fcn\u00fcm\u00fczde hem \u00fcretim yapan i\u015fletmeler hem de her bir birey i\u00e7in art\u0131k bir zorunluluk haline geldi. \u00a0Sadece kar elde etmek i\u00e7in de\u011fil, ayn\u0131 zamanda toplumsal ve \u00e7evresel fayda sa\u011flamak i\u00e7in de \u00f6nemli. Umar\u0131m, sekt\u00f6r\u00fcm\u00fczdeki markalar\u0131m\u0131z ba\u015fta olmak \u00fczere t\u00fcm markalar\u0131m\u0131z bu alana yat\u0131r\u0131m yapar ve hep birlikte daha iyi bir gelecek yaratabiliriz. \u00a0<\/em><\/p>\n<p><em>Gezegenimizin k\u0131s\u0131tlar\u0131n\u0131 kaynaklar\u0131n\u0131 m\u00fcmk\u00fcn oldu\u011funca verimli kullanarak gelecek nesillere ya\u015fanabilir bir d\u00fcnya b\u0131rakmak en b\u00fcy\u00fck temennimiz.\u201d<\/em><\/p>","protected":false},"excerpt":{"rendered":"<p>Sorry, this entry is only available in Turkish. For the sake of viewer convenience, the content is shown below in the alternative language. You may click the link to switch the active language. \u00dclkemizin, do\u011faya en sayg\u0131l\u0131 \u015firketlerinden olan \u00c7anakc\u0131lar \u015eirketler Grubu, \u00fcretim tesislerinde \u00e7at\u0131 \u00fcst\u00fc g\u00fcne\u015f enerjisi santrali projesini hayata ge\u00e7iriyor. Enerji ihtiyac\u0131n\u0131n \u00f6nemli [&hellip;]<\/p>\n","protected":false},"author":1,"featured_media":174896,"comment_status":"open","ping_status":"open","sticky":false,"template":"","format":"standard","meta":[],"categories":[53,49],"tags":[109384,45404,7604,67678],"views":67,"_links":{"self":[{"href":"https:\/\/www.enerjigazetesi.ist\/en\/wp-json\/wp\/v2\/posts\/174894"}],"collection":[{"href":"https:\/\/www.enerjigazetesi.ist\/en\/wp-json\/wp\/v2\/posts"}],"about":[{"href":"https:\/\/www.enerjigazetesi.ist\/en\/wp-json\/wp\/v2\/types\/post"}],"author":[{"embeddable":true,"href":"https:\/\/www.enerjigazetesi.ist\/en\/wp-json\/wp\/v2\/users\/1"}],"replies":[{"embeddable":true,"href":"https:\/\/www.enerjigazetesi.ist\/en\/wp-json\/wp\/v2\/comments?post=174894"}],"version-history":[{"count":0,"href":"https:\/\/www.enerjigazetesi.ist\/en\/wp-json\/wp\/v2\/posts\/174894\/revisions"}],"wp:featuredmedia":[{"embeddable":true,"href":"https:\/\/www.enerjigazetesi.ist\/en\/wp-json\/wp\/v2\/media\/174896"}],"wp:attachment":[{"href":"https:\/\/www.enerjigazetesi.ist\/en\/wp-json\/wp\/v2\/media?parent=174894"}],"wp:term":[{"taxonomy":"category","embeddable":true,"href":"https:\/\/www.enerjigazetesi.ist\/en\/wp-json\/wp\/v2\/categories?post=174894"},{"taxonomy":"post_tag","embeddable":true,"href":"https:\/\/www.enerjigazetesi.ist\/en\/wp-json\/wp\/v2\/tags?post=174894"}],"curies":[{"name":"wp","href":"https:\/\/api.w.org\/{rel}","templated":true}]}}