{"id":17484,"date":"2013-11-11T18:16:27","date_gmt":"2013-11-11T15:16:27","guid":{"rendered":"https:\/\/www.enerjigazetesi.ist\/?p=17484"},"modified":"2013-11-11T18:16:27","modified_gmt":"2013-11-11T15:16:27","slug":"irak-halkinin-refahi-icin-irak-petrol-ve-dogalgazinin-satilmasi-lazim","status":"publish","type":"post","link":"https:\/\/www.enerjigazetesi.ist\/en\/irak-halkinin-refahi-icin-irak-petrol-ve-dogalgazinin-satilmasi-lazim\/","title":{"rendered":"(Turkish) \u201cIrak Halk\u0131n\u0131n Refah\u0131 \u0130\u00e7in Irak Petrol ve Do\u011falgaz\u0131n\u0131n Sat\u0131lmas\u0131 Laz\u0131m\u201d"},"content":{"rendered":"<p class=\"qtranxs-available-languages-message qtranxs-available-languages-message-en\">Sorry, this entry is only available in <a href=\"https:\/\/www.enerjigazetesi.ist\/tr\/wp-json\/wp\/v2\/posts\/17484\" class=\"qtranxs-available-language-link qtranxs-available-language-link-tr\" title=\"Turkish\">Turkish<\/a>. For the sake of viewer convenience, the content is shown below in the alternative language. You may click the link to switch the active language.<\/p><p><strong>B\u00fcy\u00fckel\u00e7i Mithat Rende, Irak petrol ve gaz\u0131n\u0131n T\u00fcrkiye\u2019ye ula\u015fmas\u0131 projesi hakk\u0131nda, \u201cYerin alt\u0131nda kalan petrol ve do\u011falgazdan kimseye hay\u0131r gelmez. Irak halk\u0131n\u0131n refah\u0131 i\u00e7in bunun sat\u0131lmas\u0131 laz\u0131m\u201d dedi.<\/strong><\/p>\n<p>D\u0131\u015fi\u015fleri Bakanl\u0131\u011f\u0131\u2019ndaki Enerji ve \u00c7evreden Sorumlu Genel M\u00fcd\u00fcr g\u00f6revinden Paris\u2019te OECD B\u00fcy\u00fckel\u00e7isi g\u00f6revine getirilen B\u00fcy\u00fckel\u00e7i Mithat Rende, enerji politikalar\u0131n\u0131n arkas\u0131ndaki beyinlerden biri. Kuzey Irak, \u0130srail gibi yeni do\u011falgaz ve petrol projelerini konu\u015ftu\u011fumuz Rende, \u201cHidrokarbon a\u00e7\u0131s\u0131ndan d\u0131\u015fa \u00e7ok ba\u011f\u0131ml\u0131y\u0131z. Irak\u2019\u0131n do\u011falgaz ve petrol\u00fcn\u00fcn T\u00fcrkiye\u2019ye ula\u015fmas\u0131, ki bu en ucuz do\u011falgaz ve petrol say\u0131l\u0131yor, hem kaynak \u00e7e\u015fitlendirme a\u00e7\u0131s\u0131ndan \u00e7ok b\u00fcy\u00fck katk\u0131 sa\u011flar, hem de s\u0131n\u0131r\u0131m\u0131z\u0131n \u00f6tesinden bize gaz ula\u015fmas\u0131 b\u00fcy\u00fck avantaj yarat\u0131r. Bu kaynaklar T\u00fcrkiye pazar\u0131na ula\u015facak. Kaynak \u00e7e\u015fitlendirmesi, hem fiyatlar\u0131, hem di\u011fer \u00fclkelerle yeni kontratlarda yapaca\u011f\u0131m\u0131z pazarl\u0131k g\u00fcc\u00fcn\u00fc art\u0131r\u0131r\u201d dedi.<\/p>\n<h2>24 saatin sadece 8 saati el<a href=\"https:\/\/www.enerjigazetesi.ist\/wp-content\/uploads\/2013\/05\/turkiye-kuzey-irak-enerji-petrol-dogalgaz-isbirligi.jpg\"><img loading=\"lazy\" class=\"alignleft size-medium wp-image-11148\" title=\"-irak-enerji-petrol-dogalgaz\" src=\"https:\/\/www.enerjigazetesi.ist\/wp-content\/uploads\/2013\/05\/turkiye-kuzey-irak-enerji-petrol-dogalgaz-isbirligi-300x181.jpg\" alt=\"\" width=\"300\" height=\"181\" srcset=\"https:\/\/www.enerjigazetesi.ist\/wp-content\/uploads\/2013\/05\/turkiye-kuzey-irak-enerji-petrol-dogalgaz-isbirligi-300x181.jpg 300w, https:\/\/www.enerjigazetesi.ist\/wp-content\/uploads\/2013\/05\/turkiye-kuzey-irak-enerji-petrol-dogalgaz-isbirligi-80x48.jpg 80w, https:\/\/www.enerjigazetesi.ist\/wp-content\/uploads\/2013\/05\/turkiye-kuzey-irak-enerji-petrol-dogalgaz-isbirligi.jpg 480w\" sizes=\"(max-width: 300px) 100vw, 300px\" \/><\/a>ektrik<\/h2>\n<p>B\u00fcy\u00fckel\u00e7i Rende, \u015f\u00f6yle konu\u015ftu: \u201cIrak halk\u0131n\u0131n refah\u0131 i\u00e7in bu petrol ve gaz\u0131n \u00e7\u0131kart\u0131l\u0131p, pazarlara ula\u015ft\u0131r\u0131lmas\u0131 gerekir. Dilerim bir an evvel Irak\u2019\u0131n petrol ve gaz kaynaklar\u0131 pazara ula\u015fs\u0131n ve kuzeyiyle g\u00fcneyiyle t\u00fcm Irakl\u0131lar istifade etsin. Bu kadar petrol ve do\u011falgaz zengini bir \u00fclkenin halk\u0131, 24 saatin sadece 8 saati elektrik alabiliyor.\u201d Do\u011fu Akdeniz\u2019den Ceyhan\u2019a yeni bir do\u011falgaz hatt\u0131 konusunda ise Rende, \u201cDo\u011fu Akdeniz\u2019de gaz\u0131n pazara tek ula\u015f\u0131m yeri de en iyi pazar da T\u00fcrkiye\u2019dir. Umar\u0131m, \u00f6zel sekt\u00f6r\u00fcn yarat\u0131c\u0131 g\u00fcc\u00fc ve \u00e7abalar\u0131yla sorunlar a\u015f\u0131r\u0131l\u0131r\u201d dedi.<\/p>\n<h2>T\u00fcrkiye\u2019den 7 milyon varil petrol<\/h2>\n<p>T\u00fcrk Bo\u011fazlar\u0131ndan 3 milyon varil petrol ge\u00e7ti\u011fini vurgulayan Rende, \u201cKerk\u00fck\u2019ten ileride ilave boru hatlar\u0131yla 2 milyon varil gelecek. Irak\u2019tan gelen 2 milyon varile ilave olarak, Bak\u00fc-Tiflis-Ceyhan\u2019da 1 milyon varilin \u00fcst\u00fcne \u00e7\u0131k\u0131l\u0131rsa, yakla\u015f\u0131k 7 milyon varil petrol T\u00fcrkiye \u00fczerinden d\u00fcnya pazarlar\u0131na ula\u015facak. Do\u011falgazda TANAP\u2019\u0131n ger\u00e7ekle\u015ftirilmesi \u00e7ok \u00f6nemli olacak. TANAP\u2019\u0131n ger\u00e7ekle\u015fmesini, Nabucco\u2019nun ger\u00e7ekle\u015fmesi gibi farz etmek laz\u0131m\u201d dedi.<\/p>\n<h2>Siyasi fiyat bi\u00e7ebilir<\/h2>\n<p>\u0130srail\u2019in ekonomik bir karar vermesi durumunda en mant\u0131kl\u0131 se\u00e7ene\u011fin T\u00fcrkiye oldu\u011funu kaydeden Rende, \u201cAncak siyasi \u00e7\u00f6z\u00fcm \u00fcretmek isterseniz, o zaman maliyeti sizin i\u00e7in \u00f6nemli olmaz. \u00c7\u00fcnk\u00fc ona siyasi bir fiyat bi\u00e7ersiniz. E\u011fer \u0130srail sadece siyasi nedenlerle, T\u00fcrkiye\u2019ye taahh\u00fctlerini yerine getirmemek i\u00e7in \u2018Ben LNG terminali kuraca\u011f\u0131m, onun da sonu\u00e7lar\u0131na katlanaca\u011f\u0131m\u2019 derse, o zaman o bir siyasi proje olur. Siyasi projenin de maliyeti y\u00fcksek olabilir\u201d \u015feklinde konu\u015ftu.<\/p>\n<p>Kaynak: <a href=\"http:\/\/enerjienstitusu.com\/2013\/11\/11\/irak-halkinin-refahi-icin-irak-petrol-ve-dogalgazinin-satilmasi-lazim\/\" target=\"_blank\">Enerji Enstit\u00fcs\u00fc<\/a><\/p>","protected":false},"excerpt":{"rendered":"<p>Sorry, this entry is only available in Turkish. For the sake of viewer convenience, the content is shown below in the alternative language. You may click the link to switch the active language.B\u00fcy\u00fckel\u00e7i Mithat Rende, Irak petrol ve gaz\u0131n\u0131n T\u00fcrkiye\u2019ye ula\u015fmas\u0131 projesi hakk\u0131nda, \u201cYerin alt\u0131nda kalan petrol ve do\u011falgazdan kimseye hay\u0131r gelmez. Irak halk\u0131n\u0131n refah\u0131 [&hellip;]<\/p>\n","protected":false},"author":1,"featured_media":11148,"comment_status":"open","ping_status":"open","sticky":false,"template":"","format":"standard","meta":[],"categories":[46,53,44],"tags":[4626,92,226,63,67,1009,165,945,59,79,2297],"views":537,"_links":{"self":[{"href":"https:\/\/www.enerjigazetesi.ist\/en\/wp-json\/wp\/v2\/posts\/17484"}],"collection":[{"href":"https:\/\/www.enerjigazetesi.ist\/en\/wp-json\/wp\/v2\/posts"}],"about":[{"href":"https:\/\/www.enerjigazetesi.ist\/en\/wp-json\/wp\/v2\/types\/post"}],"author":[{"embeddable":true,"href":"https:\/\/www.enerjigazetesi.ist\/en\/wp-json\/wp\/v2\/users\/1"}],"replies":[{"embeddable":true,"href":"https:\/\/www.enerjigazetesi.ist\/en\/wp-json\/wp\/v2\/comments?post=17484"}],"version-history":[{"count":1,"href":"https:\/\/www.enerjigazetesi.ist\/en\/wp-json\/wp\/v2\/posts\/17484\/revisions"}],"predecessor-version":[{"id":17485,"href":"https:\/\/www.enerjigazetesi.ist\/en\/wp-json\/wp\/v2\/posts\/17484\/revisions\/17485"}],"wp:featuredmedia":[{"embeddable":true,"href":"https:\/\/www.enerjigazetesi.ist\/en\/wp-json\/wp\/v2\/media\/11148"}],"wp:attachment":[{"href":"https:\/\/www.enerjigazetesi.ist\/en\/wp-json\/wp\/v2\/media?parent=17484"}],"wp:term":[{"taxonomy":"category","embeddable":true,"href":"https:\/\/www.enerjigazetesi.ist\/en\/wp-json\/wp\/v2\/categories?post=17484"},{"taxonomy":"post_tag","embeddable":true,"href":"https:\/\/www.enerjigazetesi.ist\/en\/wp-json\/wp\/v2\/tags?post=17484"}],"curies":[{"name":"wp","href":"https:\/\/api.w.org\/{rel}","templated":true}]}}