{"id":174747,"date":"2023-05-15T11:08:26","date_gmt":"2023-05-15T08:08:26","guid":{"rendered":"https:\/\/www.enerjigazetesi.ist\/?p=174747"},"modified":"2023-05-15T11:08:26","modified_gmt":"2023-05-15T08:08:26","slug":"sedas-aydinlatma-calismalarina-gebze-ile-devam-ediyor","status":"publish","type":"post","link":"https:\/\/www.enerjigazetesi.ist\/en\/sedas-aydinlatma-calismalarina-gebze-ile-devam-ediyor\/","title":{"rendered":"(Turkish) &#8217;SEDA\u015e&#8217; Ayd\u0131nlatma \u00c7al\u0131\u015fmalar\u0131na Gebze ile Devam Ediyor"},"content":{"rendered":"<p class=\"qtranxs-available-languages-message qtranxs-available-languages-message-en\">Sorry, this entry is only available in <a href=\"https:\/\/www.enerjigazetesi.ist\/tr\/wp-json\/wp\/v2\/posts\/174747\" class=\"qtranxs-available-language-link qtranxs-available-language-link-tr\" title=\"Turkish\">Turkish<\/a>. For the sake of viewer convenience, the content is shown below in the alternative language. You may click the link to switch the active language.<\/p><p><\/p>\n<h2><strong>SEDA\u015e, <\/strong><strong>Gebze- \u0130stanbul ge\u00e7i\u015f g\u00fczergah\u0131nda bulunan D-100 orta ref\u00fcjdeki armat\u00fcrlerin g\u00fcc\u00fcn\u00fc art\u0131ran bak\u0131m, onar\u0131m ve yenileme \u00e7al\u0131\u015fmalar\u0131na ba\u015flad\u0131.<\/strong><\/h2>\n<p>Sakarya Elektrik Da\u011f\u0131t\u0131m A.\u015e. (SEDA\u015e), <strong>20 bin kilometrekarelik<\/strong> faaliyet b\u00f6lgesindeki ayd\u0131nlatma \u00e7al\u0131\u015fmalar\u0131na Gebze ile devam ediyor. <strong>\u0130stanbul-Gebze ge\u00e7i\u015f g\u00fczergah\u0131nda<\/strong> bulunan D-100 orta <img loading=\"lazy\" class=\"alignright wp-image-174750\" src=\"https:\/\/www.enerjigazetesi.ist\/wp-content\/uploads\/2023\/05\/sedas-aydinlatma-calismalarina-gebze-ile-devam-ediyor-1.jpg\" alt=\"\" width=\"320\" height=\"214\" srcset=\"https:\/\/www.enerjigazetesi.ist\/wp-content\/uploads\/2023\/05\/sedas-aydinlatma-calismalarina-gebze-ile-devam-ediyor-1.jpg 550w, https:\/\/www.enerjigazetesi.ist\/wp-content\/uploads\/2023\/05\/sedas-aydinlatma-calismalarina-gebze-ile-devam-ediyor-1-300x200.jpg 300w, https:\/\/www.enerjigazetesi.ist\/wp-content\/uploads\/2023\/05\/sedas-aydinlatma-calismalarina-gebze-ile-devam-ediyor-1-500x334.jpg 500w, https:\/\/www.enerjigazetesi.ist\/wp-content\/uploads\/2023\/05\/sedas-aydinlatma-calismalarina-gebze-ile-devam-ediyor-1-75x50.jpg 75w, https:\/\/www.enerjigazetesi.ist\/wp-content\/uploads\/2023\/05\/sedas-aydinlatma-calismalarina-gebze-ile-devam-ediyor-1-450x300.jpg 450w\" sizes=\"(max-width: 320px) 100vw, 320px\" \/>ref\u00fcjdeki <strong>250 W<\/strong> g\u00fcc\u00fcnde olan armat\u00fcrlerin<strong> 400 W<\/strong> ile de\u011fi\u015ftirilmesini sa\u011flayan SEDA\u015e ekipleri ana arterlerin yan\u0131 s\u0131ra planlanan caddelerde de <strong>armat\u00fcr g\u00fc\u00e7 artt\u0131r\u0131m \u00e7al\u0131\u015fmalar\u0131<\/strong> ger\u00e7ekle\u015ftiriyor.<\/p>\n<p>Yakla\u015f\u0131k 5 km\u2019lik g\u00fczerg\u00e2h boyunca \u00e7al\u0131\u015fmalar\u0131n\u0131; 24 mt uzunlu\u011fundaki 6 sepetli ara\u00e7, 16 mt uzunlu\u011fundaki 4 sepetli ara\u00e7, 1 uyar\u0131 ikaz r\u00f6morku, hava kontrol deste\u011fi sa\u011flayan y\u00fcksek teknolojiye sahip 1 dron ve 30 ki\u015fiden olu\u015fan saha ekipleri ile ger\u00e7ekle\u015ftiren SEDA\u015e, mevcut armat\u00fcrlerin g\u00fcc\u00fcn\u00fc y\u00fckseltirken, <strong>muhtelif tipteki ampul<\/strong> ve <strong>balast de\u011fi\u015fimlerini de<\/strong> tamamlad\u0131. Yol ve \u00e7evre g\u00fcvenli\u011fi tedbirlerini alarak \u00e7al\u0131\u015fmalar\u0131na ba\u015flayan SEDA\u015e ekipleri, ayd\u0131nlatma seferberli\u011finde <strong>200 adet<\/strong> armat\u00fcre m\u00fcdahale ederek de\u011fi\u015fimini sa\u011flad\u0131.<\/p>\n<p>Hizmet b\u00f6lgesinde <strong>karanl\u0131k cadde ve sokak kalmamas\u0131<\/strong> i\u00e7in s\u00f6nen veya ar\u0131zalanan lamba ve armat\u00fcrlerin onar\u0131m bak\u0131m\u0131n\u0131 yapan SEDA\u015e ekipleri, <strong>gelen talep<\/strong> ve<strong> bildirimleri<\/strong> h\u0131zla de\u011ferlendirerek<strong> ekonomik \u00f6mr\u00fcn\u00fc tamamlayan armat\u00fcrleri yenileri ile de\u011fi\u015ftirmeye<\/strong> devam ediyor.<\/p>","protected":false},"excerpt":{"rendered":"<p>Sorry, this entry is only available in Turkish. For the sake of viewer convenience, the content is shown below in the alternative language. You may click the link to switch the active language. SEDA\u015e, Gebze- \u0130stanbul ge\u00e7i\u015f g\u00fczergah\u0131nda bulunan D-100 orta ref\u00fcjdeki armat\u00fcrlerin g\u00fcc\u00fcn\u00fc art\u0131ran bak\u0131m, onar\u0131m ve yenileme \u00e7al\u0131\u015fmalar\u0131na ba\u015flad\u0131. Sakarya Elektrik Da\u011f\u0131t\u0131m A.\u015e. [&hellip;]<\/p>\n","protected":false},"author":1,"featured_media":174749,"comment_status":"open","ping_status":"open","sticky":false,"template":"","format":"standard","meta":[],"categories":[51,53],"tags":[109349,4546,109348,102600,2444],"views":46,"_links":{"self":[{"href":"https:\/\/www.enerjigazetesi.ist\/en\/wp-json\/wp\/v2\/posts\/174747"}],"collection":[{"href":"https:\/\/www.enerjigazetesi.ist\/en\/wp-json\/wp\/v2\/posts"}],"about":[{"href":"https:\/\/www.enerjigazetesi.ist\/en\/wp-json\/wp\/v2\/types\/post"}],"author":[{"embeddable":true,"href":"https:\/\/www.enerjigazetesi.ist\/en\/wp-json\/wp\/v2\/users\/1"}],"replies":[{"embeddable":true,"href":"https:\/\/www.enerjigazetesi.ist\/en\/wp-json\/wp\/v2\/comments?post=174747"}],"version-history":[{"count":0,"href":"https:\/\/www.enerjigazetesi.ist\/en\/wp-json\/wp\/v2\/posts\/174747\/revisions"}],"wp:featuredmedia":[{"embeddable":true,"href":"https:\/\/www.enerjigazetesi.ist\/en\/wp-json\/wp\/v2\/media\/174749"}],"wp:attachment":[{"href":"https:\/\/www.enerjigazetesi.ist\/en\/wp-json\/wp\/v2\/media?parent=174747"}],"wp:term":[{"taxonomy":"category","embeddable":true,"href":"https:\/\/www.enerjigazetesi.ist\/en\/wp-json\/wp\/v2\/categories?post=174747"},{"taxonomy":"post_tag","embeddable":true,"href":"https:\/\/www.enerjigazetesi.ist\/en\/wp-json\/wp\/v2\/tags?post=174747"}],"curies":[{"name":"wp","href":"https:\/\/api.w.org\/{rel}","templated":true}]}}