{"id":174667,"date":"2023-05-13T11:13:16","date_gmt":"2023-05-13T08:13:16","guid":{"rendered":"https:\/\/www.enerjigazetesi.ist\/?p=174667"},"modified":"2023-05-13T11:13:16","modified_gmt":"2023-05-13T08:13:16","slug":"sisecam-tis-kamuoyu-duyurusu","status":"publish","type":"post","link":"https:\/\/www.enerjigazetesi.ist\/en\/sisecam-tis-kamuoyu-duyurusu\/","title":{"rendered":"(Turkish) \u015ei\u015fecam &#8211; T\u0130S Kamuoyu Duyurusu"},"content":{"rendered":"<p class=\"qtranxs-available-languages-message qtranxs-available-languages-message-en\">Sorry, this entry is only available in <a href=\"https:\/\/www.enerjigazetesi.ist\/tr\/wp-json\/wp\/v2\/posts\/174667\" class=\"qtranxs-available-language-link qtranxs-available-language-link-tr\" title=\"Turkish\">Turkish<\/a>. For the sake of viewer convenience, the content is shown below in the alternative language. You may click the link to switch the active language.<\/p><p>Kamuoyunun Dikkatine,<\/p>\n<p><strong>T\u00fcrkiye \u015ei\u015fe ve Cam Fabrikalar\u0131 A.\u015e.<\/strong>\u2019nin <strong>30 Aral\u0131k 2022<\/strong> tarihinden bu yana <strong>Petrol \u0130\u015f Sendikas\u0131<\/strong> ile<strong> \u015ei\u015fecam Kimyasallar Mersin Soda Krom Fabrikalar\u0131 ve Tuz \u0130\u015fletmesi i\u015fyerleri<\/strong> i\u00e7in y\u00fcr\u00fctt\u00fc\u011f\u00fc Toplu \u0130\u015f S\u00f6zle\u015fmesi (T\u0130S) g\u00f6r\u00fc\u015fmeleri <strong>11.05.2023<\/strong> tarihinde anla\u015fmayla sonu\u00e7lanm\u0131\u015ft\u0131r. Diyalo\u011fa dayal\u0131 uzla\u015f\u0131 ile tamamlanan g\u00f6r\u00fc\u015fmeler sonucunda <strong>s\u00f6zle\u015fmenin t\u00fcm maddelerinde mutab\u0131k kal\u0131narak<\/strong>, <strong>01.01.2023<\/strong> tarihinden itibaren ge\u00e7erli olacak <strong>20\u2019nci D\u00f6nem <img loading=\"lazy\" class=\"alignright wp-image-168570\" src=\"https:\/\/www.enerjigazetesi.ist\/wp-content\/uploads\/2023\/02\/1675450249_Sisecam.jpg\" alt=\"\" width=\"320\" height=\"234\" srcset=\"https:\/\/www.enerjigazetesi.ist\/wp-content\/uploads\/2023\/02\/1675450249_Sisecam.jpg 550w, https:\/\/www.enerjigazetesi.ist\/wp-content\/uploads\/2023\/02\/1675450249_Sisecam-300x220.jpg 300w, https:\/\/www.enerjigazetesi.ist\/wp-content\/uploads\/2023\/02\/1675450249_Sisecam-500x366.jpg 500w, https:\/\/www.enerjigazetesi.ist\/wp-content\/uploads\/2023\/02\/1675450249_Sisecam-68x50.jpg 68w\" sizes=\"(max-width: 320px) 100vw, 320px\" \/>T\u0130S<\/strong> ba\u011f\u0131tlanm\u0131\u015ft\u0131r. <strong>T\u0130S, \u015ei\u015fecam\u2019\u0131n<\/strong> <strong>Adana ve Mersin\u2019de<\/strong> faaliyet g\u00f6steren <strong>3 \u00fcretim tesisini<\/strong> ve <strong>557 \u00e7al\u0131\u015fan\u0131n\u0131<\/strong> kapsamaktad\u0131r.<\/p>\n<p>Global ba\u015far\u0131s\u0131n\u0131n her bir \u00e7al\u0131\u015fan\u0131n\u0131n ortaya koydu\u011fu emeklerin ve azmin toplam \u00e7\u0131kt\u0131s\u0131 oldu\u011funa inanan \u015ei\u015fecam, t\u00fcm co\u011frafyalarda operasyonlar\u0131n\u0131 insan\u0131 \u00f6nceliklendiren k\u00fclt\u00fcr\u00fcyle y\u00f6netmekte, kapsay\u0131c\u0131 bir kalk\u0131nma yakla\u015f\u0131m\u0131 benimsemektedir. \u00c7al\u0131\u015fanlar\u0131 \u015ei\u015fecam\u2019\u0131 ileriye ta\u015f\u0131rken, \u015ei\u015fecam da onlar\u0131 ve ko\u015fullar\u0131n\u0131 geli\u015ftirecek ad\u0131mlar\u0131 her d\u00f6nemde oldu\u011fu gibi teredd\u00fcts\u00fcz atmaktad\u0131r. \u015ei\u015fecam\u2019\u0131n T\u00fcrkiye\u2019de <strong>4<\/strong>, globalde <strong>11<\/strong> olmak \u00fczere,<strong> 14<\/strong> \u00fclkede toplam <strong>15 farkl\u0131 i\u015f\u00e7i sendikas\u0131<\/strong> ile s\u00fcrd\u00fcrd\u00fc\u011f\u00fc end\u00fcstriyel ili\u015fkiler faaliyetlerinin temelinde de bu anlay\u0131\u015f bulunmaktad\u0131r.<\/p>\n<p><strong>88 y\u0131ll\u0131k k\u00f6kl\u00fc ge\u00e7mi\u015fi, \u00fcretimi, istihdam\u0131 ve ihracat\u0131<\/strong> ile \u00fclkemizin en g\u00fc\u00e7l\u00fc global temsilcilerinden biri ve d\u00fcnyan\u0131n \u00f6nde gelen<strong> cam ve kimyasallar \u00fcreticilerinden<\/strong> olan <strong>\u015ei\u015fecam<\/strong> bug\u00fcn ve gelecekte t\u00fcm \u00e7al\u0131\u015fanlar\u0131 ile birlikte de\u011fer \u00fcretmeye devam edecektir.<\/p>\n<p><strong>20\u2019nci Kimyasallar Grup Toplu \u0130\u015f S\u00f6zle\u015fmesi\u2019nin<\/strong> ba\u015fta <strong>\u00e7al\u0131\u015fanlar\u0131m\u0131z<\/strong> olmak \u00fczere<strong> t\u00fcm payda\u015flar\u0131m\u0131z<\/strong> i\u00e7in hay\u0131rl\u0131 olmas\u0131n\u0131 dileriz.<\/p>\n<p>Sayg\u0131lar\u0131m\u0131zla,<\/p>\n<p>T\u00fcrkiye \u015ei\u015fe ve Cam Fabrikalar\u0131 A.\u015e.<\/p>","protected":false},"excerpt":{"rendered":"<p>Sorry, this entry is only available in Turkish. For the sake of viewer convenience, the content is shown below in the alternative language. You may click the link to switch the active language.Kamuoyunun Dikkatine, T\u00fcrkiye \u015ei\u015fe ve Cam Fabrikalar\u0131 A.\u015e.\u2019nin 30 Aral\u0131k 2022 tarihinden bu yana Petrol \u0130\u015f Sendikas\u0131 ile \u015ei\u015fecam Kimyasallar Mersin Soda Krom [&hellip;]<\/p>\n","protected":false},"author":1,"featured_media":168570,"comment_status":"open","ping_status":"open","sticky":false,"template":"","format":"standard","meta":[],"categories":[53,52],"tags":[109326,32733,109325,66175],"views":48,"_links":{"self":[{"href":"https:\/\/www.enerjigazetesi.ist\/en\/wp-json\/wp\/v2\/posts\/174667"}],"collection":[{"href":"https:\/\/www.enerjigazetesi.ist\/en\/wp-json\/wp\/v2\/posts"}],"about":[{"href":"https:\/\/www.enerjigazetesi.ist\/en\/wp-json\/wp\/v2\/types\/post"}],"author":[{"embeddable":true,"href":"https:\/\/www.enerjigazetesi.ist\/en\/wp-json\/wp\/v2\/users\/1"}],"replies":[{"embeddable":true,"href":"https:\/\/www.enerjigazetesi.ist\/en\/wp-json\/wp\/v2\/comments?post=174667"}],"version-history":[{"count":0,"href":"https:\/\/www.enerjigazetesi.ist\/en\/wp-json\/wp\/v2\/posts\/174667\/revisions"}],"wp:featuredmedia":[{"embeddable":true,"href":"https:\/\/www.enerjigazetesi.ist\/en\/wp-json\/wp\/v2\/media\/168570"}],"wp:attachment":[{"href":"https:\/\/www.enerjigazetesi.ist\/en\/wp-json\/wp\/v2\/media?parent=174667"}],"wp:term":[{"taxonomy":"category","embeddable":true,"href":"https:\/\/www.enerjigazetesi.ist\/en\/wp-json\/wp\/v2\/categories?post=174667"},{"taxonomy":"post_tag","embeddable":true,"href":"https:\/\/www.enerjigazetesi.ist\/en\/wp-json\/wp\/v2\/tags?post=174667"}],"curies":[{"name":"wp","href":"https:\/\/api.w.org\/{rel}","templated":true}]}}